{"id":9971,"date":"2025-05-04T10:47:07","date_gmt":"2025-05-04T13:47:07","guid":{"rendered":"https:\/\/www.jotapostaok.com.ar\/?p=9971"},"modified":"2026-01-19T13:47:31","modified_gmt":"2026-01-19T13:47:31","slug":"el-eternauta-camina-entre-nosotros-la-historieta-que-dejo-de-ser-ficcion-para-formar-parte-del-paisaje-porteno","status":"publish","type":"post","link":"https:\/\/jotaposta.com.ar\/jposta\/2025\/05\/04\/el-eternauta-camina-entre-nosotros-la-historieta-que-dejo-de-ser-ficcion-para-formar-parte-del-paisaje-porteno\/","title":{"rendered":"El Eternauta camina entre nosotros: la historieta que dej\u00f3 de ser ficci\u00f3n para formar parte del paisaje porte\u00f1o"},"content":{"rendered":"\n<p class=\"wp-block-paragraph\">Hay fantasmas que no asustan, sino que acompa\u00f1an. Juan Salvo \u2014ese viajero del tiempo, ese sobreviviente de la nevada mortal\u2014 ya no vive solo en las vi\u00f1etas de <em>El Eternauta<\/em>. Lo vemos en las calles, en los murales, en las esculturas. Buenos Aires, esa ciudad que resiste como puede sus propias tormentas, le dio un lugar eterno a su h\u00e9roe de ficci\u00f3n.<\/p>\n\n\n\n<figure class=\"wp-block-image\"><img decoding=\"async\" src=\"https:\/\/resizer.glanacion.com\/resizer\/v2\/a-tres-dias-del-estreno-de-la-serie-furor-de-7X4E3YIF7VAAZGIC7Q7OPRCOVM.jpg?auth=921c0f9d9aea2d632890974d8b066fc61af680da98cc6ccf0f8ffaea5b299c75&amp;width=1200&amp;quality=70&amp;smart=false&amp;height=800\" alt=\"Los murales y esculturas art\u00edsticas que inundaron Buenos Aires tras el  estreno de El Eternauta - LA NACION\"\/><\/figure>\n\n\n\n<p class=\"wp-block-paragraph\">Sobre la Avenida de los Italianos al 800, la escultura de tama\u00f1o real lo espera firme, como esperando que algo vuelva a pasar. La figura \u2014hecha de resina epoxi, policromada y resistente\u2014 no solo homenajea a la creaci\u00f3n de H\u00e9ctor Germ\u00e1n Oesterheld y Francisco Solano L\u00f3pez, sino que resignifica ese s\u00edmbolo de lucha colectiva y resistencia que <em>El Eternauta<\/em> supo instalar en nuestro inconsciente.<\/p>\n\n\n\n<div class=\"wp-block-image\"><figure class=\"aligncenter\"><img decoding=\"async\" src=\"https:\/\/blogger.googleusercontent.com\/img\/b\/R29vZ2xl\/AVvXsEjB9ZVlFVbWBFFspZnsWsX8L0yFXRQfSC22Xc7qIdaLhiV_Loi31B_-zqPSOmprjXffUU3Ee8SvbfMDQ2QQH1U_nd7ONppQCX5p_DhXujl1UGNtY_qJT16W1Gqw_qSwsqF35Eo2\/s1600\/Eternauta.jpg\" alt=\"A Trav\u00e9s del Uniberto: El Eternauta, ahora en el Paseo de la Historieta  porte\u00f1o\"\/><\/figure><\/div>\n\n\n\n<p class=\"wp-block-paragraph\">La pieza forma parte del Paseo de la Historieta, un recorrido cultural que atraviesa los barrios de San Telmo y Monserrat. All\u00ed conviven m\u00e1s de veinte personajes de historieta argentina \u2014Mafalda, Isidoro Ca\u00f1ones, Larguirucho, Don Fulgencio\u2014, todos reproducidos a tama\u00f1o real, como si en Buenos Aires las ficciones hubieran bajado del papel para habitar el barrio.<\/p>\n\n\n\n<p class=\"wp-block-paragraph\">Pero Salvo es otra cosa. Su presencia tiene otra densidad. Como si el fr\u00edo del c\u00f3mic a\u00fan se colara por alguna hendija, lo sentimos m\u00e1s real. M\u00e1s vigente. Porque <em>El Eternauta<\/em> no fue una simple historieta: fue una advertencia, una met\u00e1fora, una forma de resistencia en tiempos de oscuridad. Fue tambi\u00e9n la obra por la que su autor, Oesterheld, se convirti\u00f3 en desaparecido durante la dictadura militar.<\/p>\n\n\n\n<figure class=\"wp-block-image\"><img decoding=\"async\" src=\"https:\/\/static.eldiario.es\/clip\/90da6e1e-6b3e-4f90-a19b-efb4ae200f7b_source-aspect-ratio_default_0.jpg\" alt=\"Todos los Eternautas, el Eternauta - elDiarioAR.com\"\/><\/figure>\n\n\n\n<p class=\"wp-block-paragraph\">La palabra <em>Eternauta<\/em> tiene m\u00e1s peso del que parece. No es un nombre al azar: adelanta lo que pasa en la historia y lo que viven sus personajes. \u201cEter\u201d viene de eterno, sin principio ni fin. \u201cNauta\u201d, del griego <em>naut\u0113s<\/em>, significa navegante. Entonces, <em>Eternauta<\/em> es el viajero de la eternidad. Alguien que atraviesa el tiempo, el dolor, la intemperie. Y eso es lo que hace Salvo: caminar por una ciudad congelada, buscando a los suyos, aferrado a la idea de que vale la pena luchar, incluso cuando todo parece perdido.<\/p>\n\n\n\n<p class=\"wp-block-paragraph\">Es por eso que tambi\u00e9n aparece en los muros del conurbano. En Glew, Rafael Calzada, Adrogu\u00e9 y Burzaco, murales de gran formato retratan escenas clave de la historieta. Hay trazos de c\u00f3mic cl\u00e1sico mezclados con arte urbano. Hay color, hay homenaje, hay memoria. Las obras fueron viralizadas en redes: vecinos posaron frente a las pinturas, emocionados, como si abrazaran una parte de s\u00ed mismos.<\/p>\n\n\n\n<figure class=\"wp-block-embed-youtube wp-block-embed is-type-video is-provider-youtube wp-embed-aspect-4-3 wp-has-aspect-ratio\"><div class=\"wp-block-embed__wrapper\">\n<iframe loading=\"lazy\" title=\"El Eternauta - Animaci\u00f3n\" width=\"500\" height=\"375\" src=\"https:\/\/www.youtube.com\/embed\/724JZ4ol5eQ?feature=oembed\" frameborder=\"0\" allow=\"accelerometer; autoplay; clipboard-write; encrypted-media; gyroscope; picture-in-picture; web-share\" referrerpolicy=\"strict-origin-when-cross-origin\" allowfullscreen><\/iframe>\n<\/div><\/figure>\n\n\n\n<p class=\"wp-block-paragraph\">No es la primera vez que alguien quiso llevar a Salvo m\u00e1s all\u00e1 del papel. A fines de los a\u00f1os 60, el estudio Gil &amp; Bertolini, conocido por realizar comerciales televisivos, comenz\u00f3 a trabajar en un cortometraje animado basado en <em>El Eternauta<\/em>. Oesterheld estaba involucrado. Iba a tener una introducci\u00f3n con actores reales. Iba a ser una joya de la animaci\u00f3n nacional. Pero no fue. Las dificultades econ\u00f3micas frenaron el proyecto. El corto qued\u00f3 inconcluso, como tantas otras ilusiones de esa \u00e9poca.<\/p>\n\n\n\n<p class=\"wp-block-paragraph\">Y sin embargo, algo del esp\u00edritu del Eternauta sigue avanzando. No importa si nieva o si hace calor. Juan Salvo camina. En las estatuas, en las paredes, en nuestra memoria.<\/p>\n\n\n\n<div class=\"wp-block-image\"><figure class=\"aligncenter\"><img decoding=\"async\" src=\"https:\/\/info135.com.ar\/wp-content\/uploads\/2025\/05\/mural1.jpg\" alt=\"El municipio de alte Brown present\u00f3 murales de \u201cel Eternauta\u201d en Glew,  Calzada, Adrogu\u00e9 y Burzaco - INFO135\"\/><\/figure><\/div>\n\n\n\n<p class=\"wp-block-paragraph\">Hay quienes dicen que las buenas historias no mueren. Que son como se\u00f1ales en medio de la tormenta. Tal vez por eso seguimos viendo a Salvo. Porque en un pa\u00eds que todav\u00eda lucha por justicia, por memoria, por verdad, ese hombre de traje blanco nos sigue se\u00f1alando el camino.<\/p>\n","protected":false},"excerpt":{"rendered":"<p>Hay fantasmas que no asustan, sino que acompa\u00f1an. Juan Salvo \u2014ese viajero del tiempo, ese sobreviviente de la nevada mortal\u2014 ya no vive solo en las vi\u00f1etas de El Eternauta. Lo vemos en las calles, en los murales, en las esculturas. Buenos Aires, esa ciudad que resiste como puede sus propias tormentas, le dio un &hellip;<\/p>\n","protected":false},"author":1,"featured_media":9972,"comment_status":"open","ping_status":"open","sticky":false,"template":"","format":"standard","meta":{"pagelayer_contact_templates":[],"_pagelayer_content":"","iawp_total_views":9,"footnotes":""},"categories":[4,25,29],"tags":[441,800,1273,1439,1477,1611,1794,1906,2353,2460,2644,3105,3116,3201,3490,3770,4054,4207,4302,4577,4782,5458,5693,5927],"class_list":["post-9971","post","type-post","status-publish","format-standard","has-post-thumbnail","hentry","category-actualidad-politica","category-resumen-de-noticias","category-turismo","tag-arte-urbano","tag-buenos-aires","tag-comic","tag-conurbano","tag-corto-animado","tag-cultura","tag-desaparecidos","tag-dictadura","tag-escultura","tag-eternauta","tag-ficcion","tag-historieta","tag-homenaje","tag-identidad","tag-juan-salvo","tag-literatura-argentina","tag-memoria","tag-monserrat","tag-murales","tag-oesterheld","tag-paseo-de-la-historieta","tag-resistencia","tag-san-telmo","tag-solano-lopez"],"_links":{"self":[{"href":"https:\/\/jotaposta.com.ar\/jposta\/wp-json\/wp\/v2\/posts\/9971","targetHints":{"allow":["GET"]}}],"collection":[{"href":"https:\/\/jotaposta.com.ar\/jposta\/wp-json\/wp\/v2\/posts"}],"about":[{"href":"https:\/\/jotaposta.com.ar\/jposta\/wp-json\/wp\/v2\/types\/post"}],"author":[{"embeddable":true,"href":"https:\/\/jotaposta.com.ar\/jposta\/wp-json\/wp\/v2\/users\/1"}],"replies":[{"embeddable":true,"href":"https:\/\/jotaposta.com.ar\/jposta\/wp-json\/wp\/v2\/comments?post=9971"}],"version-history":[{"count":1,"href":"https:\/\/jotaposta.com.ar\/jposta\/wp-json\/wp\/v2\/posts\/9971\/revisions"}],"predecessor-version":[{"id":12538,"href":"https:\/\/jotaposta.com.ar\/jposta\/wp-json\/wp\/v2\/posts\/9971\/revisions\/12538"}],"wp:attachment":[{"href":"https:\/\/jotaposta.com.ar\/jposta\/wp-json\/wp\/v2\/media?parent=9971"}],"wp:term":[{"taxonomy":"category","embeddable":true,"href":"https:\/\/jotaposta.com.ar\/jposta\/wp-json\/wp\/v2\/categories?post=9971"},{"taxonomy":"post_tag","embeddable":true,"href":"https:\/\/jotaposta.com.ar\/jposta\/wp-json\/wp\/v2\/tags?post=9971"}],"curies":[{"name":"wp","href":"https:\/\/api.w.org\/{rel}","templated":true}]}}