{"id":9918,"date":"2025-05-01T01:40:22","date_gmt":"2025-05-01T04:40:22","guid":{"rendered":"https:\/\/www.jotapostaok.com.ar\/?p=9918"},"modified":"2026-01-25T14:10:03","modified_gmt":"2026-01-25T14:10:03","slug":"nos-dieron-un-dia-pero-nos-deben-derechos-la-historia-oculta-del-dia-del-trabajador","status":"publish","type":"post","link":"https:\/\/jotaposta.com.ar\/jposta\/2025\/05\/01\/nos-dieron-un-dia-pero-nos-deben-derechos-la-historia-oculta-del-dia-del-trabajador\/","title":{"rendered":"Nos dieron un d\u00eda, pero nos deben derechos: la historia oculta del D\u00eda del Trabajador"},"content":{"rendered":"\n<p class=\"wp-block-paragraph\">Hay fechas que no se eligen, se ganan. El 1\u00ba de mayo no fue un regalo del calendario ni una efem\u00e9ride vac\u00eda: naci\u00f3 en la lucha, con el pulso caliente de miles que salieron a las calles a exigir lo que hoy parece tan obvio como fr\u00e1gil: ocho horas para trabajar, ocho para descansar y ocho para vivir.<\/p>\n\n\n\n<figure class=\"wp-block-image\"><img decoding=\"async\" src=\"https:\/\/blogger.googleusercontent.com\/img\/b\/R29vZ2xl\/AVvXsEgt2nXrEgyMVGQuWFJmGvqZ3aqh_82ID-ZaIoQkP4Gb9-JjoitVdMtGKWUt4IcpY3IvNP82MAFLk1hMmCVSBlGqj3iz_5Wb8G-C9HCI4Q8vxz_pwcPTnv35Ym8j52t9uQfrV1f4f3w_9MV8\/s1600\/1+de+mayo+1889.jpg\" alt=\"\ud83d\udcda Tus Efem\u00e9rides Escolar 2012-2023 \ud83d\udcc5: La Historia del 1 de Mayo D\u00eda  Internacional del Trabajador\"\/><\/figure>\n\n\n\n<p class=\"wp-block-paragraph\">Corr\u00eda 1886 en Chicago, epicentro del industrialismo brutal, cuando los trabajadores \u2014inmigrantes en su mayor\u00eda\u2014 se plantaron frente al abuso. Aquella huelga general desemboc\u00f3 en represi\u00f3n, bombas, muertes, y en un juicio vergonzoso que convirti\u00f3 en m\u00e1rtires a los llamados \u201canarquistas de Haymarket\u201d. No fue un final, sino un comienzo. La historia del D\u00eda del Trabajador se escribe desde entonces con sudor, con l\u00e1grimas, y tambi\u00e9n con esperanza.<\/p>\n\n\n\n<figure class=\"wp-block-image\"><img decoding=\"async\" src=\"https:\/\/www.conabip.gob.ar\/sites\/default\/files\/Berni%20Manifestaci%C3%B3n.jpg\" alt=\"D\u00eda del Trabajador\/a | CONABIP\"\/><\/figure>\n\n\n\n<p class=\"wp-block-paragraph\">En la Argentina, el primero de mayo tiene ra\u00edces profundas. Desde aquel acto de 1890 organizado por tip\u00f3grafos socialistas, hasta los discursos encendidos en Plaza de Mayo, el trabajador se convirti\u00f3 en sujeto pol\u00edtico, en el coraz\u00f3n de luchas que moldearon derechos: vacaciones, aguinaldo, obra social, paritarias, indemnizaci\u00f3n.<\/p>\n\n\n\n<p class=\"wp-block-paragraph\">Pero m\u00e1s all\u00e1 de las conquistas, el D\u00eda del Trabajador es tambi\u00e9n un espejo. Nos interpela: \u00bftrabajamos para vivir o vivimos para trabajar? \u00bfCu\u00e1nto vale una jornada digna cuando la informalidad, el desempleo y la explotaci\u00f3n a\u00fan golpean?<\/p>\n\n\n\n<figure class=\"wp-block-image\"><img decoding=\"async\" src=\"https:\/\/pxbcdn.elchubut.com.ar\/chubut\/042022\/1651318036669\/image.webp?cw=723&amp;ch=405&amp;extw=png\" alt=\"\"\/><\/figure>\n\n\n\n<p class=\"wp-block-paragraph\">Celebrar este d\u00eda no es solo recordar. Es sostener la memoria con acci\u00f3n, con organizaci\u00f3n, con empat\u00eda entre quienes saben que nada es eterno si no se defiende.<\/p>\n\n\n\n<p class=\"wp-block-paragraph\">Porque el trabajo no es castigo: es construcci\u00f3n, identidad, sost\u00e9n, puente entre lo que somos y lo que so\u00f1amos. Porque cada tarea \u2014desde quien barre una vereda hasta quien dirige un hospital\u2014 guarda un mismo latido: el del esfuerzo cotidiano que hace al mundo girar.<\/p>\n\n\n\n<p class=\"wp-block-paragraph\">Hoy, 1\u00ba de mayo, que no falten las palabras justas ni el abrazo colectivo. Que no falte el reconocimiento, y mucho menos la lucha.<\/p>\n\n\n\n<p class=\"wp-block-paragraph\">Feliz d\u00eda, trabajadores y trabajadoras.<br \/>\nEl futuro tambi\u00e9n se construye con las manos.<\/p>\n","protected":false},"excerpt":{"rendered":"<p>Hay fechas que no se eligen, se ganan. El 1\u00ba de mayo no fue un regalo del calendario ni una efem\u00e9ride vac\u00eda: naci\u00f3 en la lucha, con el pulso caliente de miles que salieron a las calles a exigir lo que hoy parece tan obvio como fr\u00e1gil: ocho horas para trabajar, ocho para descansar y &hellip;<\/p>\n","protected":false},"author":1,"featured_media":9919,"comment_status":"open","ping_status":"open","sticky":false,"template":"","format":"standard","meta":{"pagelayer_contact_templates":[],"_pagelayer_content":"","iawp_total_views":6,"footnotes":""},"categories":[4],"tags":[320,395,1085,1174,1403,1778,1923,2546,2631,2995,3087,3155,3460,3567,3834,4054,5106,5880,6274],"class_list":["post-9918","post","type-post","status-publish","format-standard","has-post-thumbnail","hentry","category-actualidad-politica","tag-anarquistas","tag-argentina","tag-chicago","tag-clase-trabajadora","tag-conquista","tag-derechos-laborales","tag-dignidad","tag-explotacion","tag-feriado","tag-haymarket","tag-historia-obrera","tag-huelga","tag-jornada-laboral","tag-justicia-social","tag-lucha-obrera","tag-memoria","tag-primero-de-mayo","tag-sindicalismo","tag-trabajo"],"_links":{"self":[{"href":"https:\/\/jotaposta.com.ar\/jposta\/wp-json\/wp\/v2\/posts\/9918","targetHints":{"allow":["GET"]}}],"collection":[{"href":"https:\/\/jotaposta.com.ar\/jposta\/wp-json\/wp\/v2\/posts"}],"about":[{"href":"https:\/\/jotaposta.com.ar\/jposta\/wp-json\/wp\/v2\/types\/post"}],"author":[{"embeddable":true,"href":"https:\/\/jotaposta.com.ar\/jposta\/wp-json\/wp\/v2\/users\/1"}],"replies":[{"embeddable":true,"href":"https:\/\/jotaposta.com.ar\/jposta\/wp-json\/wp\/v2\/comments?post=9918"}],"version-history":[{"count":1,"href":"https:\/\/jotaposta.com.ar\/jposta\/wp-json\/wp\/v2\/posts\/9918\/revisions"}],"predecessor-version":[{"id":12576,"href":"https:\/\/jotaposta.com.ar\/jposta\/wp-json\/wp\/v2\/posts\/9918\/revisions\/12576"}],"wp:attachment":[{"href":"https:\/\/jotaposta.com.ar\/jposta\/wp-json\/wp\/v2\/media?parent=9918"}],"wp:term":[{"taxonomy":"category","embeddable":true,"href":"https:\/\/jotaposta.com.ar\/jposta\/wp-json\/wp\/v2\/categories?post=9918"},{"taxonomy":"post_tag","embeddable":true,"href":"https:\/\/jotaposta.com.ar\/jposta\/wp-json\/wp\/v2\/tags?post=9918"}],"curies":[{"name":"wp","href":"https:\/\/api.w.org\/{rel}","templated":true}]}}