{"id":9863,"date":"2025-04-21T18:51:35","date_gmt":"2025-04-21T21:51:35","guid":{"rendered":"https:\/\/www.jotapostaok.com.ar\/?p=9863"},"modified":"2026-01-25T14:10:03","modified_gmt":"2026-01-25T14:10:03","slug":"el-humo-y-la-historia-tras-la-muerte-de-francisco-el-vaticano-se-encierra-a-elegir-al-nuevo-papa","status":"publish","type":"post","link":"https:\/\/jotaposta.com.ar\/jposta\/2025\/04\/21\/el-humo-y-la-historia-tras-la-muerte-de-francisco-el-vaticano-se-encierra-a-elegir-al-nuevo-papa\/","title":{"rendered":"El humo y la historia: tras la muerte de Francisco, el Vaticano se encierra a elegir al nuevo Papa"},"content":{"rendered":"\n<p class=\"wp-block-paragraph\">En Roma suenan las campanas, pero no celebran.<br \/>Muri\u00f3 el Papa Francisco, el hombre que vino del sur, del fin del mundo, de los pasillos de Flores donde se respira tango, f\u00fatbol y mate amargo.<br \/>Un argentino que camin\u00f3 el Vaticano con el alma de cura de barrio, que habl\u00f3 de pobres cuando todos hablaban de poder, y que eligi\u00f3 llamarse Francisco en lugar de Jorge para que su nombre no pesara m\u00e1s que su causa.<\/p>\n\n\n\n<figure class=\"wp-block-image\"><img decoding=\"async\" src=\"https:\/\/catholicus.eu\/wp-content\/uploads\/2025\/02\/habemus_papam01-600x330.jpg\" alt=\"Habemus Papam: La Gu\u00eda Divina en la Tierra y su Relevancia en el Mundo  Contempor\u00e1neo - Catholicus.eu Espa\u00f1ol\"\/><\/figure>\n\n\n\n<p class=\"wp-block-paragraph\">Ahora, con la silla de Pedro vac\u00eda y el alma del mundo un poco m\u00e1s sola, el Vaticano se prepara para uno de sus rituales m\u00e1s antiguos y cerrados: el C\u00f3nclave.<\/p>\n\n\n\n<h3 class=\"wp-block-heading\"><strong>Una ceremonia de siglos<\/strong><\/h3>\n\n\n\n<p class=\"wp-block-paragraph\">La Sede Apost\u00f3lica ha quedado vacante. El Cardenal Camarlengo, custodio del tiempo entre Papas, certifica la muerte. La tumba a\u00fan est\u00e1 fresca cuando ya se activan los engranajes secretos del poder vaticano.<\/p>\n\n\n\n<p class=\"wp-block-paragraph\">El C\u00f3nclave no es solo una reuni\u00f3n: es encierro, es misterio, es oraci\u00f3n profunda y estrategia fina.<br \/><\/p>\n\n\n\n<p class=\"wp-block-paragraph\">En la Capilla Sixtina, bajo los ojos de Miguel \u00c1ngel y a espaldas del mundo, los cardenales electores \u2014todos menores de 80 a\u00f1os\u2014 se a\u00edslan. Sin tel\u00e9fonos, sin contactos. Solo ellos, sus conciencias y el humo de lo que vendr\u00e1.<\/p>\n\n\n\n<figure class=\"wp-block-image\"><img decoding=\"async\" src=\"https:\/\/static.elcorreo.com\/www\/multimedia\/201807\/31\/media\/cortadas\/habemus-papa-kKLI-U60492733542aJD-624x385@El%20Correo.jpg\" alt=\"Habemus Papam: una historia de poder' | El Correo\"\/><\/figure>\n\n\n\n<h3 class=\"wp-block-heading\"><strong>El voto en silencio, la voz del Esp\u00edritu<\/strong><\/h3>\n\n\n\n<p class=\"wp-block-paragraph\">Cada d\u00eda puede haber hasta cuatro votaciones. Los cardenales escriben en secreto el nombre de quien creen que debe conducir la barca de Pedro.<br \/>\nDos tercios debe reunir ese nombre para que se transforme en historia.<br \/>\nSi no hay consenso, habr\u00e1 m\u00e1s papeletas, m\u00e1s silencio, m\u00e1s espera.<\/p>\n\n\n\n<p class=\"wp-block-paragraph\">Y cuando se decide, no hay palabras. Hay humo.<\/p>\n\n\n\n<figure class=\"wp-block-image\"><img decoding=\"async\" src=\"https:\/\/www.jotaposta.com.ar\/wp-content\/uploads\/2025\/04\/habPapa-1024x576.jpg\" alt=\"\" class=\"wp-image-9864\"\/><\/figure>\n\n\n\n<h3 class=\"wp-block-heading\"><strong>El lenguaje del cielo: blanco o negro<\/strong><\/h3>\n\n\n\n<p class=\"wp-block-paragraph\">Las papeletas se queman tras cada ronda. Si la elecci\u00f3n falla, la fumata negra lo anuncia como una decepci\u00f3n ritual.<\/p>\n\n\n\n<p class=\"wp-block-paragraph\">Pero cuando el acuerdo llega, cuando los votos sellan un nombre, entonces el humo se vuelve blanco. Es el \u00fanico lenguaje que no necesita traducci\u00f3n.<br \/> Es el Vaticano diciendo: <em>tenemos nuevo Papa<\/em>.<\/p>\n\n\n\n<figure class=\"wp-block-image\"><img decoding=\"async\" src=\"https:\/\/www.jotaposta.com.ar\/wp-content\/uploads\/2025\/04\/papa-sucesores-1024x576.jpg\" alt=\"\" class=\"wp-image-9861\"\/><\/figure>\n\n\n\n<h3 class=\"wp-block-heading\"><strong>Habemus Papam<\/strong><\/h3>\n\n\n\n<p class=\"wp-block-paragraph\">Minutos despu\u00e9s, el Cardenal Protodi\u00e1cono se asoma al balc\u00f3n de San Pedro. El mundo contiene el aliento. Y entonces, una frase en lat\u00edn resuena con siglos de historia: <strong>\u201cHabemus Papam.\u201d<\/strong><\/p>\n\n\n\n<p class=\"wp-block-paragraph\">El elegido aparece. Sonr\u00ede, tiembla, reza. Y con una voz que a\u00fan no es suya del todo, bendice \u201ca la ciudad y al mundo\u201d. As\u00ed empieza un nuevo cap\u00edtulo.<\/p>\n\n\n\n<figure class=\"wp-block-image\"><img decoding=\"async\" src=\"https:\/\/www.jotaposta.com.ar\/wp-content\/uploads\/2024\/08\/papa-1024x635.jpg\" alt=\"\" class=\"wp-image-8614\"\/><\/figure>\n\n\n\n<h3 class=\"wp-block-heading\"><strong>El legado de Francisco, la herencia argentina<\/strong><\/h3>\n\n\n\n<p class=\"wp-block-paragraph\">Francisco no fue un Papa cualquiera. Fue el primero que no vino de Europa en m\u00e1s de mil a\u00f1os. Fue el que nunca se dej\u00f3 tentar por los oros ni las sedas. Fue el que nunca volvi\u00f3 como Papa a la Argentina, pero nunca dej\u00f3 de ser argentino.<\/p>\n\n\n\n<p class=\"wp-block-paragraph\">Llev\u00f3 a Roma la tonada porte\u00f1a, la pasi\u00f3n futbolera y la fe de las abuelas que rezan el rosario en la cocina. Ahora, sin su figura, la Iglesia Cat\u00f3lica queda a la espera de una decisi\u00f3n que se escribe en silencio, pero marca el destino de millones.<\/p>\n\n\n\n<p class=\"wp-block-paragraph\">El humo volver\u00e1 a elevarse. Y otra vez el mundo mirar\u00e1 al cielo.<\/p>\n","protected":false},"excerpt":{"rendered":"<p>En Roma suenan las campanas, pero no celebran.Muri\u00f3 el Papa Francisco, el hombre que vino del sur, del fin del mundo, de los pasillos de Flores donde se respira tango, f\u00fatbol y mate amargo.Un argentino que camin\u00f3 el Vaticano con el alma de cura de barrio, que habl\u00f3 de pobres cuando todos hablaban de poder, &hellip;<\/p>\n","protected":false},"author":1,"featured_media":9865,"comment_status":"open","ping_status":"open","sticky":false,"template":"","format":"standard","meta":{"pagelayer_contact_templates":[],"_pagelayer_content":"","iawp_total_views":5,"footnotes":""},"categories":[4],"tags":[395,872,955,1023,1342,2141,2398,2604,2736,2775,2970,3212,3649,4701,5575,5735,5907,5977,6279,6521],"class_list":["post-9863","post","type-post","status-publish","format-standard","has-post-thumbnail","hentry","category-actualidad-politica","tag-argentina","tag-camarlengo","tag-cardenales","tag-catolicismo","tag-conclave","tag-eleccion","tag-espiritualidad","tag-fe","tag-francisco","tag-fumata","tag-habemus-papam","tag-iglesia","tag-legado-2","tag-papa","tag-roma","tag-secreto","tag-sixtina","tag-sucesor","tag-tradicion","tag-vaticano"],"_links":{"self":[{"href":"https:\/\/jotaposta.com.ar\/jposta\/wp-json\/wp\/v2\/posts\/9863","targetHints":{"allow":["GET"]}}],"collection":[{"href":"https:\/\/jotaposta.com.ar\/jposta\/wp-json\/wp\/v2\/posts"}],"about":[{"href":"https:\/\/jotaposta.com.ar\/jposta\/wp-json\/wp\/v2\/types\/post"}],"author":[{"embeddable":true,"href":"https:\/\/jotaposta.com.ar\/jposta\/wp-json\/wp\/v2\/users\/1"}],"replies":[{"embeddable":true,"href":"https:\/\/jotaposta.com.ar\/jposta\/wp-json\/wp\/v2\/comments?post=9863"}],"version-history":[{"count":1,"href":"https:\/\/jotaposta.com.ar\/jposta\/wp-json\/wp\/v2\/posts\/9863\/revisions"}],"predecessor-version":[{"id":12583,"href":"https:\/\/jotaposta.com.ar\/jposta\/wp-json\/wp\/v2\/posts\/9863\/revisions\/12583"}],"wp:attachment":[{"href":"https:\/\/jotaposta.com.ar\/jposta\/wp-json\/wp\/v2\/media?parent=9863"}],"wp:term":[{"taxonomy":"category","embeddable":true,"href":"https:\/\/jotaposta.com.ar\/jposta\/wp-json\/wp\/v2\/categories?post=9863"},{"taxonomy":"post_tag","embeddable":true,"href":"https:\/\/jotaposta.com.ar\/jposta\/wp-json\/wp\/v2\/tags?post=9863"}],"curies":[{"name":"wp","href":"https:\/\/api.w.org\/{rel}","templated":true}]}}