{"id":9779,"date":"2025-04-19T09:21:04","date_gmt":"2025-04-19T12:21:04","guid":{"rendered":"https:\/\/www.jotapostaok.com.ar\/?p=9779"},"modified":"2026-01-25T14:10:04","modified_gmt":"2026-01-25T14:10:04","slug":"buenos-aires-desde-las-alturas-el-nuevo-ascensor-del-obelisco-ya-es-realidad","status":"publish","type":"post","link":"https:\/\/jotaposta.com.ar\/jposta\/2025\/04\/19\/buenos-aires-desde-las-alturas-el-nuevo-ascensor-del-obelisco-ya-es-realidad\/","title":{"rendered":"Buenos Aires desde las alturas: el nuevo ascensor del Obelisco ya es realidad"},"content":{"rendered":"\n<p>En el coraz\u00f3n palpitante de Buenos Aires, donde las avenidas se entrelazan como arterias de historia y modernidad, el Obelisco se alza como un centinela de concreto y memoria. Ahora, una transformaci\u00f3n silenciosa pero monumental ha ocurrido en su interior: un ascensor ha sido instalado, permitiendo que los visitantes asciendan hasta su c\u00faspide a 67,5 metros de altura en apenas un minuto. <\/p>\n\n\n\n<figure class=\"wp-block-image\"><img decoding=\"async\" src=\"https:\/\/www.jotaposta.com.ar\/wp-content\/uploads\/2025\/04\/vistaobelisco.jpg\" alt=\"\" class=\"wp-image-9780\"\/><\/figure>\n\n\n\n<p>La obra, realizada por la empresa Ascensores Servas S.A., implic\u00f3 la construcci\u00f3n de una estructura reticular fijada a las paredes internas del monumento, sobre la cual se montaron la motorizaci\u00f3n, gu\u00edas, cabina y puertas autom\u00e1ticas del ascensor. <\/p>\n\n\n\n<div class=\"wp-block-image\"><figure class=\"aligncenter is-resized\"><img loading=\"lazy\" decoding=\"async\" src=\"https:\/\/www.infobae.com\/resizer\/v2\/GU4FZS4JYZFFFPVAQHLZTYI3FI.jpg?auth=dda7fa15cf6f593b9d43cd50fd7254d25b404a85277dfe13ea3d5523302d7d9e&amp;smart=true&amp;width=350&amp;height=233&amp;quality=85\" alt=\"El ascensor est\u00e1 en el\" width=\"574\" height=\"382\"\/><\/figure><\/div>\n\n\n\n<p>Este proyecto, que requiri\u00f3 una inversi\u00f3n de $188.890.400 y la aprobaci\u00f3n de la Comisi\u00f3n Nacional de Monumentos, busca revalorizar al Obelisco como atractivo tur\u00edstico, ofreciendo una nueva perspectiva de la ciudad desde su cima. <\/p>\n\n\n\n<div class=\"wp-block-image\"><figure class=\"aligncenter is-resized\"><img loading=\"lazy\" decoding=\"async\" src=\"https:\/\/www.infobae.com\/resizer\/v2\/UVGAKRC47BGGVD6QQL5T7GUQUU.jpg?auth=0a1bf9a68667fd18b8daeee3c88b66bca219abc1ea115d6f40978d89ad313077&amp;smart=true&amp;width=350&amp;height=233&amp;quality=85\" alt=\"Adem\u00e1s del ascensor, hay una\" width=\"563\" height=\"375\"\/><\/figure><\/div>\n\n\n\n<p>Aunque la obra ya est\u00e1 finalizada, a\u00fan no se ha anunciado la fecha oficial de apertura al p\u00fablico. Sin embargo, se ha previsto una instancia previa para vecinos el 23 de mayo, coincidiendo con el 89\u00ba aniversario del monumento.<\/p>\n\n\n\n<figure class=\"wp-block-image\"><img decoding=\"async\" src=\"https:\/\/www.jotaposta.com.ar\/wp-content\/uploads\/2025\/04\/vistaobelisco-1.jpg\" alt=\"\" class=\"wp-image-9783\"\/><\/figure>\n\n\n\n<p> El Gobierno porte\u00f1o ha informado que est\u00e1 en marcha una licitaci\u00f3n para que las visitas sean gestionadas por un operador privado. <\/p>\n\n\n\n<div class=\"wp-block-image\"><figure class=\"aligncenter is-resized\"><img loading=\"lazy\" decoding=\"async\" src=\"https:\/\/resizer.glanacion.com\/resizer\/v2\/se-podra-acceder-a-la-cupula-a-traves-de-un-HFFQ3WX6XVA7HPQENMU75A4DNM.JPG?auth=70c615ee7081f398cda5179d0ccc79de716f0d16465499e627d67db02a07529f&amp;width=420&amp;height=280&amp;quality=70&amp;smart=true\" alt=\"Se podr\u00e1 acceder a la c\u00fapula a trav\u00e9s de un ascensor y una escalera caracol de 35 escalones\" width=\"572\" height=\"381\"\/><\/figure><\/div>\n\n\n\n<p>As\u00ed, el Obelisco, testigo silente de incontables historias, se reinventa y abre sus entra\u00f1as al p\u00fablico, invitando a una experiencia \u00fanica que combina la majestuosidad de su estructura con una vista panor\u00e1mica de la ciudad que lo rodea.<\/p>\n","protected":false},"excerpt":{"rendered":"<p>En el coraz\u00f3n palpitante de Buenos Aires, donde las avenidas se entrelazan como arterias de historia y modernidad, el Obelisco se alza como un centinela de concreto y memoria. Ahora, una transformaci\u00f3n silenciosa pero monumental ha ocurrido en su interior: un ascensor ha sido instalado, permitiendo que los visitantes asciendan hasta su c\u00faspide a 67,5 &hellip;<\/p>\n","protected":false},"author":1,"featured_media":9780,"comment_status":"open","ping_status":"open","sticky":false,"template":"","format":"standard","meta":{"pagelayer_contact_templates":[],"_pagelayer_content":"","iawp_total_views":2,"footnotes":""},"categories":[4,29],"tags":[420,471,472,473,474,514,1295,2452,2517,3086,3200,4164,4216,4228,4501,4947,5217,6384,6681,6688],"class_list":["post-9779","post","type-post","status-publish","format-standard","has-post-thumbnail","hentry","category-actualidad-politica","category-turismo","tag-arquitectura-argentina","tag-ascenso-obelisco","tag-ascensor-obelisco","tag-ascensor-panoramico","tag-ascensor-sin-sala-de-maquinas","tag-atraccion-turistica","tag-comision-nacional-de-monumentos","tag-estructura-reticular","tag-experiencia-turistica","tag-historia-obelisco","tag-icono-porteno","tag-mirador-obelisco","tag-monumento-historico","tag-motorizacion-gearless","tag-obelisco-buenos-aires","tag-plaza-de-la-republica","tag-punto-panoramico","tag-turismo-buenos-aires","tag-visita-guiada","tag-vista-360-grados"],"_links":{"self":[{"href":"https:\/\/jotaposta.com.ar\/jposta\/wp-json\/wp\/v2\/posts\/9779","targetHints":{"allow":["GET"]}}],"collection":[{"href":"https:\/\/jotaposta.com.ar\/jposta\/wp-json\/wp\/v2\/posts"}],"about":[{"href":"https:\/\/jotaposta.com.ar\/jposta\/wp-json\/wp\/v2\/types\/post"}],"author":[{"embeddable":true,"href":"https:\/\/jotaposta.com.ar\/jposta\/wp-json\/wp\/v2\/users\/1"}],"replies":[{"embeddable":true,"href":"https:\/\/jotaposta.com.ar\/jposta\/wp-json\/wp\/v2\/comments?post=9779"}],"version-history":[{"count":1,"href":"https:\/\/jotaposta.com.ar\/jposta\/wp-json\/wp\/v2\/posts\/9779\/revisions"}],"predecessor-version":[{"id":12587,"href":"https:\/\/jotaposta.com.ar\/jposta\/wp-json\/wp\/v2\/posts\/9779\/revisions\/12587"}],"wp:featuredmedia":[{"embeddable":true,"href":"https:\/\/jotaposta.com.ar\/jposta\/wp-json\/"}],"wp:attachment":[{"href":"https:\/\/jotaposta.com.ar\/jposta\/wp-json\/wp\/v2\/media?parent=9779"}],"wp:term":[{"taxonomy":"category","embeddable":true,"href":"https:\/\/jotaposta.com.ar\/jposta\/wp-json\/wp\/v2\/categories?post=9779"},{"taxonomy":"post_tag","embeddable":true,"href":"https:\/\/jotaposta.com.ar\/jposta\/wp-json\/wp\/v2\/tags?post=9779"}],"curies":[{"name":"wp","href":"https:\/\/api.w.org\/{rel}","templated":true}]}}