{"id":9765,"date":"2025-04-18T10:41:29","date_gmt":"2025-04-18T13:41:29","guid":{"rendered":"https:\/\/www.jotapostaok.com.ar\/?p=9765"},"modified":"2025-04-18T10:41:29","modified_gmt":"2025-04-18T13:41:29","slug":"diego-peretti-y-federico-delia-protagonizan-el-jefe-del-jefe-en-el-paseo-la-plaza","status":"publish","type":"post","link":"https:\/\/jotaposta.com.ar\/jposta\/2025\/04\/18\/diego-peretti-y-federico-delia-protagonizan-el-jefe-del-jefe-en-el-paseo-la-plaza\/","title":{"rendered":"Diego Peretti y Federico D\u2019Elia protagonizan \u201cEl jefe del jefe\u201d en el Paseo La Plaza"},"content":{"rendered":"\n<p class=\"wp-block-paragraph\">Este 17 de abril lleg\u00f3 al Paseo La Plaza el estreno de \u201cEl jefe del jefe\u201d, una comedia protagonizada por Diego Peretti y Federico D\u2019Elia. La obra se presentar\u00e1 en la sala Pablo Neruda del complejo ubicado en Avenida Corrientes 1660, en la Ciudad Aut\u00f3noma de Buenos Aires, con funciones de mi\u00e9rcoles a domingo.<\/p>\n\n\n\n<p class=\"wp-block-paragraph\">La pieza est\u00e1 basada en \u201cThe Boss of it All\u201d, pel\u00edcula escrita y dirigida por el cineasta dan\u00e9s Lars von Trier. La adaptaci\u00f3n teatral es de Jack McNamara, bajo direcci\u00f3n de Javier Daulte y con producci\u00f3n general de Pablo Kompel, Ricardo Hornos y Adri\u00e1n Suar. Las entradas se encuentran a la venta a trav\u00e9s de Plateanet o en la boleter\u00eda del teatro.<\/p>\n\n\n\n<figure class=\"wp-block-image\"><img decoding=\"async\" src=\"https:\/\/www.ciudad.com.ar\/resizer\/v2\/la-comedia-se-estrenara-el-17-de-abril-en-el-paseo-la-plaza-MRI3DDAT5JBNTFMR7UEGPF2JWA.JPG?auth=620c2573ad19255edb072c289fba5e39a5d4b80ea5a88a3d7316b4a7ed8efa8f&amp;width=767\" alt=\"La comedia se estrenar\u00e1 el 17 de abril en el Paseo La Plaza.\"\/><\/figure>\n\n\n\n<p class=\"wp-block-paragraph\">La historia se centra en Gabriel (Federico D\u2019Elia), due\u00f1o de una empresa en venta que, a\u00f1os atr\u00e1s, invent\u00f3 a un presidente ficticio para eludir las responsabilidades m\u00e1s impopulares del negocio. La situaci\u00f3n se complica cuando aparecen compradores extranjeros que exigen negociar directamente con \u201cel jefe\u201d. Ante esta presi\u00f3n, Gabriel contrata a Cristian (Diego Peretti), un actor desocupado, para que interprete al supuesto presidente de la empresa.<\/p>\n\n\n\n<figure class=\"wp-block-image\"><img decoding=\"async\" src=\"https:\/\/www.ciudad.com.ar\/resizer\/v2\/diego-peretti-y-federico-delia-con-el-elenco-de-el-jefe-del-jefe-foto-smw-37RJUWTFMNFXRPUAVMFG4ACBUE.jpg?auth=9cbfbd469c1b6f131037d4bc64f9e79f01837fc06884c8a48602d94c3e57f267&amp;width=767\" alt=\"Diego Peretti y Federico D'Elia con el elenco de \u201cEl Jefe del jefe\u201d. Foto: SMW\"\/><\/figure>\n\n\n\n<p class=\"wp-block-paragraph\">El actor contratado no es uno cualquiera: es un int\u00e9rprete met\u00f3dico, que decide sumergirse por completo en el personaje, llevando el enga\u00f1o a niveles insospechados. A partir de all\u00ed, se desencadena una sucesi\u00f3n de situaciones absurdas y graciosas que invitan a la risa, pero tambi\u00e9n a reflexionar sobre la verdad, el poder y las apariencias.<\/p>\n\n\n\n<p class=\"wp-block-paragraph\">Completan el elenco Juan Isola, Ariadna Asturzzi, Andrea Lovera y Cristian Jensen. \u201cEl jefe del jefe\u201d propone una mirada ir\u00f3nica y entretenida sobre las jerarqu\u00edas laborales, el teatro dentro del teatro y los l\u00edmites entre la ficci\u00f3n y la realidad.<\/p>\n","protected":false},"excerpt":{"rendered":"<p>Este 17 de abril lleg\u00f3 al Paseo La Plaza el estreno de \u201cEl jefe del jefe\u201d, una comedia protagonizada por Diego Peretti y Federico D\u2019Elia. La obra se presentar\u00e1 en la sala Pablo Neruda del complejo ubicado en Avenida Corrientes 1660, en la Ciudad Aut\u00f3noma de Buenos Aires, con funciones de mi\u00e9rcoles a domingo. La &hellip;<\/p>\n","protected":false},"author":1,"featured_media":9766,"comment_status":"open","ping_status":"open","sticky":false,"template":"","format":"standard","meta":{"pagelayer_contact_templates":[],"_pagelayer_content":"","iawp_total_views":11,"footnotes":""},"categories":[5],"tags":[139,180,997,1241,1912,2129,2444,2617,2792,3433,3438,3627,4548,4659,4783,4941,5129,5511,5877,6052,6087],"class_list":["post-9765","post","type-post","status-publish","format-standard","has-post-thumbnail","hentry","category-jp-agenda","tag-actores-argentinos","tag-adrian-suar","tag-cartelera-teatral","tag-comedia","tag-diego-peretti","tag-el-jefe-del-jefe","tag-estreno-teatral","tag-federico-delia","tag-funciones-teatrales","tag-jack-mcnamara","tag-javier-daulte","tag-lars-von-trier","tag-obras-de-teatro-buenos-aires","tag-pablo-kompel","tag-paseo-la-plaza","tag-plateanet","tag-produccion-teatral","tag-ricardo-hornos","tag-simuladores","tag-teatro-argentino","tag-teatro-en-corrientes"],"_links":{"self":[{"href":"https:\/\/jotaposta.com.ar\/jposta\/wp-json\/wp\/v2\/posts\/9765","targetHints":{"allow":["GET"]}}],"collection":[{"href":"https:\/\/jotaposta.com.ar\/jposta\/wp-json\/wp\/v2\/posts"}],"about":[{"href":"https:\/\/jotaposta.com.ar\/jposta\/wp-json\/wp\/v2\/types\/post"}],"author":[{"embeddable":true,"href":"https:\/\/jotaposta.com.ar\/jposta\/wp-json\/wp\/v2\/users\/1"}],"replies":[{"embeddable":true,"href":"https:\/\/jotaposta.com.ar\/jposta\/wp-json\/wp\/v2\/comments?post=9765"}],"version-history":[{"count":0,"href":"https:\/\/jotaposta.com.ar\/jposta\/wp-json\/wp\/v2\/posts\/9765\/revisions"}],"wp:attachment":[{"href":"https:\/\/jotaposta.com.ar\/jposta\/wp-json\/wp\/v2\/media?parent=9765"}],"wp:term":[{"taxonomy":"category","embeddable":true,"href":"https:\/\/jotaposta.com.ar\/jposta\/wp-json\/wp\/v2\/categories?post=9765"},{"taxonomy":"post_tag","embeddable":true,"href":"https:\/\/jotaposta.com.ar\/jposta\/wp-json\/wp\/v2\/tags?post=9765"}],"curies":[{"name":"wp","href":"https:\/\/api.w.org\/{rel}","templated":true}]}}