{"id":9607,"date":"2025-04-07T08:43:09","date_gmt":"2025-04-07T11:43:09","guid":{"rendered":"https:\/\/www.jotapostaok.com.ar\/?p=9607"},"modified":"2026-02-01T14:45:59","modified_gmt":"2026-02-01T14:45:59","slug":"paro-general-todo-lo-que-tenes-que-saber","status":"publish","type":"post","link":"https:\/\/jotaposta.com.ar\/jposta\/2025\/04\/07\/paro-general-todo-lo-que-tenes-que-saber\/","title":{"rendered":"Paro General: Todo lo que tenes que Saber"},"content":{"rendered":"\n<p class=\"wp-block-paragraph\">La Confederaci\u00f3n General del Trabajo (CGT) convoc\u00f3 a un paro general para el jueves pr\u00f3ximo y la medida afectar\u00e1 diferentes actividades en todo el pa\u00eds. Buena parte de los sindicatos del personal de transporte ratificaron su adhesi\u00f3n y lanzaron la convocatoria a una movilizaci\u00f3n como parte del plan de lucha.<\/p>\n\n\n\n<div class=\"wp-block-image\"><figure class=\"aligncenter\"><img decoding=\"async\" src=\"https:\/\/fotos.perfil.com\/2025\/04\/06\/trim\/987\/555\/060425cgtmarchanag-1998656.jpg\" alt=\"Semana caliente: la CGT se endurece ante LLA con una marcha y un paro  general | Perfil\"\/><\/figure><\/div>\n\n\n\n<p class=\"wp-block-paragraph\">Todav\u00eda no se defini\u00f3 si habr\u00e1 colectivos a pesar del paro, ya que el gremio de los choferes aguarda la resoluci\u00f3n formal de la Uni\u00f3n Tranviarios Automotor (UTA) en Buenos Aires para tomar posici\u00f3n.<\/p>\n\n\n\n<figure class=\"wp-block-image\"><img decoding=\"async\" src=\"https:\/\/www.jotaposta.com.ar\/wp-content\/uploads\/2025\/04\/cgt-1024x576.jpg\" alt=\"\" class=\"wp-image-9575\"\/><\/figure>\n\n\n\n<p class=\"wp-block-paragraph\"><strong>Qu\u00e9 gremios adhieren al paro general<\/strong><\/p>\n\n\n\n<p class=\"wp-block-paragraph\">La Confederaci\u00f3n de Trabajadores de la Educaci\u00f3n de la\nRep\u00fablica Argentina (CTERA) confirm\u00f3 su adhesi\u00f3n a la iniciativa de la CGT. La\nAsociaci\u00f3n del Magisterio de Santa Fe (Amsaf\u00e9) qued\u00f3 alineada con esta decisi\u00f3n\nde modo que los docentes no dictar\u00e1n clases en escuelas p\u00fablicas de Rosario.<\/p>\n\n\n\n<p class=\"wp-block-paragraph\">La huelga del 10 de abril implica la suspensi\u00f3n de la recolecci\u00f3n de residuos en la ciudad. El Sindicato de Peones de Taxis (SPT) tambi\u00e9n apoya el cese de actividades, pero es probable que algunos choferes salgan a trabajar de todos modos. La modalidad de funcionamiento del Transporte Urbano de Pasajeros (TUP) ser\u00e1 un factor clave en cuanto al nivel de acatamiento.<\/p>\n\n\n\n<div class=\"wp-block-image\"><figure class=\"aligncenter\"><img decoding=\"async\" src=\"https:\/\/media.0221.com.ar\/p\/f60cb919af1ac5d086fd7a8df8b46904\/adjuntos\/357\/imagenes\/100\/220\/0100220660\/1400x0\/smart\/paro-generalpng.png\" alt=\"Micros, trenes y bancos: \u00bfc\u00f3mo impactar\u00e1 el paro general de la CGT en la  regi\u00f3n?\"\/><\/figure><\/div>\n\n\n\n<p class=\"wp-block-paragraph\">En lo que respecta a otras ramas productivas y de servicios,\neste jueves no habr\u00e1 atenci\u00f3n al p\u00fablico en los bancos de la ciudad. Otros\ngremios decidieron frenar la actividad en el puerto y el Aeropuerto\nInternacional Rosario. Al mismo tiempo se anunci\u00f3 el levantamiento de las\nbarreras en las estaciones de peaje de las rutas de la regi\u00f3n. Mientras tanto,\nfalta que la Asociaci\u00f3n de Empleados de Comercio (AEC) defina su plan de acci\u00f3n\nen lo que respecta a los supermercados y otros negocios.<\/p>\n\n\n\n<p class=\"wp-block-paragraph\">Ratner reivindic\u00f3 la medida de fuerza como una herramienta\npara pronunciarse contra un plan econ\u00f3mico &#8220;cruel&#8221; que &#8220;va\ncontra todos y todas&#8221; en Argentina. &#8220;Tenemos un gobierno nacional que\nnos est\u00e1 endeudando con el Fondo Monetario Internacional. Las recetas ya las\nconocemos. No es la primera vez que sucede esto, lo vivimos en los 90 y viene\nde mucho antes tambi\u00e9n&#8221;, expres\u00f3 la dirigente.<\/p>\n\n\n\n<figure class=\"wp-block-image\"><img loading=\"lazy\" decoding=\"async\" width=\"1024\" height=\"598\" src=\"https:\/\/www.jotaposta.com.ar\/wp-content\/uploads\/2020\/06\/tren-colectivo-subte-1024x598.jpg\" alt=\"\" class=\"wp-image-6716\" srcset=\"https:\/\/jotaposta.com.ar\/jposta\/wp-content\/uploads\/2020\/06\/tren-colectivo-subte-1024x598.jpg 1024w, https:\/\/jotaposta.com.ar\/jposta\/wp-content\/uploads\/2020\/06\/tren-colectivo-subte-300x175.jpg 300w, https:\/\/jotaposta.com.ar\/jposta\/wp-content\/uploads\/2020\/06\/tren-colectivo-subte-768x448.jpg 768w, https:\/\/jotaposta.com.ar\/jposta\/wp-content\/uploads\/2020\/06\/tren-colectivo-subte.jpg 1170w\" sizes=\"auto, (max-width: 1024px) 100vw, 1024px\" \/><\/figure>\n\n\n\n<p class=\"wp-block-paragraph\"><strong>Qu\u00e9 pasa con el transporte<\/strong><\/p>\n\n\n\n<p class=\"wp-block-paragraph\">La definici\u00f3n de la UTA ten\u00eda gran expectativa, ya que un paro de transporte tambi\u00e9n conlleva un freno total de la actividad. Aunque se suma al paro, no podr\u00e1 implementar medidas de fuerza debido a la conciliaci\u00f3n obligatoria impuesta por la Secretar\u00eda de Trabajo la semana pasada, en el contexto de las negociaciones con las c\u00e1maras empresariales. Por lo tanto, los colectivos urbanos operar\u00e1n con normalidad el pr\u00f3ximo 10 de abril.<\/p>\n\n\n\n<div class=\"wp-block-image\"><figure class=\"aligncenter\"><img decoding=\"async\" src=\"https:\/\/resizer.iproimg.com\/unsafe\/1280x\/filters:format(webp):quality(85)\/https:\/\/assets.iprofesional.com\/assets\/jpg\/2024\/10\/586589.jpg\" alt=\"P\u00e9rdida de salarios de los participantes del paro general ilegal de la CGT\"\/><\/figure><\/div>\n\n\n\n<p class=\"wp-block-paragraph\">Las operaciones de los aeropuertos de todo el pa\u00eds se ver\u00edan\nafectadas. El medio especializado en turismo y viajes Ladevi comunic\u00f3 que se\nestima que la medida de fuerza provocar\u00eda la cancelaci\u00f3n de 267 vuelos y la\nprogramaci\u00f3n de otros 26, lo que podr\u00eda afectar los viajes de m\u00e1s de 40 mil\npasajeros.<\/p>\n\n\n\n<p class=\"wp-block-paragraph\">Las entidades a\u00e9reas que anunciaron su adhesi\u00f3n son: la\nAsociaci\u00f3n de Pilotos de L\u00edneas A\u00e9reas (APLA), la Asociaci\u00f3n del Personal\nAeron\u00e1utico (APA) y la Uni\u00f3n del Personal Superior y Profesional de Empresas\nAerocomerciales (UPSA). Adem\u00e1s, la Asociaci\u00f3n de T\u00e9cnicos y Empleados de\nProtecci\u00f3n a la Aeronavegaci\u00f3n (Atepsa), que representa a los trabajadores de\nla navegaci\u00f3n a\u00e9rea, tambi\u00e9n se unir\u00e1.<\/p>\n\n\n\n<figure class=\"wp-block-image\"><img decoding=\"async\" src=\"https:\/\/www.jotaposta.com.ar\/wp-content\/uploads\/2024\/10\/uta-paro-coliectivo-1024x456.jpg\" alt=\"\" class=\"wp-image-8704\"\/><\/figure>\n\n\n\n<p class=\"wp-block-paragraph\"><strong>Otros servicios<\/strong><\/p>\n\n\n\n<p class=\"wp-block-paragraph\">En lo que respecta a la administraci\u00f3n p\u00fablica, los\nsindicatos estatales m\u00e1s importantes han confirmado su participaci\u00f3n en el\nparo. As\u00ed, UPCN y ATE han decidido que no habr\u00e1 atenci\u00f3n al p\u00fablico ni\nactividades en los organismos, afectando \u00e1reas estatales, organismos p\u00fablicos,\nmunicipios e incluso hospitales.<\/p>\n","protected":false},"excerpt":{"rendered":"<p>La Confederaci\u00f3n General del Trabajo (CGT) convoc\u00f3 a un paro general para el jueves pr\u00f3ximo y la medida afectar\u00e1 diferentes actividades en todo el pa\u00eds. Buena parte de los sindicatos del personal de transporte ratificaron su adhesi\u00f3n y lanzaron la convocatoria a una movilizaci\u00f3n como parte del plan de lucha. Todav\u00eda no se defini\u00f3 si &hellip;<\/p>\n","protected":false},"author":1,"featured_media":9608,"comment_status":"open","ping_status":"open","sticky":false,"template":"","format":"standard","meta":{"pagelayer_contact_templates":[],"_pagelayer_content":"","iawp_total_views":6,"footnotes":""},"categories":[4,25],"tags":[108,165,1072,1445,1768,2857,2924,3155,3522,3831,4032,4103,4233,4678,4727,4728,4921,5169,5317,5881,6271,6319],"class_list":["post-9607","post","type-post","status-publish","format-standard","has-post-thumbnail","hentry","category-actualidad-politica","category-resumen-de-noticias","tag-actividades","tag-adhesion","tag-cgt","tag-convocatoria","tag-derechos","tag-general","tag-gremios","tag-huelga","tag-jueves","tag-lucha","tag-medida","tag-milei","tag-movilizacion","tag-pais","tag-paro","tag-paro-30","tag-plan","tag-protesta","tag-reclamo","tag-sindicatos","tag-trabajadores","tag-transporte"],"_links":{"self":[{"href":"https:\/\/jotaposta.com.ar\/jposta\/wp-json\/wp\/v2\/posts\/9607","targetHints":{"allow":["GET"]}}],"collection":[{"href":"https:\/\/jotaposta.com.ar\/jposta\/wp-json\/wp\/v2\/posts"}],"about":[{"href":"https:\/\/jotaposta.com.ar\/jposta\/wp-json\/wp\/v2\/types\/post"}],"author":[{"embeddable":true,"href":"https:\/\/jotaposta.com.ar\/jposta\/wp-json\/wp\/v2\/users\/1"}],"replies":[{"embeddable":true,"href":"https:\/\/jotaposta.com.ar\/jposta\/wp-json\/wp\/v2\/comments?post=9607"}],"version-history":[{"count":1,"href":"https:\/\/jotaposta.com.ar\/jposta\/wp-json\/wp\/v2\/posts\/9607\/revisions"}],"predecessor-version":[{"id":12636,"href":"https:\/\/jotaposta.com.ar\/jposta\/wp-json\/wp\/v2\/posts\/9607\/revisions\/12636"}],"wp:attachment":[{"href":"https:\/\/jotaposta.com.ar\/jposta\/wp-json\/wp\/v2\/media?parent=9607"}],"wp:term":[{"taxonomy":"category","embeddable":true,"href":"https:\/\/jotaposta.com.ar\/jposta\/wp-json\/wp\/v2\/categories?post=9607"},{"taxonomy":"post_tag","embeddable":true,"href":"https:\/\/jotaposta.com.ar\/jposta\/wp-json\/wp\/v2\/tags?post=9607"}],"curies":[{"name":"wp","href":"https:\/\/api.w.org\/{rel}","templated":true}]}}