{"id":9566,"date":"2025-04-04T00:20:09","date_gmt":"2025-04-04T03:20:09","guid":{"rendered":"https:\/\/www.jotapostaok.com.ar\/?p=9566"},"modified":"2025-04-04T00:20:09","modified_gmt":"2025-04-04T03:20:09","slug":"la-reaccion-de-milei-tras-la-historica-derrota-en-senado","status":"publish","type":"post","link":"https:\/\/jotaposta.com.ar\/jposta\/2025\/04\/04\/la-reaccion-de-milei-tras-la-historica-derrota-en-senado\/","title":{"rendered":"La reacci\u00f3n de Milei tras la hist\u00f3rica derrota en Senado"},"content":{"rendered":"\n<p>Luego de que el Senado de la Naci\u00f3n rechazara los pliegos\njudiciales de Ariel Lijo y Manuel Garc\u00eda Mansilla para formar parte de la Corte\nSuprema de Justicia, la Oficina del presidente Javier Milei &#8220;repudi\u00f3 la\ndecisi\u00f3n&#8221; de los legisladores de la C\u00e1mara baja&#8221;.<\/p>\n\n\n\n<p>&#8220;Durante el \u00faltimo a\u00f1o los senadores tuvieron a disposici\u00f3n los pliegos de los Dres. Manuel Garc\u00eda-Mansilla y Ariel Lijo, participando en toda instancia del proceso de selecci\u00f3n establecida por la normativa vigente. Sin embargo, luego de dilatar la votaci\u00f3n durante meses, optaron por priorizar la preocupaci\u00f3n por sus causas judiciales y las de sus dirigentes, en detrimento del funcionamiento de uno de los tres poderes de la Rep\u00fablica&#8221;, se descarg\u00f3 el Gobierno.<\/p>\n\n\n\n<figure class=\"wp-block-image\"><img decoding=\"async\" src=\"https:\/\/media.minutouno.com\/p\/c6bcdc8d3421c980efa4db92cfcd0ecb\/adjuntos\/150\/imagenes\/042\/316\/0042316794\/610x0\/smart\/comunicado-del-gobiernojpg.jpg\" alt=\"\"\/><\/figure>\n\n\n\n<p>En este sentido, destacaron que &#8220;por primera vez en la\nhistoria, el Senado de la Naci\u00f3n ha rechazado pliegos propuestos por un\nPresidente, por motivos meramente pol\u00edticos y no por cuestiones de idoneidad,\nlo que evidencia una vez m\u00e1s que la C\u00e1mara Alta es el refugio de la casta\npol\u00edtica en el Congreso de la Naci\u00f3n&#8221;.<\/p>\n\n\n\n<p>&#8220;Convertido en una m\u00e1quina de impedir, el Senado no\nact\u00faa en favor del pueblo, sino que tiene como \u00fanico fin obstruir el futuro de\nla Naci\u00f3n Argentina&#8221;, agregaron, cuando en realidad el Gobierno intenta\navasallar a un poder independiente, que es el Judicial, y debe estar alejado\ndel Ejecutivo.<\/p>\n\n\n\n<p>Y sumaron: &#8220;Es evidente que la politizaci\u00f3n de la\njusticia representa una amenaza para la democracia. Mientras la clase pol\u00edtica\nanteponga su protecci\u00f3n penal y no la normalizaci\u00f3n del sistema judicial, el\nderecho a la justicia continuar\u00e1 limitado en la Rep\u00fablica Argentina&#8221;.<\/p>\n\n\n\n<p>Finalmente, redactaron: &#8220;El Presidente de la Naci\u00f3n\ncontinuar\u00e1 trabajando incansablemente para garantizar la independencia judicial\ny restaurar la confianza del pueblo en las instituciones, utilizando todas las\nherramientas que la Constituci\u00f3n Nacional y el voto popular han puesto en sus\nmanos&#8221;.<\/p>\n","protected":false},"excerpt":{"rendered":"<p>Luego de que el Senado de la Naci\u00f3n rechazara los pliegos judiciales de Ariel Lijo y Manuel Garc\u00eda Mansilla para formar parte de la Corte Suprema de Justicia, la Oficina del presidente Javier Milei &#8220;repudi\u00f3 la decisi\u00f3n&#8221; de los legisladores de la C\u00e1mara baja&#8221;. &#8220;Durante el \u00faltimo a\u00f1o los senadores tuvieron a disposici\u00f3n los pliegos &hellip;<\/p>\n","protected":false},"author":1,"featured_media":7791,"comment_status":"open","ping_status":"open","sticky":false,"template":"","format":"standard","meta":{"pagelayer_contact_templates":[],"_pagelayer_content":"","iawp_total_views":0,"footnotes":""},"categories":[4],"tags":[],"class_list":["post-9566","post","type-post","status-publish","format-standard","has-post-thumbnail","hentry","category-actualidad-politica"],"_links":{"self":[{"href":"https:\/\/jotaposta.com.ar\/jposta\/wp-json\/wp\/v2\/posts\/9566","targetHints":{"allow":["GET"]}}],"collection":[{"href":"https:\/\/jotaposta.com.ar\/jposta\/wp-json\/wp\/v2\/posts"}],"about":[{"href":"https:\/\/jotaposta.com.ar\/jposta\/wp-json\/wp\/v2\/types\/post"}],"author":[{"embeddable":true,"href":"https:\/\/jotaposta.com.ar\/jposta\/wp-json\/wp\/v2\/users\/1"}],"replies":[{"embeddable":true,"href":"https:\/\/jotaposta.com.ar\/jposta\/wp-json\/wp\/v2\/comments?post=9566"}],"version-history":[{"count":0,"href":"https:\/\/jotaposta.com.ar\/jposta\/wp-json\/wp\/v2\/posts\/9566\/revisions"}],"wp:featuredmedia":[{"embeddable":true,"href":"https:\/\/jotaposta.com.ar\/jposta\/wp-json\/wp\/v2\/media\/7791"}],"wp:attachment":[{"href":"https:\/\/jotaposta.com.ar\/jposta\/wp-json\/wp\/v2\/media?parent=9566"}],"wp:term":[{"taxonomy":"category","embeddable":true,"href":"https:\/\/jotaposta.com.ar\/jposta\/wp-json\/wp\/v2\/categories?post=9566"},{"taxonomy":"post_tag","embeddable":true,"href":"https:\/\/jotaposta.com.ar\/jposta\/wp-json\/wp\/v2\/tags?post=9566"}],"curies":[{"name":"wp","href":"https:\/\/api.w.org\/{rel}","templated":true}]}}