{"id":9284,"date":"2025-03-19T00:34:45","date_gmt":"2025-03-19T03:34:45","guid":{"rendered":"https:\/\/www.jotapostaok.com.ar\/?p=9284"},"modified":"2025-03-19T00:34:45","modified_gmt":"2025-03-19T03:34:45","slug":"adorni-candidato","status":"publish","type":"post","link":"https:\/\/jotaposta.com.ar\/jposta\/2025\/03\/19\/adorni-candidato\/","title":{"rendered":"\u00bfAdorni candidato?"},"content":{"rendered":"\n<p class=\"wp-block-paragraph\">El vocero presidencial Manuel\u00a0Adorni manifest\u00f3 que postularse por La Libertad Avanza &#8220;es una\u00a0posibilidad&#8221;, aunque destac\u00f3 que la decisi\u00f3n estar\u00e1 supeditada al\u00a0pedido del presidente Javier Milei.\u00a0<\/p>\n\n\n\n<p class=\"wp-block-paragraph\">&#8220;Somos todos candidatos hasta el cierre de listas. Despu\u00e9s ya no&nbsp;depende de m\u00ed. Donde el presidente me necesite, ah\u00ed voy a estar&#8221;,&nbsp;se\u00f1al\u00f3 en declaraciones a A24.<\/p>\n\n\n\n<p class=\"wp-block-paragraph\">Adorni, quien cumple un rol clave defendiendo al gobierno cada&nbsp;ma\u00f1ana en conferencia de prensa, manifest\u00f3 que el trabajo que&nbsp;realiza &#8220;es muy bueno&#8221;.&nbsp;<\/p>\n\n\n\n<p class=\"wp-block-paragraph\">&#8220;M\u00e1s all\u00e1 del color que le pongo y est\u00e1 mal&nbsp;que yo lo diga, creo que se hace un buen trabajo. Esa es la opini\u00f3n&nbsp;de Karina y del presidente Milei. Despu\u00e9s, si ellos me quieren para&nbsp;otra funci\u00f3n, lo veremos&#8221;, destac\u00f3. &nbsp; &nbsp; &nbsp;<\/p>\n\n\n\n<p class=\"wp-block-paragraph\">El funcionario tambi\u00e9n realiz\u00f3 advertencias sobre la pr\u00f3xima&nbsp;marcha de jubilados que se realizar\u00e1 este mi\u00e9rcoles, en&nbsp;inmediaciones del Congreso.&nbsp;<\/p>\n\n\n\n<p class=\"wp-block-paragraph\">&#8220;Esperamos lo que esperar\u00eda cualquier argentino de bien, que la&nbsp;manifestaci\u00f3n sea en paz. En la anterior no vi ning\u00fan jubilado&nbsp;tirando piedras, prendiendo fuego patrulleros, de hecho casi no se&nbsp;ve\u00eda jubilados. El que vea violencia que se corra porque las&nbsp;fuerzas de seguridad van a actuar&#8221;, manifest\u00f3.<\/p>\n\n\n\n<p class=\"wp-block-paragraph\">Adem\u00e1s, se refiri\u00f3 al delicado momento de salud que vive el&nbsp;fot\u00f3grafo Pablo Grillo, quien permanece internado en el Hospital&nbsp;Ramos Mej\u00eda tras ser gravemente herido por un disparo de gas&nbsp;lacrim\u00f3geno ejecutado por un gendarme.&nbsp; &nbsp;<\/p>\n\n\n\n<p class=\"wp-block-paragraph\">&#8220;Es un hecho desgraciado porque la violencia jam\u00e1s deber\u00eda haber&nbsp;ocurrido&#8221;, se\u00f1al\u00f3.<\/p>\n","protected":false},"excerpt":{"rendered":"<p>El vocero presidencial Manuel\u00a0Adorni manifest\u00f3 que postularse por La Libertad Avanza &#8220;es una\u00a0posibilidad&#8221;, aunque destac\u00f3 que la decisi\u00f3n estar\u00e1 supeditada al\u00a0pedido del presidente Javier Milei.\u00a0 &#8220;Somos todos candidatos hasta el cierre de listas. Despu\u00e9s ya no&nbsp;depende de m\u00ed. Donde el presidente me necesite, ah\u00ed voy a estar&#8221;,&nbsp;se\u00f1al\u00f3 en declaraciones a A24. Adorni, quien cumple un &hellip;<\/p>\n","protected":false},"author":1,"featured_media":9285,"comment_status":"open","ping_status":"open","sticky":false,"template":"","format":"standard","meta":{"pagelayer_contact_templates":[],"_pagelayer_content":"","iawp_total_views":6,"footnotes":""},"categories":[4],"tags":[],"class_list":["post-9284","post","type-post","status-publish","format-standard","has-post-thumbnail","hentry","category-actualidad-politica"],"_links":{"self":[{"href":"https:\/\/jotaposta.com.ar\/jposta\/wp-json\/wp\/v2\/posts\/9284","targetHints":{"allow":["GET"]}}],"collection":[{"href":"https:\/\/jotaposta.com.ar\/jposta\/wp-json\/wp\/v2\/posts"}],"about":[{"href":"https:\/\/jotaposta.com.ar\/jposta\/wp-json\/wp\/v2\/types\/post"}],"author":[{"embeddable":true,"href":"https:\/\/jotaposta.com.ar\/jposta\/wp-json\/wp\/v2\/users\/1"}],"replies":[{"embeddable":true,"href":"https:\/\/jotaposta.com.ar\/jposta\/wp-json\/wp\/v2\/comments?post=9284"}],"version-history":[{"count":0,"href":"https:\/\/jotaposta.com.ar\/jposta\/wp-json\/wp\/v2\/posts\/9284\/revisions"}],"wp:attachment":[{"href":"https:\/\/jotaposta.com.ar\/jposta\/wp-json\/wp\/v2\/media?parent=9284"}],"wp:term":[{"taxonomy":"category","embeddable":true,"href":"https:\/\/jotaposta.com.ar\/jposta\/wp-json\/wp\/v2\/categories?post=9284"},{"taxonomy":"post_tag","embeddable":true,"href":"https:\/\/jotaposta.com.ar\/jposta\/wp-json\/wp\/v2\/tags?post=9284"}],"curies":[{"name":"wp","href":"https:\/\/api.w.org\/{rel}","templated":true}]}}