{"id":9185,"date":"2025-03-16T09:16:57","date_gmt":"2025-03-16T12:16:57","guid":{"rendered":"https:\/\/www.jotapostaok.com.ar\/?p=9185"},"modified":"2025-03-16T09:16:57","modified_gmt":"2025-03-16T12:16:57","slug":"vuelve-bimba-un-espectaculo-de-los-titiriteros-del-san-martin","status":"publish","type":"post","link":"https:\/\/jotaposta.com.ar\/jposta\/2025\/03\/16\/vuelve-bimba-un-espectaculo-de-los-titiriteros-del-san-martin\/","title":{"rendered":"Vuelve Bimba, un espect\u00e1culo de los titiriteros del San Mart\u00edn"},"content":{"rendered":"\n<p class=\"wp-block-paragraph\">Desde el&nbsp;<strong>s\u00e1bado 22 de marzo a las 20.30 horas&nbsp;<\/strong>subir\u00e1 a escena en la Sala Cunill Cabanellas del Teatro San Mart\u00edn (Av. Corrientes 1530)&nbsp;<strong><em>Bimba.<\/em><\/strong><strong><em>Biograf\u00eda esc\u00e9nica sobre Adelaida Mangani<\/em><\/strong>, escrita y dirigida por Mariana D\u00edaz para el Grupo de Titiriteros del Teatro San Mart\u00edn.&nbsp;<\/p>\n\n\n\n<figure class=\"wp-block-image\"><img decoding=\"async\" src=\"https:\/\/www.jotaposta.com.ar\/wp-content\/uploads\/2025\/03\/CTB_8967.BIMBA-Adelaida-Mangani-CTBA-2024-foto-Carlos-Furman-2-1024x796.jpg\" alt=\"\" class=\"wp-image-9187\"\/><\/figure>\n\n\n\n<p class=\"wp-block-paragraph\">Se trata de un espect\u00e1culo multifac\u00e9tico que abre una ventana a una vida dedicada al arte. \u00bfQu\u00e9 poder secreto encierran los objetos? \u00bfQu\u00e9 ocurre cuando la vida sucede en el cruce de la ficci\u00f3n esc\u00e9nica y la vida cotidiana? \u00bfDe d\u00f3nde emerge la fuerza inagotable que sostiene e impulsa a crear? Muchos interrogantes y algunos secretos revelados se conjugan en esta historia, la de una artista en b\u00fasqueda permanente entre el entusiasmo, la curiosidad y el asombro.<\/p>\n\n\n\n<p class=\"wp-block-paragraph\">Las funciones tendr\u00e1n lugar de&nbsp;<strong>jueves a domingos a las 20.30 horas.&nbsp;<\/strong><\/p>\n\n\n\n<figure class=\"wp-block-image\"><img decoding=\"async\" src=\"https:\/\/www.jotaposta.com.ar\/wp-content\/uploads\/2025\/03\/CTB_9467.BIMBA-Adelaida-Mangani-CTBA-2024-foto-Carlos-Furman-1-1024x796.jpg\" alt=\"\" class=\"wp-image-9186\"\/><\/figure>\n\n\n\n<p class=\"wp-block-paragraph\"><strong><em>Bimba. Biograf\u00eda esc\u00e9nica sobre Adelaida Mangani<\/em><\/strong>&nbsp;est\u00e1 interpretada por Adelaida Mangani. Cuenta con la participaci\u00f3n de Jano Squeri y los titiriteros Victoriano Alonso, Andrea Baamonde, Diego B\u00e1ez Toro, Ariadna Bufano, Yanina Campanini, Laura Cardoso, Mariano Del Pozzo, Pablo Del Valle, Bruno Gianatelli, Julia Ibarra, Fernando Morando, Estanislao Ortiz, Esteban Quintana y Florencia Sva.<\/p>\n\n\n\n<p class=\"wp-block-paragraph\">El dise\u00f1o de vestuario es de \u00c1lvaro Urquizo; el dise\u00f1o y puesta de luces es de Magdalena Berretta Miguez; el dise\u00f1o y puesta de video es de Pablo Varela; el dise\u00f1o y puesta de sonido es de Alan Guarinacci; el dise\u00f1o de t\u00edteres y mecanismos es de Alejandra Farley; la realizaci\u00f3n de t\u00edteres y mecanismos es de Alejandra Farley, Katy Raggi, In\u00e9s Sceppa, Ivo Siffredi; el dise\u00f1o de escenograf\u00eda es de Carlos Di Pasquo; la direcci\u00f3n musical es de Pablo Viotti, y la direcci\u00f3n de Mariana D\u00edaz.<\/p>\n","protected":false},"excerpt":{"rendered":"<p>Desde el&nbsp;s\u00e1bado 22 de marzo a las 20.30 horas&nbsp;subir\u00e1 a escena en la Sala Cunill Cabanellas del Teatro San Mart\u00edn (Av. Corrientes 1530)&nbsp;Bimba.Biograf\u00eda esc\u00e9nica sobre Adelaida Mangani, escrita y dirigida por Mariana D\u00edaz para el Grupo de Titiriteros del Teatro San Mart\u00edn.&nbsp; Se trata de un espect\u00e1culo multifac\u00e9tico que abre una ventana a una vida &hellip;<\/p>\n","protected":false},"author":1,"featured_media":9188,"comment_status":"open","ping_status":"open","sticky":false,"template":"","format":"standard","meta":{"pagelayer_contact_templates":[],"_pagelayer_content":"","iawp_total_views":7,"footnotes":""},"categories":[5],"tags":[],"class_list":["post-9185","post","type-post","status-publish","format-standard","has-post-thumbnail","hentry","category-jp-agenda"],"_links":{"self":[{"href":"https:\/\/jotaposta.com.ar\/jposta\/wp-json\/wp\/v2\/posts\/9185","targetHints":{"allow":["GET"]}}],"collection":[{"href":"https:\/\/jotaposta.com.ar\/jposta\/wp-json\/wp\/v2\/posts"}],"about":[{"href":"https:\/\/jotaposta.com.ar\/jposta\/wp-json\/wp\/v2\/types\/post"}],"author":[{"embeddable":true,"href":"https:\/\/jotaposta.com.ar\/jposta\/wp-json\/wp\/v2\/users\/1"}],"replies":[{"embeddable":true,"href":"https:\/\/jotaposta.com.ar\/jposta\/wp-json\/wp\/v2\/comments?post=9185"}],"version-history":[{"count":0,"href":"https:\/\/jotaposta.com.ar\/jposta\/wp-json\/wp\/v2\/posts\/9185\/revisions"}],"wp:attachment":[{"href":"https:\/\/jotaposta.com.ar\/jposta\/wp-json\/wp\/v2\/media?parent=9185"}],"wp:term":[{"taxonomy":"category","embeddable":true,"href":"https:\/\/jotaposta.com.ar\/jposta\/wp-json\/wp\/v2\/categories?post=9185"},{"taxonomy":"post_tag","embeddable":true,"href":"https:\/\/jotaposta.com.ar\/jposta\/wp-json\/wp\/v2\/tags?post=9185"}],"curies":[{"name":"wp","href":"https:\/\/api.w.org\/{rel}","templated":true}]}}