{"id":9182,"date":"2025-03-16T08:24:56","date_gmt":"2025-03-16T11:24:56","guid":{"rendered":"https:\/\/www.jotapostaok.com.ar\/?p=9182"},"modified":"2026-02-23T00:54:39","modified_gmt":"2026-02-23T00:54:39","slug":"un-faro-de-saber-en-el-rio-de-la-plata","status":"publish","type":"post","link":"https:\/\/jotaposta.com.ar\/jposta\/2025\/03\/16\/un-faro-de-saber-en-el-rio-de-la-plata\/","title":{"rendered":"Un faro de saber en el R\u00edo de la Plata"},"content":{"rendered":"\n<p class=\"wp-block-paragraph\">En el alba de una naci\u00f3n que so\u00f1aba con la libertad, Mariano Moreno encendi\u00f3 una llama que a\u00fan hoy ilumina. El 16 de Marzo de 1812, con el \u00edmpetu de una Revoluci\u00f3n que reclamaba pensamiento propio, inaugur\u00f3 en Buenos Aires la <strong>Biblioteca P\u00fablica<\/strong>, hoy <strong>Biblioteca Nacional<\/strong>, la primera de Am\u00e9rica. Libros, ideas y palabras encontraron all\u00ed un refugio, un espacio donde el conocimiento se volvi\u00f3 patrimonio de todos.<\/p>\n\n\n\n<div class=\"wp-block-image\"><figure class=\"aligncenter\"><img decoding=\"async\" src=\"https:\/\/www.argentina.gob.ar\/sites\/default\/files\/actual_edificio_de_la_biblioteca_nacional_mariano_moreno_disenado_por_clorindo_testa_francisco_bullrich_y_alicia_cazzaniga.jpg\" alt=\"\"\/><\/figure><\/div>\n\n\n\n<p class=\"wp-block-paragraph\">Mariano Moreno fue mucho m\u00e1s que un abogado y pol\u00edtico: fue un ferviente defensor de la educaci\u00f3n y la difusi\u00f3n del pensamiento ilustrado. Como secretario de la Primera Junta, trabaj\u00f3 incansablemente para modernizar las estructuras coloniales y sentar las bases de un pa\u00eds libre y culto. Cre\u00eda en la importancia de la informaci\u00f3n como herramienta de emancipaci\u00f3n y, con ese esp\u00edritu, impuls\u00f3 la creaci\u00f3n de la Biblioteca P\u00fablica para que el conocimiento no quedara en manos de unos pocos.<\/p>\n\n\n\n<div class=\"wp-block-image\"><figure class=\"aligncenter\"><img decoding=\"async\" src=\"https:\/\/www.argentina.gob.ar\/sites\/default\/files\/esquina_de_la_manzana_de_las_luces_tomada_en_1893.jpg\" alt=\"\"\/><\/figure><\/div>\n\n\n\n<p class=\"wp-block-paragraph\">Para dotar de contenido a la biblioteca, Moreno solicit\u00f3 donaciones de libros a ciudadanos ilustrados y a instituciones, asegurando as\u00ed un acervo inicial que permitiera a los lectores acceder a obras fundamentales. En su <strong>Pr\u00f3logo a La Representaci\u00f3n de los Hacendados<\/strong>, dej\u00f3 en claro su postura sobre la necesidad de que los hombres de la nueva naci\u00f3n se eduquen y se formen en el pensamiento cr\u00edtico. Lamentablemente, su temprana muerte en 1811 dej\u00f3 inconclusos muchos de sus proyectos, pero su legado perdura en cada p\u00e1gina que hoy resguardan sus estanter\u00edas.<\/p>\n\n\n\n<div class=\"wp-block-image\"><figure class=\"aligncenter\"><img decoding=\"async\" src=\"https:\/\/www.argentina.gob.ar\/sites\/default\/files\/el_escritor_jorge_luis_borges_en_la_biblioteca_nacional.jpg\" alt=\"\"\/><\/figure><\/div>\n\n\n\n<p class=\"wp-block-paragraph\">Desde aquellos primeros vol\u00famenes donados, la Biblioteca Nacional ha crecido hasta convertirse en el mayor repositorio de la memoria argentina. Posee una vasta colecci\u00f3n de manuscritos, peri\u00f3dicos hist\u00f3ricos, fotograf\u00edas y grabaciones sonoras que documentan el devenir cultural del pa\u00eds. Ubicada desde 1992 en el moderno edificio de la calle Ag\u00fcero, su estructura brutalista contrasta con la calidez de su contenido, invitando a sumergirse en un universo de saber.<\/p>\n\n\n\n<figure class=\"wp-block-image\"><img decoding=\"async\" src=\"https:\/\/www.argentina.gob.ar\/sites\/default\/files\/parte_de_los_depositos_bibliograficos_de_la_biblioteca_nacional.jpg\" alt=\"\"\/><\/figure>\n\n\n\n<p class=\"wp-block-paragraph\">M\u00e1s de dos siglos despu\u00e9s, la Biblioteca Nacional sigue siendo un espacio de acceso libre a la cultura y el conocimiento, con exposiciones, actividades literarias y una colecci\u00f3n digital disponible para todo el p\u00fablico. Quienes deseen recorrer sus pasillos o explorar su archivo hist\u00f3rico pueden visitarla y descubrir un tesoro que sigue latiendo en el coraz\u00f3n de la cultura nacional.<\/p>\n\n\n\n<figure class=\"wp-block-image\"><img decoding=\"async\" src=\"https:\/\/www.argentina.gob.ar\/sites\/default\/files\/el_museo_del_libro_y_de_la_lengua_20_de_marzo.jpg\" alt=\"\"\/><\/figure>\n\n\n\n<h3 class=\"wp-block-heading\">Museo del Libro y de la Lengua<\/h3>\n\n\n\n<p class=\"wp-block-paragraph\">Por otra parte, y como anexo de la Biblioteca Nacional Mariano Moreno, el 29 de septiembre de 2011 se cre\u00f3 e inaugur\u00f3 el Museo del Libro y de la Lengua, en Av. Las Heras 2555 (CABA).<\/p>\n\n\n\n<p class=\"wp-block-paragraph\">las muestras del museo incorporan arte, tecnolog\u00eda, pedagog\u00edas y reflexiones de distintas disciplinas, proponiendo al visitante una relaci\u00f3n interactiva e invit\u00e1ndolo a que se reconozca como creador y depositario de un tesoro com\u00fan.<\/p>\n\n\n\n<p class=\"wp-block-paragraph\">Actualmente, se puede visitar la muestra&nbsp;<a href=\"https:\/\/www.bn.gov.ar\/agenda-cultural\/the-buenos-aires-affair-50-anos-1\/\" target=\"_blank\" rel=\"noreferrer noopener\">The Buenos Aires Affair: 50 a\u00f1os<\/a>. Se trata de una exposici\u00f3n que celebra la novela de Manuel Puig, a 50 a\u00f1os de su publicaci\u00f3n.<\/p>\n","protected":false},"excerpt":{"rendered":"<p>En el alba de una naci\u00f3n que so\u00f1aba con la libertad, Mariano Moreno encendi\u00f3 una llama que a\u00fan hoy ilumina. El 16 de Marzo de 1812, con el \u00edmpetu de una Revoluci\u00f3n que reclamaba pensamiento propio, inaugur\u00f3 en Buenos Aires la Biblioteca P\u00fablica, hoy Biblioteca Nacional, la primera de Am\u00e9rica. Libros, ideas y palabras encontraron &hellip;<\/p>\n","protected":false},"author":1,"featured_media":9183,"comment_status":"open","ping_status":"open","sticky":false,"template":"","format":"standard","meta":{"pagelayer_contact_templates":[],"_pagelayer_content":"","iawp_total_views":7,"footnotes":""},"categories":[4,25],"tags":[],"class_list":["post-9182","post","type-post","status-publish","format-standard","has-post-thumbnail","hentry","category-actualidad-politica","category-resumen-de-noticias"],"_links":{"self":[{"href":"https:\/\/jotaposta.com.ar\/jposta\/wp-json\/wp\/v2\/posts\/9182","targetHints":{"allow":["GET"]}}],"collection":[{"href":"https:\/\/jotaposta.com.ar\/jposta\/wp-json\/wp\/v2\/posts"}],"about":[{"href":"https:\/\/jotaposta.com.ar\/jposta\/wp-json\/wp\/v2\/types\/post"}],"author":[{"embeddable":true,"href":"https:\/\/jotaposta.com.ar\/jposta\/wp-json\/wp\/v2\/users\/1"}],"replies":[{"embeddable":true,"href":"https:\/\/jotaposta.com.ar\/jposta\/wp-json\/wp\/v2\/comments?post=9182"}],"version-history":[{"count":1,"href":"https:\/\/jotaposta.com.ar\/jposta\/wp-json\/wp\/v2\/posts\/9182\/revisions"}],"predecessor-version":[{"id":12786,"href":"https:\/\/jotaposta.com.ar\/jposta\/wp-json\/wp\/v2\/posts\/9182\/revisions\/12786"}],"wp:attachment":[{"href":"https:\/\/jotaposta.com.ar\/jposta\/wp-json\/wp\/v2\/media?parent=9182"}],"wp:term":[{"taxonomy":"category","embeddable":true,"href":"https:\/\/jotaposta.com.ar\/jposta\/wp-json\/wp\/v2\/categories?post=9182"},{"taxonomy":"post_tag","embeddable":true,"href":"https:\/\/jotaposta.com.ar\/jposta\/wp-json\/wp\/v2\/tags?post=9182"}],"curies":[{"name":"wp","href":"https:\/\/api.w.org\/{rel}","templated":true}]}}