{"id":9148,"date":"2025-03-12T21:33:43","date_gmt":"2025-03-13T00:33:43","guid":{"rendered":"https:\/\/www.jotapostaok.com.ar\/?p=9148"},"modified":"2025-03-12T21:33:43","modified_gmt":"2025-03-13T00:33:43","slug":"represion-policial-un-fotografo-fue-gravemente-herido-video","status":"publish","type":"post","link":"https:\/\/jotaposta.com.ar\/jposta\/2025\/03\/12\/represion-policial-un-fotografo-fue-gravemente-herido-video\/","title":{"rendered":"Represi\u00f3n Policial: un fot\u00f3grafo fue gravemente herido (video)"},"content":{"rendered":"\n<p class=\"wp-block-paragraph\">La represi\u00f3n policial a la\u00a0<strong>marcha de jubilados e hinchas en el Congreso<\/strong>\u00a0dej\u00f3 un saldo de heridos y detenidos, entre ellos el reportero gr\u00e1fico\u00a0<strong>Pablo Grillo<\/strong>, quien sufri\u00f3 una\u00a0<strong>fractura de cr\u00e1neo<\/strong>\u00a0tras recibir el impacto de un cartucho de gas lacrim\u00f3geno disparado por la Polic\u00eda Federal.<\/p>\n\n\n\n<p class=\"wp-block-paragraph\">El trabajador de prensa&nbsp;<strong>debi\u00f3 ser trasladado de urgencia al Hospital Argerich<\/strong>, donde permanece internado en&nbsp;<strong>grave estado y siendo operado<\/strong>, debido a la&nbsp;<strong>p\u00e9rdida de masa encef\u00e1lica<\/strong>. Grillo, adem\u00e1s, es empleado del&nbsp;<strong>Consejo Deliberante de Lomas de Zamora<\/strong>.<\/p>\n\n\n\n<figure class=\"wp-block-video aligncenter\"><video controls src=\"https:\/\/www.jotaposta.com.ar\/wp-content\/uploads\/2025\/03\/video.mp4\"><\/video><\/figure>\n\n\n\n<p class=\"wp-block-paragraph\">La jornada de protestas se llev\u00f3 a cabo&nbsp;<strong>en el Congreso, en Plaza de Mayo y en varias provincias del pa\u00eds<\/strong>, en respaldo a los jubilados, con la participaci\u00f3n de&nbsp;<strong>sindicatos, agrupaciones sociales e hinchadas de f\u00fatbol<\/strong>.<\/p>\n\n\n\n<p class=\"wp-block-paragraph\">Fuera del Congreso, se registraron&nbsp;<strong>fuertes enfrentamientos<\/strong>&nbsp;entre manifestantes y efectivos de seguridad. Aunque a\u00fan no hay una cifra oficial,&nbsp;<strong>se estima que hubo al menos seis heridos y un n\u00famero indeterminado de detenidos<\/strong>.<\/p>\n\n\n\n<p class=\"wp-block-paragraph\">El operativo policial, encabezado por el Ministerio de Seguridad que dirige&nbsp;<strong>Patricia Bullrich<\/strong>, incluy\u00f3&nbsp;<strong>gases lacrim\u00f3genos, camiones hidrantes y balas de goma<\/strong>. Personal del&nbsp;<strong>SAME y la Cruz Roja<\/strong>&nbsp;asisti\u00f3 a manifestantes afectados por el uso de&nbsp;<strong>gas pimienta y golpes de los efectivos<\/strong>.<\/p>\n","protected":false},"excerpt":{"rendered":"<p>La represi\u00f3n policial a la\u00a0marcha de jubilados e hinchas en el Congreso\u00a0dej\u00f3 un saldo de heridos y detenidos, entre ellos el reportero gr\u00e1fico\u00a0Pablo Grillo, quien sufri\u00f3 una\u00a0fractura de cr\u00e1neo\u00a0tras recibir el impacto de un cartucho de gas lacrim\u00f3geno disparado por la Polic\u00eda Federal. El trabajador de prensa&nbsp;debi\u00f3 ser trasladado de urgencia al Hospital Argerich, donde &hellip;<\/p>\n","protected":false},"author":1,"featured_media":9149,"comment_status":"open","ping_status":"open","sticky":false,"template":"","format":"standard","meta":{"pagelayer_contact_templates":[],"_pagelayer_content":"","iawp_total_views":5,"footnotes":""},"categories":[4],"tags":[],"class_list":["post-9148","post","type-post","status-publish","format-standard","has-post-thumbnail","hentry","category-actualidad-politica"],"_links":{"self":[{"href":"https:\/\/jotaposta.com.ar\/jposta\/wp-json\/wp\/v2\/posts\/9148","targetHints":{"allow":["GET"]}}],"collection":[{"href":"https:\/\/jotaposta.com.ar\/jposta\/wp-json\/wp\/v2\/posts"}],"about":[{"href":"https:\/\/jotaposta.com.ar\/jposta\/wp-json\/wp\/v2\/types\/post"}],"author":[{"embeddable":true,"href":"https:\/\/jotaposta.com.ar\/jposta\/wp-json\/wp\/v2\/users\/1"}],"replies":[{"embeddable":true,"href":"https:\/\/jotaposta.com.ar\/jposta\/wp-json\/wp\/v2\/comments?post=9148"}],"version-history":[{"count":0,"href":"https:\/\/jotaposta.com.ar\/jposta\/wp-json\/wp\/v2\/posts\/9148\/revisions"}],"wp:attachment":[{"href":"https:\/\/jotaposta.com.ar\/jposta\/wp-json\/wp\/v2\/media?parent=9148"}],"wp:term":[{"taxonomy":"category","embeddable":true,"href":"https:\/\/jotaposta.com.ar\/jposta\/wp-json\/wp\/v2\/categories?post=9148"},{"taxonomy":"post_tag","embeddable":true,"href":"https:\/\/jotaposta.com.ar\/jposta\/wp-json\/wp\/v2\/tags?post=9148"}],"curies":[{"name":"wp","href":"https:\/\/api.w.org\/{rel}","templated":true}]}}