{"id":9010,"date":"2025-02-18T10:01:30","date_gmt":"2025-02-18T13:01:30","guid":{"rendered":"https:\/\/www.jotapostaok.com.ar\/?p=9010"},"modified":"2026-02-28T02:24:03","modified_gmt":"2026-02-28T02:24:03","slug":"fiestabizarrem-el-carnaval-retro-que-hara-bailar-a-toda-una-generacion","status":"publish","type":"post","link":"https:\/\/jotaposta.com.ar\/jposta\/2025\/02\/18\/fiestabizarrem-el-carnaval-retro-que-hara-bailar-a-toda-una-generacion\/","title":{"rendered":"#FiestaBizarrem: el carnaval retro que har\u00e1 bailar a toda una generaci\u00f3n&quot;"},"content":{"rendered":"\n<p class=\"wp-block-paragraph\">El aire huele a nostalgia y serpentinas. En el horizonte porte\u00f1o, donde alguna vez resonaron los ecos de los viejos carnavales, est\u00e1 a punto de despertar una fiesta que promete ser un t\u00fanel del tiempo directo a la infancia de quienes crecieron entre el walkman y el S\u00faper Nintendo, entre el p\u00f3ster de Vilma Palma y las rimas de Jazzy Mel. Fiesta Bizarrem llega a GEBA a finales de febrero con una misi\u00f3n clara: revivir el esp\u00edritu desfachatado de los \u201880 y \u201890, cuando la m\u00fasica se grababa en cassettes, las noches se iluminaban con luces estrobosc\u00f3picas y los carnavales porte\u00f1os a\u00fan derramaban papel picado sobre las veredas.<\/p>\n\n\n\n<figure class=\"wp-block-image\"><img decoding=\"async\" src=\"https:\/\/cdn.getcrowder.com\/images\/3bee0836-d0c9-4ab5-9b91-9ba478b0e338-20250228-v-eg-1920x720-8.jpg\" alt=\"BIZARREN MIUSIK PARTI (2025)\"\/><\/figure>\n\n\n\n<p class=\"wp-block-paragraph\">M\u00e1s que un evento, ser\u00e1 una m\u00e1quina del tiempo en clave de fiesta, con un escenario vibrante donde los \u00eddolos de entonces volver\u00e1n a cantar esos hits que se grabaron en la memoria colectiva. Pero tambi\u00e9n habr\u00e1 un rinc\u00f3n de feria, con juegos y delicias que recuerdan a aquellas kermeses de barrio donde se apostaban caramelos como si fueran lingotes de oro. Ser\u00e1 una noche de disfraces sin reglas, de baile sin frenos, de emociones sin filtro. Un reencuentro con una \u00e9poca que, aunque se haya quedado en los videoclubs y en los \u00e1lbumes de figuritas, nunca dej\u00f3 de sonar en el coraz\u00f3n de toda una generaci\u00f3n.<\/p>\n\n\n\n<figure class=\"wp-block-image\"><img decoding=\"async\" src=\"https:\/\/api.comunidad.fan\/web\/uploads\/froala\/8eb2990f39ec7232f8148f1df108c2c8a168657b.jpg\" alt=\"\"\/><\/figure>\n\n\n\n<p class=\"wp-block-paragraph\">Bizarren es una fiesta que se realiza en diferentes ciudades del pa\u00eds y que ya se ha transformado en un culto nacional, reuniendo a miles de personas cada noche. Desde su nacimiento hace 19 a\u00f1os, se convirti\u00f3 en un cl\u00e1sico infaltable de la noche, cuando un grupo de amigos decidi\u00f3 hacer una fiesta un tanto especial.<\/p>\n\n\n\n<figure class=\"wp-block-image\"><img decoding=\"async\" src=\"https:\/\/api.comunidad.fan\/web\/uploads\/froala\/a76376d9c351acd866a9112597bf2e838036caa0.jpg\" alt=\"\"\/><\/figure>\n\n\n\n<p class=\"wp-block-paragraph\">Este 2025 la cita ser\u00e1 el pr\u00f3ximo 28 de febrero y contar\u00e1\ncon la presencia de Kapanga, Vilma Palma, Marama, Los Sultanes, El mago y la\nnueva, Los Charros, Jazzy Mel y la conducci\u00f3n de Silvio Sold\u00e1n.<\/p>\n\n\n\n<p class=\"wp-block-paragraph\"><strong>D\u00f3nde y Cu\u00e1ndo? <\/strong>| Fecha: 28 de febrero &#8211; \u00a0Club GEBA<\/p>\n\n\n\n<p class=\"wp-block-paragraph\">Entradas:&nbsp;<a href=\"https:\/\/www.ticketflash.com.ar\/event\/bizarren-miusik-parti-2025\" target=\"_blank\" rel=\"noreferrer noopener\">https:\/\/www.ticketflash.com.ar\/event\/bizarren-miusik-parti-2025<\/a><\/p>\n","protected":false},"excerpt":{"rendered":"<p>El aire huele a nostalgia y serpentinas. En el horizonte porte\u00f1o, donde alguna vez resonaron los ecos de los viejos carnavales, est\u00e1 a punto de despertar una fiesta que promete ser un t\u00fanel del tiempo directo a la infancia de quienes crecieron entre el walkman y el S\u00faper Nintendo, entre el p\u00f3ster de Vilma Palma &hellip;<\/p>\n","protected":false},"author":1,"featured_media":9011,"comment_status":"open","ping_status":"open","sticky":false,"template":"","format":"standard","meta":{"pagelayer_contact_templates":[],"_pagelayer_content":"","iawp_total_views":5,"footnotes":""},"categories":[4],"tags":[350,351,973,1647,1991,2478,2652,2663,2852,3441,3576,4320,4428,6637],"class_list":["post-9010","post","type-post","status-publish","format-standard","has-post-thumbnail","hentry","category-actualidad-politica","tag-anos-80","tag-anos-90","tag-carnaval-retro","tag-cultura-pop","tag-diversion","tag-eventos-en-buenos-aires","tag-fiesta-bizarrem","tag-fiesta-tematica","tag-geba","tag-jazzy-mel","tag-kermese","tag-musica-en-vivo","tag-nostalgia","tag-vilma-palma"],"_links":{"self":[{"href":"https:\/\/jotaposta.com.ar\/jposta\/wp-json\/wp\/v2\/posts\/9010","targetHints":{"allow":["GET"]}}],"collection":[{"href":"https:\/\/jotaposta.com.ar\/jposta\/wp-json\/wp\/v2\/posts"}],"about":[{"href":"https:\/\/jotaposta.com.ar\/jposta\/wp-json\/wp\/v2\/types\/post"}],"author":[{"embeddable":true,"href":"https:\/\/jotaposta.com.ar\/jposta\/wp-json\/wp\/v2\/users\/1"}],"replies":[{"embeddable":true,"href":"https:\/\/jotaposta.com.ar\/jposta\/wp-json\/wp\/v2\/comments?post=9010"}],"version-history":[{"count":1,"href":"https:\/\/jotaposta.com.ar\/jposta\/wp-json\/wp\/v2\/posts\/9010\/revisions"}],"predecessor-version":[{"id":12815,"href":"https:\/\/jotaposta.com.ar\/jposta\/wp-json\/wp\/v2\/posts\/9010\/revisions\/12815"}],"wp:attachment":[{"href":"https:\/\/jotaposta.com.ar\/jposta\/wp-json\/wp\/v2\/media?parent=9010"}],"wp:term":[{"taxonomy":"category","embeddable":true,"href":"https:\/\/jotaposta.com.ar\/jposta\/wp-json\/wp\/v2\/categories?post=9010"},{"taxonomy":"post_tag","embeddable":true,"href":"https:\/\/jotaposta.com.ar\/jposta\/wp-json\/wp\/v2\/tags?post=9010"}],"curies":[{"name":"wp","href":"https:\/\/api.w.org\/{rel}","templated":true}]}}