{"id":8962,"date":"2025-02-16T18:19:04","date_gmt":"2025-02-16T21:19:04","guid":{"rendered":"https:\/\/www.jotapostaok.com.ar\/?p=8962"},"modified":"2025-02-16T18:19:04","modified_gmt":"2025-02-16T21:19:04","slug":"diputados-del-pro-no-estan-a-favor-del-juicio-politico-a-milei","status":"publish","type":"post","link":"https:\/\/jotaposta.com.ar\/jposta\/2025\/02\/16\/diputados-del-pro-no-estan-a-favor-del-juicio-politico-a-milei\/","title":{"rendered":"Diputados del &quot;PRO&quot; no estan a favor del Juicio Pol\u00edtico a Milei"},"content":{"rendered":"\n<p class=\"wp-block-paragraph\">En medio de las denuncias contra el presidente Javier Milei\npor la pol\u00e9mica promoci\u00f3n de la \u201ccriptomoneda\u201d $Libra, la cual perjudic\u00f3 a\nmiles de personas que decidieron invertir, desde el PRO emitieron un comunicado\nenfatizando en que, pese a la \u201cgrave\u201d situaci\u00f3n, el espacio no est\u00e1 a favor de\nque se realice un juicio pol\u00edtico contra el jefe de Estado.<\/p>\n\n\n\n<p class=\"wp-block-paragraph\">&nbsp;\u201cDesde el PRO\nexpresamos nuestra preocupaci\u00f3n por los hechos que sucedieron en las \u00faltimas\nhoras y que afectaron a la confianza en nuestro pa\u00eds\u201d, comienza el comunicado\ndel espacio liderado por Mauricio Macri. \u201cLo que pas\u00f3 es grave\u201d, enfatizaron\ndesde el partido<\/p>\n\n\n\n<p class=\"wp-block-paragraph\">E indicaron que la gravedad del caso no pasa solo por \u201cel\nimpacto econ\u00f3mico en quienes creyeron en esta inversi\u00f3n, sino tambi\u00e9n por la\ncredibilidad del pa\u00eds y la responsabilidad del entorno que rodea a la figura\npresidencial\u201d.<\/p>\n\n\n\n<p class=\"wp-block-paragraph\">En esa l\u00ednea, solicitaron que el hecho se investigue \u201ca\nfondo\u201d, con el fin de determinar \u201cc\u00f3mo pudo suceder esto\u201d. Adem\u00e1s, pidieron que\n\u201cse esclarezcan todas las dudas\u201d.<\/p>\n\n\n\n<p class=\"wp-block-paragraph\">\u201cEl Gobierno anunci\u00f3 una investigaci\u00f3n profunda, lo cual es\nun paso necesario, pero esperamos que este proceso sea riguroso y transparente,\nque responda todas las preguntas que hoy se hacen los argentinos y que se\nasuman las responsabilidades pol\u00edticas que correspondan\u201d, reforzaron.<\/p>\n\n\n\n<p class=\"wp-block-paragraph\">En tanto, mediante el mismo comunicado, los integrantes del\nPRO apuntaron contra el kirchnerismo por las cr\u00edticas contra el Presidente. \u201cY\nen esto queremos ser claros: denunciamos la utilizaci\u00f3n oportunista de esta\nsituaci\u00f3n por parte del kirchnerismo, que no tiene ninguna credibilidad para\ndar lecciones de moral y transparencia\u201d, puntualizaron.<\/p>\n\n\n\n<p class=\"wp-block-paragraph\">Por \u00faltimo, desde el espacio liderado por Mauricio Macri\naseguraron que est\u00e1n en contra de un juicio pol\u00edtico contra Javier Milei. \u201cNo\nestamos a favor de un juicio pol\u00edtico en esta instancia. Argentina no necesita\nm\u00e1s grieta ni maniobras pol\u00edticas irresponsables, sino respuestas claras y\njusticia para quienes fueron afectados\u201d, concluye el comunicado.<\/p>\n","protected":false},"excerpt":{"rendered":"<p>En medio de las denuncias contra el presidente Javier Milei por la pol\u00e9mica promoci\u00f3n de la \u201ccriptomoneda\u201d $Libra, la cual perjudic\u00f3 a miles de personas que decidieron invertir, desde el PRO emitieron un comunicado enfatizando en que, pese a la \u201cgrave\u201d situaci\u00f3n, el espacio no est\u00e1 a favor de que se realice un juicio pol\u00edtico &hellip;<\/p>\n","protected":false},"author":1,"featured_media":8963,"comment_status":"open","ping_status":"open","sticky":false,"template":"","format":"standard","meta":{"pagelayer_contact_templates":[],"_pagelayer_content":"","iawp_total_views":10,"footnotes":""},"categories":[4],"tags":[],"class_list":["post-8962","post","type-post","status-publish","format-standard","has-post-thumbnail","hentry","category-actualidad-politica"],"_links":{"self":[{"href":"https:\/\/jotaposta.com.ar\/jposta\/wp-json\/wp\/v2\/posts\/8962","targetHints":{"allow":["GET"]}}],"collection":[{"href":"https:\/\/jotaposta.com.ar\/jposta\/wp-json\/wp\/v2\/posts"}],"about":[{"href":"https:\/\/jotaposta.com.ar\/jposta\/wp-json\/wp\/v2\/types\/post"}],"author":[{"embeddable":true,"href":"https:\/\/jotaposta.com.ar\/jposta\/wp-json\/wp\/v2\/users\/1"}],"replies":[{"embeddable":true,"href":"https:\/\/jotaposta.com.ar\/jposta\/wp-json\/wp\/v2\/comments?post=8962"}],"version-history":[{"count":0,"href":"https:\/\/jotaposta.com.ar\/jposta\/wp-json\/wp\/v2\/posts\/8962\/revisions"}],"wp:attachment":[{"href":"https:\/\/jotaposta.com.ar\/jposta\/wp-json\/wp\/v2\/media?parent=8962"}],"wp:term":[{"taxonomy":"category","embeddable":true,"href":"https:\/\/jotaposta.com.ar\/jposta\/wp-json\/wp\/v2\/categories?post=8962"},{"taxonomy":"post_tag","embeddable":true,"href":"https:\/\/jotaposta.com.ar\/jposta\/wp-json\/wp\/v2\/tags?post=8962"}],"curies":[{"name":"wp","href":"https:\/\/api.w.org\/{rel}","templated":true}]}}