{"id":8960,"date":"2025-02-16T18:14:50","date_gmt":"2025-02-16T21:14:50","guid":{"rendered":"https:\/\/www.jotapostaok.com.ar\/?p=8960"},"modified":"2025-02-16T18:14:50","modified_gmt":"2025-02-16T21:14:50","slug":"cfk-chicaneo-a-milei-te-fuiste-al-pasto-mal","status":"publish","type":"post","link":"https:\/\/jotaposta.com.ar\/jposta\/2025\/02\/16\/cfk-chicaneo-a-milei-te-fuiste-al-pasto-mal\/","title":{"rendered":"CFK chicane\u00f3 a Milei: &quot;te fuiste al pasto mal&quot;"},"content":{"rendered":"\n<p class=\"wp-block-paragraph\">En medio de la pol\u00e9mica por el desplome de la criptomoneda\n$LIBRA, que Javier Milei promocion\u00f3 en sus redes sociales antes de que su valor\nse derrumbara en cuesti\u00f3n de horas, Cristina Kirchner sali\u00f3 al cruce con duras\ncr\u00edticas. A trav\u00e9s de un extenso posteo, la exmandataria denunci\u00f3 que el\nlibertario &#8220;infl\u00f3 su valor aprovech\u00e1ndose de su investidura\npresidencial&#8221; y lo acus\u00f3 de haber actuado como &#8220;el gancho de una\nestafa digital&#8221;.<\/p>\n\n\n\n<p class=\"wp-block-paragraph\">&#8220;Nunca en la historia se vio algo semejante&#8221;,\nexpres\u00f3 en su publicaci\u00f3n, que alterna frases en may\u00fascula para remarcar su\nindignaci\u00f3n. Dirigi\u00e9ndose directamente a Milei, afirm\u00f3: &#8220;De Hayek pasaste\na Ponzi y te fuiste al pasto mal&#8221;, en referencia a la combinaci\u00f3n de\nideolog\u00eda ultraliberal y maniobras fraudulentas en la econom\u00eda.<\/p>\n\n\n\n<blockquote class=\"twitter-tweet\"><p lang=\"es\" dir=\"ltr\">Esta vez el Che Milei no va porque, la verdad, NUNCA EN LA HISTORIA SE VIO ALGO SEMEJANTE.<br \/><br \/>De Hayek pasaste a Ponzi y te fuiste al pasto MAL.<br \/><br \/>Desde tu cuenta oficial de X promocionaste una criptomoneda privada, creada vaya a saber por qui\u00e9n.<br \/><br \/>Inflaste su valor aprovech\u00e1ndote de\u2026<\/p>&mdash; Cristina Kirchner (@CFKArgentina) <a href=\"https:\/\/twitter.com\/CFKArgentina\/status\/1890801394354942397?ref_src=twsrc%5Etfw\">February 15, 2025<\/a><\/blockquote> <script async src=\"https:\/\/platform.twitter.com\/widgets.js\" charset=\"utf-8\"><\/script>\n\n\n\n<p class=\"wp-block-paragraph\">Cristina tambi\u00e9n subray\u00f3 que miles de personas confiaron en\nla palabra del Presidente y adquirieron la criptomoneda a un precio inflado,\nsolo para perder grandes sumas cuando el mercado colaps\u00f3. &#8220;Mientras tanto,\nunos pocos (me juego la cabeza que todos libertarios) hicieron fortunas con\ninformaci\u00f3n privilegiada&#8221;, denunci\u00f3, sugiriendo la posibilidad de una\nmaniobra especulativa premeditada.<\/p>\n\n\n\n<p class=\"wp-block-paragraph\">En otro pasaje de su descargo, la expresidenta ironiz\u00f3 sobre\nla imagen que Milei intenta proyectar: &#8220;No era que sos \u2018el mejor\npresidente de la historia\u2019? No era que sos \u2018el genio de la econom\u00eda\u2019? De\nautoproclamado \u2018l\u00edder global\u2019 a crypto estafador\u201d. Tambi\u00e9n lo acus\u00f3 de\nconvertir a la Argentina en &#8220;un casino donde el crupier es el mism\u00edsimo\nPresidente&#8221; y de exponer a la poblaci\u00f3n a un sistema financiero sin\nregulaciones que, lejos de traer prosperidad, genera descontrol y posibles\nfraudes.<\/p>\n\n\n\n<p class=\"wp-block-paragraph\">El esc\u00e1ndalo por la criptomoneda ya deriv\u00f3 en un fuerte\nrevuelo pol\u00edtico. El diputado Esteban Paul\u00f3n anticip\u00f3 un pedido de juicio\npol\u00edtico contra el mandatario, mientras desde distintos sectores exigen\nexplicaciones sobre su rol en la promoci\u00f3n de un activo financiero que termin\u00f3\ngenerando p\u00e9rdidas millonarias para peque\u00f1os inversores.<\/p>\n","protected":false},"excerpt":{"rendered":"<p>En medio de la pol\u00e9mica por el desplome de la criptomoneda $LIBRA, que Javier Milei promocion\u00f3 en sus redes sociales antes de que su valor se derrumbara en cuesti\u00f3n de horas, Cristina Kirchner sali\u00f3 al cruce con duras cr\u00edticas. A trav\u00e9s de un extenso posteo, la exmandataria denunci\u00f3 que el libertario &#8220;infl\u00f3 su valor aprovech\u00e1ndose &hellip;<\/p>\n","protected":false},"author":1,"featured_media":5379,"comment_status":"open","ping_status":"open","sticky":false,"template":"","format":"standard","meta":{"pagelayer_contact_templates":[],"_pagelayer_content":"","iawp_total_views":7,"footnotes":""},"categories":[4],"tags":[],"class_list":["post-8960","post","type-post","status-publish","format-standard","has-post-thumbnail","hentry","category-actualidad-politica"],"_links":{"self":[{"href":"https:\/\/jotaposta.com.ar\/jposta\/wp-json\/wp\/v2\/posts\/8960","targetHints":{"allow":["GET"]}}],"collection":[{"href":"https:\/\/jotaposta.com.ar\/jposta\/wp-json\/wp\/v2\/posts"}],"about":[{"href":"https:\/\/jotaposta.com.ar\/jposta\/wp-json\/wp\/v2\/types\/post"}],"author":[{"embeddable":true,"href":"https:\/\/jotaposta.com.ar\/jposta\/wp-json\/wp\/v2\/users\/1"}],"replies":[{"embeddable":true,"href":"https:\/\/jotaposta.com.ar\/jposta\/wp-json\/wp\/v2\/comments?post=8960"}],"version-history":[{"count":0,"href":"https:\/\/jotaposta.com.ar\/jposta\/wp-json\/wp\/v2\/posts\/8960\/revisions"}],"wp:featuredmedia":[{"embeddable":true,"href":"https:\/\/jotaposta.com.ar\/jposta\/wp-json\/wp\/v2\/media\/5379"}],"wp:attachment":[{"href":"https:\/\/jotaposta.com.ar\/jposta\/wp-json\/wp\/v2\/media?parent=8960"}],"wp:term":[{"taxonomy":"category","embeddable":true,"href":"https:\/\/jotaposta.com.ar\/jposta\/wp-json\/wp\/v2\/categories?post=8960"},{"taxonomy":"post_tag","embeddable":true,"href":"https:\/\/jotaposta.com.ar\/jposta\/wp-json\/wp\/v2\/tags?post=8960"}],"curies":[{"name":"wp","href":"https:\/\/api.w.org\/{rel}","templated":true}]}}