{"id":8905,"date":"2025-02-10T00:56:44","date_gmt":"2025-02-10T03:56:44","guid":{"rendered":"https:\/\/www.jotapostaok.com.ar\/?p=8905"},"modified":"2026-03-01T20:58:36","modified_gmt":"2026-03-01T20:58:36","slug":"incendios-en-la-patagonia-ordenan-evacuaciones-de-emergencia","status":"publish","type":"post","link":"https:\/\/jotaposta.com.ar\/jposta\/2025\/02\/10\/incendios-en-la-patagonia-ordenan-evacuaciones-de-emergencia\/","title":{"rendered":"Incendios en la Patagonia: Ordenan evacuaciones de Emergencia"},"content":{"rendered":"\n<p>Los intensos incendios\nque afectan a El Bols\u00f3n est\u00e1n generando gran alarma. Las llamas contin\u00faan\nexpandi\u00e9ndose, y su control se vuelve cada vez m\u00e1s complicado. En las \u00faltimas\nhoras, seis individuos fueron arrestados bajo sospecha de haber iniciado los\nfocos de fuego.<\/p>\n\n\n\n<p>Sin embargo, el juez de\nGarant\u00edas Ricardo Calcagno decidi\u00f3 liberar a los detenidos por falta de\npruebas. &#8220;No se cumplen los requisitos necesarios para iniciar una\ninvestigaci\u00f3n contra estas personas, por lo que se ordena su liberaci\u00f3n\ninmediata&#8221;, resolvi\u00f3 el magistrado, en un fallo que se conoci\u00f3 este\ns\u00e1bado. Adem\u00e1s, hizo duras cr\u00edticas al trabajo realizado por la Fiscal\u00eda de El\nBols\u00f3n.<\/p>\n\n\n\n<figure class=\"wp-block-image\"><img decoding=\"async\" src=\"https:\/\/www.jotaposta.com.ar\/wp-content\/uploads\/2025\/02\/incendiosF4-1024x674.jpg\" alt=\"\" class=\"wp-image-8908\"\/><\/figure>\n\n\n\n<p>Por otro lado, seg\u00fan\ninform\u00f3 LM Neuqu\u00e9n, el juez de Garant\u00edas recrimin\u00f3 que &#8220;podr\u00edan haber\ninvestigado y no formular cargos &#8216;y despu\u00e9s vemos'&#8221;. Tambi\u00e9n apunt\u00f3 que\nhab\u00eda testimonios que habr\u00edan derribado la hip\u00f3tesis planteada por los\ninvestigadores.<\/p>\n\n\n\n<p>&#8220;Creo que resulta\nprematuro tener por formulado los cargos por cuatro declaraciones, cuando las\nsospechosas han ofrecido versiones de personas que dan por tierra la teor\u00eda del\nMinisterio P\u00fablico Fiscal&#8221;, explic\u00f3 al hacer referencia a los relatos de\ntestigos que indicaron que los acusados, cinco hombres y una mujer, ser\u00edan\namigos y parte de un grupo que promueve el cuidado por el medioambiente.<\/p>\n\n\n\n<div class=\"wp-block-image\"><figure class=\"aligncenter\"><img decoding=\"async\" src=\"https:\/\/www.jotaposta.com.ar\/wp-content\/uploads\/2025\/02\/incendiosF3-1024x738.jpg\" alt=\"\" class=\"wp-image-8907\"\/><\/figure><\/div>\n\n\n\n<p>Tambi\u00e9n dijeron que los\nincidentes que se dieron en la comisar\u00eda local, luego de que los acusados\nfueran detenidos, habr\u00edan sido motivados por la falta de vinculaci\u00f3n entre los\nse\u00f1alados y los hechos investigados.<\/p>\n\n\n\n<p>Hasta el momento, la\ncausa tiene un solo detenido, identificado como Nicol\u00e1s Heredia, de 31 a\u00f1os y\noriundo de Neuqu\u00e9n, despu\u00e9s de que fuera apresado por presuntamente haber\nmerodeado la zona bajo una &#8220;actitud sospechosa&#8221;.<\/p>\n\n\n\n<figure class=\"wp-block-image\"><img decoding=\"async\" src=\"https:\/\/www.jotaposta.com.ar\/wp-content\/uploads\/2025\/02\/incendiosF4-1024x674.jpg\" alt=\"\" class=\"wp-image-8908\"\/><\/figure>\n\n\n\n<p>El hombre sostiene que\nsolamente hab\u00eda ido a ayudar con el traslado de insumos y comida para los\nbrigadistas. &#8220;Me detuvieron y me tiraron una botella con nafta&#8221;,\ndenunci\u00f3 en una audiencia, seg\u00fan refiri\u00f3 La Opini\u00f3n Austral.<\/p>\n\n\n\n<p>El incendio forestal que\nazota a la localidad de El Bols\u00f3n se descontrol\u00f3 y contin\u00faa amenazando a los\nanimales, habitantes, y viviendas de la zona. Este s\u00e1bado, al menos un total de\n700 de familias tuvieron que ser evacuadas mientras los brigadistas permanecen\nrealizando un enorme esfuerzo para evitar que las llamas se sigan propagando.<\/p>\n\n\n\n<p>Las autoridades\nprovinciales informaron a trav\u00e9s de un comunicado que &#8220;se ordena la salida\ngradual de Las Perlas del Azul, desde Para\u00edso y Hue Nain hacia el norte&#8221;,\nincluyendo las zonas de la Dulcer\u00eda, Cascada Escondida, Loma del Medio, Do\u00f1a\nRosa, Camping Los Alerces, Campo Base, Camping del R\u00edo Azul hasta el Paralelo.<\/p>\n\n\n\n<figure class=\"wp-block-image\"><img decoding=\"async\" src=\"https:\/\/www.jotaposta.com.ar\/wp-content\/uploads\/2025\/02\/incendiosF-1024x576.jpg\" alt=\"\" class=\"wp-image-8910\"\/><\/figure>\n\n\n\n<p>Seg\u00fan recogi\u00f3 LM Neuqu\u00e9n,\nel juez de Garant\u00edas recrimin\u00f3 que &#8220;podr\u00edan haber investigado y no\nformular cargos &#8216;y despu\u00e9s vemos'&#8221;. Tambi\u00e9n apunt\u00f3 que hab\u00eda testimonios\nque habr\u00edan derribado la hip\u00f3tesis planteada por los investigadores.<\/p>\n\n\n\n<p>&#8220;Creo que resulta\nprematuro tener por formulado los cargos por cuatro declaraciones, cuando las\nsospechosas han ofrecido versiones de personas que dan por tierra la teor\u00eda del\nMinisterio P\u00fablico Fiscal&#8221;, acus\u00f3 al hacer referencia a los relatos de\ntestigos que indicaron que los acusados, cinco hombres y una mujer, ser\u00edan\namigos y parte de un grupo que promueve el cuidado por el medioambiente.\nIncluso, afirmaron que se dedicar\u00edan a realizar trabajos en huertas\ncomunitarias y ecol\u00f3gicas.<\/p>\n\n\n\n<p>De hecho, se\u00f1alaron que\nlos incidentes que se registraron en la comisar\u00eda local, luego de que los\nacusados fueran detenidos, habr\u00edan sido motivados por la falta de vinculaci\u00f3n\nentre los se\u00f1alados y los hechos investigados. Los manifestantes se habr\u00edan\ntratado de amigos de los sospechosos que hab\u00edan exigido su inmediata\nliberaci\u00f3n.<\/p>\n\n\n\n<p>Luego de que se conociera\nla resoluci\u00f3n judicial, sigue el trabajo para la Fiscal\u00eda de El Bols\u00f3n, que\ndeber\u00e1 continuar con la investigaci\u00f3n para determinar el origen del incendio y\nla posible responsabilidad de terceros respecto a su origen.<\/p>\n\n\n\n<p>La causa cuenta con un\ndetenido, identificado como Nicol\u00e1s Heredia, de 31 a\u00f1os y oriundo de Neuqu\u00e9n,\ndespu\u00e9s de que fuera apresado por presuntamente haber merodeado la zona bajo\nuna &#8220;actitud sospechosa&#8221;.<\/p>\n\n\n\n<p>Heredia asegur\u00f3 que\nhabr\u00eda sido detenido arbitrariamente, ya que solamente hab\u00eda ido a ayudar con\nel traslado de insumos y comida para los brigadistas. &#8220;Me detuvieron y me\ntiraron una botella con nafta&#8221;, denunci\u00f3 en una audiencia, seg\u00fan refiri\u00f3\nLa Opini\u00f3n Austral.<\/p>\n\n\n\n<p>Otros dos hombres que\nfueron detenidos junto con Heredia habr\u00edan sufrido lo mismo y fueron liberados\ndespu\u00e9s de que los vecinos de la zona testificaran que solamente &#8220;ven\u00edan\nayudando a apagar el fuego y a combatir el incendio&#8221; <\/p>\n","protected":false},"excerpt":{"rendered":"<p>Los intensos incendios que afectan a El Bols\u00f3n est\u00e1n generando gran alarma. Las llamas contin\u00faan expandi\u00e9ndose, y su control se vuelve cada vez m\u00e1s complicado. En las \u00faltimas horas, seis individuos fueron arrestados bajo sospecha de haber iniciado los focos de fuego. Sin embargo, el juez de Garant\u00edas Ricardo Calcagno decidi\u00f3 liberar a los detenidos &hellip;<\/p>\n","protected":false},"author":1,"featured_media":8910,"comment_status":"open","ping_status":"open","sticky":false,"template":"","format":"standard","meta":{"pagelayer_contact_templates":[],"_pagelayer_content":"","iawp_total_views":4,"footnotes":""},"categories":[4,25],"tags":[],"class_list":["post-8905","post","type-post","status-publish","format-standard","has-post-thumbnail","hentry","category-actualidad-politica","category-resumen-de-noticias"],"_links":{"self":[{"href":"https:\/\/jotaposta.com.ar\/jposta\/wp-json\/wp\/v2\/posts\/8905","targetHints":{"allow":["GET"]}}],"collection":[{"href":"https:\/\/jotaposta.com.ar\/jposta\/wp-json\/wp\/v2\/posts"}],"about":[{"href":"https:\/\/jotaposta.com.ar\/jposta\/wp-json\/wp\/v2\/types\/post"}],"author":[{"embeddable":true,"href":"https:\/\/jotaposta.com.ar\/jposta\/wp-json\/wp\/v2\/users\/1"}],"replies":[{"embeddable":true,"href":"https:\/\/jotaposta.com.ar\/jposta\/wp-json\/wp\/v2\/comments?post=8905"}],"version-history":[{"count":1,"href":"https:\/\/jotaposta.com.ar\/jposta\/wp-json\/wp\/v2\/posts\/8905\/revisions"}],"predecessor-version":[{"id":12840,"href":"https:\/\/jotaposta.com.ar\/jposta\/wp-json\/wp\/v2\/posts\/8905\/revisions\/12840"}],"wp:featuredmedia":[{"embeddable":true,"href":"https:\/\/jotaposta.com.ar\/jposta\/wp-json\/"}],"wp:attachment":[{"href":"https:\/\/jotaposta.com.ar\/jposta\/wp-json\/wp\/v2\/media?parent=8905"}],"wp:term":[{"taxonomy":"category","embeddable":true,"href":"https:\/\/jotaposta.com.ar\/jposta\/wp-json\/wp\/v2\/categories?post=8905"},{"taxonomy":"post_tag","embeddable":true,"href":"https:\/\/jotaposta.com.ar\/jposta\/wp-json\/wp\/v2\/tags?post=8905"}],"curies":[{"name":"wp","href":"https:\/\/api.w.org\/{rel}","templated":true}]}}