{"id":8863,"date":"2025-02-06T20:07:09","date_gmt":"2025-02-06T23:07:09","guid":{"rendered":"https:\/\/www.jotapostaok.com.ar\/?p=8863"},"modified":"2026-03-01T20:58:36","modified_gmt":"2026-03-01T20:58:36","slug":"diputados-media-sancion-para-eliminar-las-paso-videos","status":"publish","type":"post","link":"https:\/\/jotaposta.com.ar\/jposta\/2025\/02\/06\/diputados-media-sancion-para-eliminar-las-paso-videos\/","title":{"rendered":"Diputados&#124; Media Sanci\u00f3n para eliminar las PASO (videos)"},"content":{"rendered":"\n<p class=\"wp-block-paragraph\">La C\u00e1mara de Diputados de la Naci\u00f3n dio media sanci\u00f3n al proyecto de suspensi\u00f3n de las elecciones Primarias Abiertas Simult\u00e1neas y Obligatorias (PASO) durante 2025. Con 162 votos afirmativos, 55 negativos y 28 abstenciones, la norma enviada por el Poder Ejecutivo qued\u00f3 en condiciones de ser girada al Senado para su sanci\u00f3n definitiva.<\/p>\n\n\n\n<figure class=\"wp-block-embed-youtube aligncenter wp-block-embed is-type-video is-provider-youtube wp-embed-aspect-16-9 wp-has-aspect-ratio\"><div class=\"wp-block-embed__wrapper\">\n<iframe loading=\"lazy\" title=\"\ud83d\udfe9 VOTACI\u00d3N - G y P - Suspensi\u00f3n de las PASO - Sesi\u00f3n 06-02-2025\" width=\"500\" height=\"281\" src=\"https:\/\/www.youtube.com\/embed\/SoDGVxy-ZIE?feature=oembed\" frameborder=\"0\" allow=\"accelerometer; autoplay; clipboard-write; encrypted-media; gyroscope; picture-in-picture; web-share\" referrerpolicy=\"strict-origin-when-cross-origin\" allowfullscreen><\/iframe>\n<\/div><\/figure>\n\n\n\n<p class=\"wp-block-paragraph\">El proyecto, \u201csuspende durante el a\u00f1o 2025 las elecciones Primarias Abiertas Simult\u00e1neas y Obligatorias contenidas en el t\u00edtulo II de la ley 26.571, de Democratizaci\u00f3n de la Representaci\u00f3n Pol\u00edtica, la Transparencia y la Equidad Electoral\u201d, y estipula que \u201cpara el proceso electoral del a\u00f1o 2025 regir\u00e1n los plazos estipulados por el C\u00f3digo Electoral Nacional, la ley 23.298 y dem\u00e1s normas electorales contados a partir de los 10 (diez) d\u00edas antes de la fecha de la elecci\u00f3n general\u201d.<\/p>\n\n\n\n<figure class=\"wp-block-image\"><img decoding=\"async\" src=\"https:\/\/www.jotaposta.com.ar\/wp-content\/uploads\/2025\/02\/sesionpasoc-1024x683.jpeg\" alt=\"\" class=\"wp-image-8867\"\/><\/figure>\n\n\n\n<p class=\"wp-block-paragraph\">En el inicio del debate, el miembro informante del oficialismo, Nicol\u00e1s Mayoraz (LLA), explic\u00f3 que \u201ccon esta norma estamos cumpliendo una promesa del presidente Javier Milei: achicar el costo de la pol\u00edtica\u201d. <\/p>\n\n\n\n<figure class=\"wp-block-embed-youtube wp-block-embed is-type-video is-provider-youtube wp-embed-aspect-16-9 wp-has-aspect-ratio\"><div class=\"wp-block-embed__wrapper\">\n<iframe loading=\"lazy\" title=\"Diputado Mayoraz,  Nicol\u00e1s - LLA - Sesi\u00f3n 06-02-2025 - PL\" width=\"500\" height=\"281\" src=\"https:\/\/www.youtube.com\/embed\/t7pP-_8RVxU?feature=oembed\" frameborder=\"0\" allow=\"accelerometer; autoplay; clipboard-write; encrypted-media; gyroscope; picture-in-picture; web-share\" referrerpolicy=\"strict-origin-when-cross-origin\" allowfullscreen><\/iframe>\n<\/div><\/figure>\n\n\n\n<p class=\"wp-block-paragraph\">\u201cLas PASO terminaron siendo una encuesta cara\u201d, critic\u00f3 el\ndiputado Mayoraz. \u201cDebemos devolverles a los partidos pol\u00edticos la libertad de\nelegir sus candidatos\u201d, concluy\u00f3.<\/p>\n\n\n\n<p class=\"wp-block-paragraph\">En el mismo sentido, el diputado Gabriel Bornoroni (LLA)\nargument\u00f3 que \u201clos ciudadanos est\u00e1n cansados de pagar los costos de la\npol\u00edtica, las PASO nunca funcionaron\u201d.<\/p>\n\n\n\n<p class=\"wp-block-paragraph\">\u201cCon la suspensi\u00f3n estar\u00edamos ahorrando 150 millones de d\u00f3lares de los impuestos que pagan los argentinos, con eso le damos herramientas al presidente para sostener el equilibrio fiscal\u201d, apunt\u00f3 el legislador.<\/p>\n\n\n\n<figure class=\"wp-block-embed-youtube wp-block-embed is-type-video is-provider-youtube wp-embed-aspect-16-9 wp-has-aspect-ratio\"><div class=\"wp-block-embed__wrapper\">\n<iframe loading=\"lazy\" title=\"Diputado Bornoroni, Gabriel - LLA - Sesi\u00f3n 06-02-2025 - PL\" width=\"500\" height=\"281\" src=\"https:\/\/www.youtube.com\/embed\/BZJIyluIoL0?feature=oembed\" frameborder=\"0\" allow=\"accelerometer; autoplay; clipboard-write; encrypted-media; gyroscope; picture-in-picture; web-share\" referrerpolicy=\"strict-origin-when-cross-origin\" allowfullscreen><\/iframe>\n<\/div><\/figure>\n\n\n\n<p class=\"wp-block-paragraph\">Asimismo, la diputada Silvana Giudici (PRO) expres\u00f3 que \u201clas\nPASO representan m\u00e1s gasto, no incrementaron la participaci\u00f3n ciudadana en las\nurnas, no generaron mayores oportunidades para la competencia interna en los\npartidos pol\u00edticos ni mayor transparencia en la asignaci\u00f3n de los recursos que\nse le otorga a los partidos\u201d.<\/p>\n\n\n\n<p class=\"wp-block-paragraph\">En tanto, desde Encuentro Federal, el diputado Juan Br\u00fcgge\nratific\u00f3 el acompa\u00f1amiento a la suspensi\u00f3n de las PASO, aunque reconoci\u00f3 que\n\u201cvamos a insistir para que se eliminen\u201d.<\/p>\n\n\n\n<p class=\"wp-block-paragraph\">A continuaci\u00f3n, el diputado Juan Manuel L\u00f3pez (Coalici\u00f3n C\u00edvica) evalu\u00f3 que \u201cel sistema de PASO est\u00e1 en crisis por distintas razones y la soluci\u00f3n de consenso es la suspensi\u00f3n, nosotros vamos a apoyar eso\u201d.<\/p>\n\n\n\n<figure class=\"wp-block-embed is-type-rich is-provider-gestor-del-servicio\"><div class=\"wp-block-embed__wrapper\">\nhttps:\/\/i.ytimg.com\/an_webp\/TOdhwlua1Jc\/mqdefault_6s.webp?du=3000&#038;sqp=CPTWlL0G&#038;rs=AOn4CLAlgf2m2SZmfeRpulwxsFRHazqKPw\n<\/div><\/figure>\n\n\n\n<p class=\"wp-block-paragraph\">En defensa del dictamen de rechazo, el diputado Christian\nCastillo (FIT) cuestion\u00f3 que el debate es \u201cparte de una agenda funcional al\ngobierno\u201d.<\/p>\n\n\n\n<p class=\"wp-block-paragraph\">Por su parte, el titular del bloque de Uni\u00f3n por la Patria,\nGerm\u00e1n Mart\u00ednez, cuestion\u00f3 la falta de debate de la Ley de Presupuesto 2025 y\nreconoci\u00f3 que el bloque \u201cno tiene una posici\u00f3n unificada sobre la suspensi\u00f3n de\nlas PASO\u201d.<\/p>\n\n\n\n<p class=\"wp-block-paragraph\">Luego de la votaci\u00f3n, los legisladores contin\u00faan el tratamiento del proyecto por el cual se modifica el C\u00f3digo Procesal Penal de la Naci\u00f3n y el C\u00f3digo Procesal Penal Federal con el fin de regular la realizaci\u00f3n del juicio penal en ausencia del imputado; y la ley que propone la modificaci\u00f3n del C\u00f3digo Penal en materia de Reincidencia, Reiterancia, Concurso de Delitos y Unificaci\u00f3n de Condenas.<\/p>\n\n\n\n<figure class=\"wp-block-embed-youtube wp-block-embed is-type-video is-provider-youtube wp-embed-aspect-16-9 wp-has-aspect-ratio\"><div class=\"wp-block-embed__wrapper\">\n<iframe loading=\"lazy\" title=\"Diputado Vald\u00e9s, Eduardo - UxP - Sesi\u00f3n 06-02-2025 - PL\" width=\"500\" height=\"281\" src=\"https:\/\/www.youtube.com\/embed\/X-Pj4KVd22o?feature=oembed\" frameborder=\"0\" allow=\"accelerometer; autoplay; clipboard-write; encrypted-media; gyroscope; picture-in-picture; web-share\" referrerpolicy=\"strict-origin-when-cross-origin\" allowfullscreen><\/iframe>\n<\/div><\/figure>\n\n\n\n<p class=\"wp-block-paragraph\">Antes del debate, el pleno de Diputados le tom\u00f3 juramento al\ndiputado Ricardo Garramu\u00f1o, en reemplazo del fallecido diputado, H\u00e9ctor Stefani\n(PRO).<\/p>\n\n\n\n<p class=\"wp-block-paragraph\">Asimismo, el presidente de la C\u00e1mara de Diputados, Mart\u00edn\nMenem, agradeci\u00f3 al personal de la C\u00e1mara por la renovaci\u00f3n del cableado del\nRecinto, realizado durante diciembre y enero.<\/p>\n\n\n\n<p class=\"wp-block-paragraph\">\u201cEl trabajo fue realizado \u00edntegramente por el personal de la\nDirecci\u00f3n General de Inform\u00e1tica y Sistemas, con el apoyo de la Direcci\u00f3n\nGeneral de Obras, cosa que me enorgullece. Es una mejora trascendental en la\ninfraestructura tecnol\u00f3gica de datos tras 28 a\u00f1os\u201d, dijo Menem.<\/p>\n","protected":false},"excerpt":{"rendered":"<p>La C\u00e1mara de Diputados de la Naci\u00f3n dio media sanci\u00f3n al proyecto de suspensi\u00f3n de las elecciones Primarias Abiertas Simult\u00e1neas y Obligatorias (PASO) durante 2025. Con 162 votos afirmativos, 55 negativos y 28 abstenciones, la norma enviada por el Poder Ejecutivo qued\u00f3 en condiciones de ser girada al Senado para su sanci\u00f3n definitiva. El proyecto, &hellip;<\/p>\n","protected":false},"author":1,"featured_media":8865,"comment_status":"open","ping_status":"open","sticky":false,"template":"","format":"standard","meta":{"pagelayer_contact_templates":[],"_pagelayer_content":"","iawp_total_views":6,"footnotes":""},"categories":[4],"tags":[],"class_list":["post-8863","post","type-post","status-publish","format-standard","has-post-thumbnail","hentry","category-actualidad-politica"],"_links":{"self":[{"href":"https:\/\/jotaposta.com.ar\/jposta\/wp-json\/wp\/v2\/posts\/8863","targetHints":{"allow":["GET"]}}],"collection":[{"href":"https:\/\/jotaposta.com.ar\/jposta\/wp-json\/wp\/v2\/posts"}],"about":[{"href":"https:\/\/jotaposta.com.ar\/jposta\/wp-json\/wp\/v2\/types\/post"}],"author":[{"embeddable":true,"href":"https:\/\/jotaposta.com.ar\/jposta\/wp-json\/wp\/v2\/users\/1"}],"replies":[{"embeddable":true,"href":"https:\/\/jotaposta.com.ar\/jposta\/wp-json\/wp\/v2\/comments?post=8863"}],"version-history":[{"count":1,"href":"https:\/\/jotaposta.com.ar\/jposta\/wp-json\/wp\/v2\/posts\/8863\/revisions"}],"predecessor-version":[{"id":12843,"href":"https:\/\/jotaposta.com.ar\/jposta\/wp-json\/wp\/v2\/posts\/8863\/revisions\/12843"}],"wp:attachment":[{"href":"https:\/\/jotaposta.com.ar\/jposta\/wp-json\/wp\/v2\/media?parent=8863"}],"wp:term":[{"taxonomy":"category","embeddable":true,"href":"https:\/\/jotaposta.com.ar\/jposta\/wp-json\/wp\/v2\/categories?post=8863"},{"taxonomy":"post_tag","embeddable":true,"href":"https:\/\/jotaposta.com.ar\/jposta\/wp-json\/wp\/v2\/tags?post=8863"}],"curies":[{"name":"wp","href":"https:\/\/api.w.org\/{rel}","templated":true}]}}