{"id":8740,"date":"2024-10-17T22:35:43","date_gmt":"2024-10-18T01:35:43","guid":{"rendered":"https:\/\/www.jotapostaok.com.ar\/?p=8740"},"modified":"2024-10-17T22:35:43","modified_gmt":"2024-10-18T01:35:43","slug":"polemica-de-quien-es-el-busto-que-coloco-villarruel-en-el-senado-de-la-nacion","status":"publish","type":"post","link":"https:\/\/jotaposta.com.ar\/jposta\/2024\/10\/17\/polemica-de-quien-es-el-busto-que-coloco-villarruel-en-el-senado-de-la-nacion\/","title":{"rendered":"Pol\u00e9mica: \u00bfDe qui\u00e9n es el busto que coloc\u00f3 Villarruel en el Senado de la Naci\u00f3n?"},"content":{"rendered":"\n<p class=\"wp-block-paragraph\"> La presidente del Senado de la Naci\u00f3n Victoria Villarruel inaugur\u00f3 este jueves 17 de octubre una escultura ubicada en el Sal\u00f3n de las Provincias en honor a la primera vicepresidente y presidente mujer de la Argentina, Mar\u00eda Estela Mart\u00ednez de Per\u00f3n.<\/p>\n\n\n\n<figure class=\"wp-block-image\"><img decoding=\"async\" src=\"https:\/\/www.senado.gob.ar\/upload\/archivo\/50720\" alt=\"H.S.N. Evento. Foto: Comunicaci\u00f3n Institucional Senado\"\/><\/figure>\n\n\n\n<p class=\"wp-block-paragraph\">&#8220;En un d\u00eda en donde se habla de lealtad, quisiera saber d\u00f3nde est\u00e1n aquellas personas que dejaron a una mujer cuyo apellido es Per\u00f3n, a merced del terrorismo al que combati\u00f3, del gobierno de facto que la encarcel\u00f3 y finalmente de una clase pol\u00edtica que la desterr\u00f3&#8221;, explic\u00f3 Villarruel al estrenar el busto que fue colocado en el lugar en el que estuvo ubicado el de N\u00e9stor Kirchner.<br \/><\/p>\n\n\n\n<p class=\"wp-block-paragraph\">&#8220;Ac\u00e1 no vengo a ensalzar su gesti\u00f3n ni su gobierno, sino a cumplir con un acto de reparaci\u00f3n hist\u00f3rica hacia una mujer, que viuda y en soledad, debi\u00f3 soportar m\u00e1s de 40 a\u00f1os de persecuci\u00f3n y ostracismo. No somos pocos los argentinos que, aun compartiendo en poco, en mucho o en nada sus ideas, valoramos el coraje y el patriotismo con que afront\u00f3 la ingratitud y las ofensas de sus enemigos, que no fueron pocos&#8221;, agreg\u00f3.<br \/><\/p>\n\n\n\n<p class=\"wp-block-paragraph\">&#8220;Hoy se termina la proscripci\u00f3n de Isabel Per\u00f3n, impuesta por los mismos que ahora dirigen el partido pol\u00edtico que lleva su mismo apellido, y que ha corro\u00eddo las bases estructurales de nuestra gran naci\u00f3n, desoyendo las ideas que alimentaron la doctrina justicialista. Se termina el silencio c\u00f3mplice, y se alza el grito estridente de lo que siempre ha debido ser: Isabel Mart\u00ednez de Per\u00f3n, no Isabelita, vuelve a tener la voz que nunca debieron de quitarle&#8221;, explic\u00f3.<br \/><\/p>\n\n\n\n<p class=\"wp-block-paragraph\">&#8220;Conf\u00edo que los argentinos daremos los primeros pasos hacia la necesaria pacificaci\u00f3n nacional. El pa\u00eds est\u00e1 dividido y en ruinas, no es posible ni siquiera so\u00f1ar un gran proyecto de naci\u00f3n donde reina el odio y el enfrentamiento&#8221;, complet\u00f3. <\/p>\n","protected":false},"excerpt":{"rendered":"<p>La presidente del Senado de la Naci\u00f3n Victoria Villarruel inaugur\u00f3 este jueves 17 de octubre una escultura ubicada en el Sal\u00f3n de las Provincias en honor a la primera vicepresidente y presidente mujer de la Argentina, Mar\u00eda Estela Mart\u00ednez de Per\u00f3n. &#8220;En un d\u00eda en donde se habla de lealtad, quisiera saber d\u00f3nde est\u00e1n aquellas &hellip;<\/p>\n","protected":false},"author":1,"featured_media":8741,"comment_status":"open","ping_status":"open","sticky":false,"template":"","format":"standard","meta":{"pagelayer_contact_templates":[],"_pagelayer_content":"","iawp_total_views":12,"footnotes":""},"categories":[4],"tags":[],"class_list":["post-8740","post","type-post","status-publish","format-standard","has-post-thumbnail","hentry","category-actualidad-politica"],"_links":{"self":[{"href":"https:\/\/jotaposta.com.ar\/jposta\/wp-json\/wp\/v2\/posts\/8740","targetHints":{"allow":["GET"]}}],"collection":[{"href":"https:\/\/jotaposta.com.ar\/jposta\/wp-json\/wp\/v2\/posts"}],"about":[{"href":"https:\/\/jotaposta.com.ar\/jposta\/wp-json\/wp\/v2\/types\/post"}],"author":[{"embeddable":true,"href":"https:\/\/jotaposta.com.ar\/jposta\/wp-json\/wp\/v2\/users\/1"}],"replies":[{"embeddable":true,"href":"https:\/\/jotaposta.com.ar\/jposta\/wp-json\/wp\/v2\/comments?post=8740"}],"version-history":[{"count":0,"href":"https:\/\/jotaposta.com.ar\/jposta\/wp-json\/wp\/v2\/posts\/8740\/revisions"}],"wp:attachment":[{"href":"https:\/\/jotaposta.com.ar\/jposta\/wp-json\/wp\/v2\/media?parent=8740"}],"wp:term":[{"taxonomy":"category","embeddable":true,"href":"https:\/\/jotaposta.com.ar\/jposta\/wp-json\/wp\/v2\/categories?post=8740"},{"taxonomy":"post_tag","embeddable":true,"href":"https:\/\/jotaposta.com.ar\/jposta\/wp-json\/wp\/v2\/tags?post=8740"}],"curies":[{"name":"wp","href":"https:\/\/api.w.org\/{rel}","templated":true}]}}