{"id":8693,"date":"2024-10-10T22:30:27","date_gmt":"2024-10-11T01:30:27","guid":{"rendered":"https:\/\/www.jotapostaok.com.ar\/?p=8693"},"modified":"2026-04-05T23:33:38","modified_gmt":"2026-04-05T23:33:38","slug":"quienes-fueron-los-los-27-diputados-que-apoyaron-el-recorte-a-las-universidades","status":"publish","type":"post","link":"https:\/\/jotaposta.com.ar\/jposta\/2024\/10\/10\/quienes-fueron-los-los-27-diputados-que-apoyaron-el-recorte-a-las-universidades\/","title":{"rendered":"\u00bfQui\u00e9nes fueron los Los 27 diputados que apoyaron el recorte a las Universidades?"},"content":{"rendered":"\n<p>Varios\u00a0gobernadores colaboracionistas\u00a0dieron un aporte decisivo para que Javier Milei blindara en la C\u00e1mara de Diputados\u00a0el veto a la ley de Financiamiento Universitario, pero el dato m\u00e1s significativo lo dieron los 27 legisladores que que egresaron de las universidades nacionales y respaldaron sin proritos la decisi\u00f3n del gobierno libertario de ahogar econ\u00f3micamente a la universidad p\u00fablica.<\/p>\n\n\n\n<figure class=\"wp-block-image\"><img decoding=\"async\" src=\"https:\/\/www.jotaposta.com.ar\/wp-content\/uploads\/2024\/10\/IMG-20241010-WA0114-1024x684.jpg\" alt=\"\" class=\"wp-image-8696\"\/><\/figure>\n\n\n\n<h2 class=\"wp-block-heading\"><strong>PRO<\/strong><\/h2>\n\n\n\n<p>Los macristas fueron los que m\u00e1s votos aportaron (13) para sostener el veto presidencial al financiamiento universitario: Diego Santilli, Sabrina Ajmechet (tambi\u00e9n docente), Alejandro Finocchiaro (exministro de Educaci\u00f3n), Silvia Lospennato, Hern\u00e1n Lombardi, Sof\u00eda Brambilla y Gabriela Besana, egresados de la Universidad de Buenos Aires (UBA); Alejandro Bongionvanni, Luciano Laspina y Germana Figueroa Casas de la Universidad Nacional de Rosario (UNR); Emmanuel Bianchetti de Universidad Nacional del Noroeste(UNdN); Laura Rodr\u00edguez Machado de la Universidad Nacional de C\u00f3rdoba (UNC); y Patricia V\u00e1squez de Universidad Nacional de General San Mart\u00edn (UNGSM).&nbsp;<\/p>\n\n\n\n<p>La \u00fanica excepci\u00f3n en el PRO fue la del diputado Alvaro Gonz\u00e1lez de la Universidad Nacional del Litoral (UNL) que vot\u00f3 a favor de sostener la ley de financiamiento.<br \/><\/p>\n\n\n\n<h2 class=\"wp-block-heading\"><strong>Libertarios<\/strong><\/h2>\n\n\n\n<p>Entre los libertarios, 12 de sus diputados que respaldaron el veto de Milei tambi\u00e9n se formaron en la universidad p\u00fablica: Jos\u00e9 Luis Espert, Alida Ferreyra, Lorena Macyszyn y Guillermo Montenegro (UBA); Romina Diez y Nicol\u00e1s Mayoraz (UNR); Facundo Correa Llano y Mercedes Llano en Universidad Nacional de Cuyo (UNdC); Julio Moreno Ovalle, Mar\u00eda Emilia Orozco y Carlos Zapata en la Universidad Nacional de Salta (UNS); y Jorge Santiago Pauli (docente en instituciones p\u00fablicas).<\/p>\n\n\n\n<figure class=\"wp-block-image\"><img decoding=\"async\" src=\"https:\/\/www.jotaposta.com.ar\/wp-content\/uploads\/2024\/10\/IMG-20241010-WA0113-1024x719.jpg\" alt=\"\" class=\"wp-image-8695\"\/><\/figure>\n\n\n\n<h2 class=\"wp-block-heading\"><strong>La UCR y el MID<\/strong><\/h2>\n\n\n\n<p>De\u00a0los cuatro radicales\u00a0violetas que abandonaron la postura mayoritaria de su bloque y avalaron el veto de Milei, solo Mariano Campero fue a la Universidad Nacional de Tucum\u00e1n (UNT); mientras que el quinto, Pablo Cervi de Universidad Nacional del Comahue (UNdC) se abstuvo.<\/p>\n\n\n\n<p>Entre los aliados libertarios del MID tambi\u00e9n son egresados universitarios Eduardo Falcone (UBA) y Mar\u00eda Cecilia Ib\u00e1\u00f1ez (UNC). La ausencia de la abogada schiarettista Alejandra Torres (UNC) tambi\u00e9n aport\u00f3 a favor del veto.&nbsp;&nbsp;<\/p>\n\n\n\n<h2 class=\"wp-block-heading\"><strong>Los gobernadores<\/strong><\/h2>\n\n\n\n<p>No solo fueron los gobernadores peronistas de Tucum\u00e1n, C\u00f3rdoba y Catamarca (ver aparte) los que le allanaron el camino a Milei en la C\u00e1mara baja. Las presiones, llamados, negociaciones, acuerdos y prebendas que ejerci\u00f3 la Casa Rosada sobre otros Gobernadores y los diputados que le responden, en los d\u00edas previos a la sesi\u00f3n de ayer, dio frutos, no todos los que esperaba pero que fueron suficientes para llenar su propia canasta.<\/p>\n\n\n\n<figure class=\"wp-block-image\"><img decoding=\"async\" src=\"https:\/\/www.jotaposta.com.ar\/wp-content\/uploads\/2024\/10\/acta_online_5400-1-pdf-724x1024.jpg\" alt=\"\" class=\"wp-image-8698\"\/><\/figure>\n\n\n\n<p>El gobernador misionero Hugo Passalacqua, del Frente Renovador de la Concordia, negoci\u00f3 un acuerdo que en apariencia no los dejar\u00eda parados junto al Gobierno pero que al que le har\u00edan un gran aporte: los cuatros diputados que le responden y que integran el interbloque de Innovaci\u00f3n Federal (Alberto Arr\u00faa, Carlos Fern\u00e1ndez, Yamila Ru\u00edz y Daniel Vancsik) cambiaron el voto a favor de financiamiento universitario que emitieron en agosto (cuando Diputados le dio media sanci\u00f3n) por la ahora abstenci\u00f3n. Con lo que Passalacqua le rest\u00f3 4 votos a los opositores que buscaban ratificar la ley.<\/p>\n\n\n\n<p>Otros, con menos fuerza num\u00e9rica propia terminaron partiendo sus votos pero tambi\u00e9n rest\u00e1ndole n\u00famero a la oposici\u00f3n. El gobernador de Santa Cruz, Claudio Vidal, un peronista que alianza con el PRO y parte de la UCR derrot\u00f3 al kirchnerismo en la provincia patag\u00f3nica, dividi\u00f3 la postura de sus dos diputados del bloque Por Santa Cruz que se contaban como votos seguros para la oposici\u00f3n (como lo hicieron en agosto), pero Jos\u00e9 Garrido esta vez lo hizo a favor del veto de Milei.<\/p>\n\n\n\n<p>El Gobernador salte\u00f1o, Gustavo S\u00e1enz, del Partido Identidad Salte\u00f1a que incluy\u00f3 en un frente electoral a sectores del massismo y el macrismo, hizo lo propio. De los tres diputados que le responden &#8211;tambi\u00e9n integran el interbloque Innovaci\u00f3n Federal&#8211; y que hab\u00edan votado y pronunciado a favor de las universidades, uno de ellos termin\u00f3 ausent\u00e1ndose de la sesi\u00f3n: Yolanda Vega.<\/p>\n","protected":false},"excerpt":{"rendered":"<p>Varios\u00a0gobernadores colaboracionistas\u00a0dieron un aporte decisivo para que Javier Milei blindara en la C\u00e1mara de Diputados\u00a0el veto a la ley de Financiamiento Universitario, pero el dato m\u00e1s significativo lo dieron los 27 legisladores que que egresaron de las universidades nacionales y respaldaron sin proritos la decisi\u00f3n del gobierno libertario de ahogar econ\u00f3micamente a la universidad p\u00fablica. &hellip;<\/p>\n","protected":false},"author":1,"featured_media":8694,"comment_status":"open","ping_status":"open","sticky":false,"template":"","format":"standard","meta":{"pagelayer_contact_templates":[],"_pagelayer_content":"","iawp_total_views":1,"footnotes":""},"categories":[4,25],"tags":[],"class_list":["post-8693","post","type-post","status-publish","format-standard","has-post-thumbnail","hentry","category-actualidad-politica","category-resumen-de-noticias"],"_links":{"self":[{"href":"https:\/\/jotaposta.com.ar\/jposta\/wp-json\/wp\/v2\/posts\/8693","targetHints":{"allow":["GET"]}}],"collection":[{"href":"https:\/\/jotaposta.com.ar\/jposta\/wp-json\/wp\/v2\/posts"}],"about":[{"href":"https:\/\/jotaposta.com.ar\/jposta\/wp-json\/wp\/v2\/types\/post"}],"author":[{"embeddable":true,"href":"https:\/\/jotaposta.com.ar\/jposta\/wp-json\/wp\/v2\/users\/1"}],"replies":[{"embeddable":true,"href":"https:\/\/jotaposta.com.ar\/jposta\/wp-json\/wp\/v2\/comments?post=8693"}],"version-history":[{"count":1,"href":"https:\/\/jotaposta.com.ar\/jposta\/wp-json\/wp\/v2\/posts\/8693\/revisions"}],"predecessor-version":[{"id":12966,"href":"https:\/\/jotaposta.com.ar\/jposta\/wp-json\/wp\/v2\/posts\/8693\/revisions\/12966"}],"wp:featuredmedia":[{"embeddable":true,"href":"https:\/\/jotaposta.com.ar\/jposta\/wp-json\/"}],"wp:attachment":[{"href":"https:\/\/jotaposta.com.ar\/jposta\/wp-json\/wp\/v2\/media?parent=8693"}],"wp:term":[{"taxonomy":"category","embeddable":true,"href":"https:\/\/jotaposta.com.ar\/jposta\/wp-json\/wp\/v2\/categories?post=8693"},{"taxonomy":"post_tag","embeddable":true,"href":"https:\/\/jotaposta.com.ar\/jposta\/wp-json\/wp\/v2\/tags?post=8693"}],"curies":[{"name":"wp","href":"https:\/\/api.w.org\/{rel}","templated":true}]}}