{"id":8613,"date":"2024-08-26T23:58:06","date_gmt":"2024-08-27T02:58:06","guid":{"rendered":"https:\/\/www.jotapostaok.com.ar\/?p=8613"},"modified":"2026-04-21T13:01:15","modified_gmt":"2026-04-21T13:01:15","slug":"el-gesto-del-papa-francisco-que-podria-enfurecer-a-milei","status":"publish","type":"post","link":"https:\/\/jotaposta.com.ar\/jposta\/2024\/08\/26\/el-gesto-del-papa-francisco-que-podria-enfurecer-a-milei\/","title":{"rendered":"El gesto del Papa Francisco que podr\u00eda enfurecer a Milei"},"content":{"rendered":"\n<p class=\"wp-block-paragraph\">Confederaci\u00f3n General del Trabajo (CGT) se prepara para un encuentro crucial con el papa Francisco en la segunda quincena de septiembre. La central obrera, encabezada por Gerardo Mart\u00ednez, titular de la UOCRA, tiene como objetivo presentarle al pont\u00edfice la delicada situaci\u00f3n social y laboral que atraviesa la Argentina.<\/p>\n\n\n\n<figure class=\"wp-block-image\"><img decoding=\"async\" src=\"https:\/\/grupolaprovincia.com\/download\/multimedia.normal.ab763edf955df93f.QWVyb25hdmVnYW50ZXNfbm9ybWFsLndlYnA%3D.webp\" alt=\"Aeronavegantes\"\/><\/figure>\n\n\n\n<p class=\"wp-block-paragraph\">Aunque la lista de asistentes a\u00fan no est\u00e1 confirmada, se\nanticipa que numerosos sindicalistas desean formar parte del encuentro,\nreflejando la importancia de esta reuni\u00f3n en un contexto de crisis.<\/p>\n\n\n\n<p class=\"wp-block-paragraph\">No es la primera vez que el Sumo Pont\u00edfice recibe a l\u00edder\ngremiales. Sin ir m\u00e1s lejos, en junio pasado se reuni\u00f3 en el Vaticano con\nGerardo Mart\u00edn, Juan Pablo Brey (aeronavegantes), Jos\u00e9 Voytenco (UATRE),\nCristian Jer\u00f3nimo (empleados del vidrio), Guillermo Moser (Luz y Fuerza), Pablo\nFlores (AFIP) y Juan Jos\u00e9 Moreyra (ceramistas), entre otros.<\/p>\n\n\n\n<p class=\"wp-block-paragraph\">Este encuentro fue una se\u00f1al de la significativa influencia\nque el Papa tiene sobre el sindicalismo argentino, cuyos l\u00edderes visitan\nperi\u00f3dicamente el Vaticano para reunirse con \u00e9l y obtener una foto como s\u00edmbolo\nde prestigio. <\/p>\n\n\n\n<p class=\"wp-block-paragraph\"><strong><em>Una gira internacional antes del encuentro<\/em><\/strong><\/p>\n\n\n\n<p class=\"wp-block-paragraph\">Antes de recibir a la CGT, el papa Francisco estar\u00e1 de gira\npor Asia y Ocean\u00eda durante 11 d\u00edas. Este viaje internacional culminar\u00e1 con el\nesperado encuentro con los representantes sindicales argentinos, quienes\nconf\u00edan en que el Sumo Pont\u00edfice brindar\u00e1 su apoyo y perspectiva ante la\ncompleja situaci\u00f3n que viven los trabajadores en el pa\u00eds.<\/p>\n","protected":false},"excerpt":{"rendered":"<p>Confederaci\u00f3n General del Trabajo (CGT) se prepara para un encuentro crucial con el papa Francisco en la segunda quincena de septiembre. La central obrera, encabezada por Gerardo Mart\u00ednez, titular de la UOCRA, tiene como objetivo presentarle al pont\u00edfice la delicada situaci\u00f3n social y laboral que atraviesa la Argentina. Aunque la lista de asistentes a\u00fan no &hellip;<\/p>\n","protected":false},"author":1,"featured_media":8614,"comment_status":"open","ping_status":"open","sticky":false,"template":"","format":"standard","meta":{"pagelayer_contact_templates":[],"_pagelayer_content":"","iawp_total_views":9,"footnotes":""},"categories":[4,25],"tags":[],"class_list":["post-8613","post","type-post","status-publish","format-standard","has-post-thumbnail","hentry","category-actualidad-politica","category-resumen-de-noticias"],"_links":{"self":[{"href":"https:\/\/jotaposta.com.ar\/jposta\/wp-json\/wp\/v2\/posts\/8613","targetHints":{"allow":["GET"]}}],"collection":[{"href":"https:\/\/jotaposta.com.ar\/jposta\/wp-json\/wp\/v2\/posts"}],"about":[{"href":"https:\/\/jotaposta.com.ar\/jposta\/wp-json\/wp\/v2\/types\/post"}],"author":[{"embeddable":true,"href":"https:\/\/jotaposta.com.ar\/jposta\/wp-json\/wp\/v2\/users\/1"}],"replies":[{"embeddable":true,"href":"https:\/\/jotaposta.com.ar\/jposta\/wp-json\/wp\/v2\/comments?post=8613"}],"version-history":[{"count":1,"href":"https:\/\/jotaposta.com.ar\/jposta\/wp-json\/wp\/v2\/posts\/8613\/revisions"}],"predecessor-version":[{"id":13181,"href":"https:\/\/jotaposta.com.ar\/jposta\/wp-json\/wp\/v2\/posts\/8613\/revisions\/13181"}],"wp:attachment":[{"href":"https:\/\/jotaposta.com.ar\/jposta\/wp-json\/wp\/v2\/media?parent=8613"}],"wp:term":[{"taxonomy":"category","embeddable":true,"href":"https:\/\/jotaposta.com.ar\/jposta\/wp-json\/wp\/v2\/categories?post=8613"},{"taxonomy":"post_tag","embeddable":true,"href":"https:\/\/jotaposta.com.ar\/jposta\/wp-json\/wp\/v2\/tags?post=8613"}],"curies":[{"name":"wp","href":"https:\/\/api.w.org\/{rel}","templated":true}]}}