{"id":8585,"date":"2024-08-22T00:37:46","date_gmt":"2024-08-22T03:37:46","guid":{"rendered":"https:\/\/www.jotapostaok.com.ar\/?p=8585"},"modified":"2026-04-21T13:01:15","modified_gmt":"2026-04-21T13:01:15","slug":"se-rompio-la-libertad-avanza-gritos-y-denuncias-en-el-congreso","status":"publish","type":"post","link":"https:\/\/jotaposta.com.ar\/jposta\/2024\/08\/22\/se-rompio-la-libertad-avanza-gritos-y-denuncias-en-el-congreso\/","title":{"rendered":"\u00bfSe rompi\u00f3 la Libertad Avanza?: gritos y denuncias en el Congreso"},"content":{"rendered":"\n<p class=\"wp-block-paragraph\">Un nuevo esc\u00e1ndalo sacude al bloque de La Libertad Avanza en la C\u00e1mara de Diputados luego de que la oposici\u00f3n rechazara el DNU que incrementaba los fondos reservados de la SIDE.<\/p>\n\n\n\n<figure class=\"wp-block-image\"><img decoding=\"async\" src=\"https:\/\/grupolaprovincia.com\/download\/multimedia.normal.a8f2e49d2a6a733a.T3NjYXIgWmFnb19ub3JtYWwud2VicA%3D%3D.webp\" alt=\"Oscar Zago\"\/><\/figure>\n\n\n\n<p class=\"wp-block-paragraph\">Durante una tensa reuni\u00f3n, Lourdes Arrieta protagoniz\u00f3 un\nacalorado enfrentamiento con su colega Nicol\u00e1s Mayoraz, quien le reproch\u00f3 haber\ninvolucrado a Mart\u00edn Menem en la organizaci\u00f3n de la visita al represor Alfredo\nAstiz.<\/p>\n\n\n\n<p class=\"wp-block-paragraph\">Arrieta decidi\u00f3 acudir a la comisar\u00eda m\u00e1s cercana, donde present\u00f3 una denuncia por violencia de g\u00e9nero contra Mayoraz. <\/p>\n\n\n\n<figure class=\"wp-block-image\"><img decoding=\"async\" src=\"https:\/\/grupolaprovincia.com\/download\/multimedia.normal.86c26066b46b5f72.bG91cmRlcyBhcnJpZXRhX25vcm1hbC53ZWJw.webp\" alt=\"lourdes arrieta\"\/><\/figure>\n\n\n\n<p class=\"wp-block-paragraph\">Mayoraz defendi\u00f3 a Menem, a quien Arrieta acus\u00f3 de estar al\ntanto del prop\u00f3sito del viaje que el pasado 11 de julio llev\u00f3 a seis diputados\nlibertarios al penal de Ezeiza. El encargado de organizar la visita a Astiz fue\nel diputado Beltr\u00e1n Benedit, quien intent\u00f3 dar explicaciones, pero qued\u00f3\nopacado por la confrontaci\u00f3n entre Mayoraz y Arrieta.<\/p>\n\n\n\n<figure class=\"wp-block-embed-youtube wp-block-embed\"><div class=\"wp-block-embed__wrapper\">\n<iframe loading=\"lazy\" title=\"Tensi\u00f3n en La Libertad Avanza: hubo gritos y forcejeos en una reuni\u00f3n de bloque de Diputados\" width=\"422\" height=\"750\" src=\"https:\/\/www.youtube.com\/embed\/d9UrQp89EfQ?feature=oembed\" frameborder=\"0\" allow=\"accelerometer; autoplay; clipboard-write; encrypted-media; gyroscope; picture-in-picture; web-share\" referrerpolicy=\"strict-origin-when-cross-origin\" allowfullscreen><\/iframe>\n<\/div><\/figure>\n\n\n\n<p class=\"wp-block-paragraph\">Mayoraz acus\u00f3 a su colega de &#8220;operadora\nkirchnerista&#8221; y otra diputada, Lorena Villaverde, pidi\u00f3 la expulsi\u00f3n de\nArrieta y de Roc\u00edo Bonacci del bloque de LLA.<\/p>\n\n\n\n<p class=\"wp-block-paragraph\">El altercado fue tan intenso que los gritos se escucharon en\ntodo el edificio. Arrieta abandon\u00f3 la reuni\u00f3n tras la discusi\u00f3n y se dirigi\u00f3 al\ndestacamento policial de la c\u00e1mara baja para efectuar una denuncia por\nviolencia de g\u00e9nero contra su compa\u00f1ero de bloque. <\/p>\n\n\n\n<p class=\"wp-block-paragraph\">La diputada Lilia Lemoine confirm\u00f3 el incidente y ech\u00f3 m\u00e1s\nle\u00f1a al fuego, refiri\u00e9ndose a Arrieta de manera despectiva: &#8220;Esa chica no\ntiene los patitos en fila&#8221;.<\/p>\n","protected":false},"excerpt":{"rendered":"<p>Un nuevo esc\u00e1ndalo sacude al bloque de La Libertad Avanza en la C\u00e1mara de Diputados luego de que la oposici\u00f3n rechazara el DNU que incrementaba los fondos reservados de la SIDE. Durante una tensa reuni\u00f3n, Lourdes Arrieta protagoniz\u00f3 un acalorado enfrentamiento con su colega Nicol\u00e1s Mayoraz, quien le reproch\u00f3 haber involucrado a Mart\u00edn Menem en &hellip;<\/p>\n","protected":false},"author":1,"featured_media":8586,"comment_status":"open","ping_status":"open","sticky":false,"template":"","format":"standard","meta":{"pagelayer_contact_templates":[],"_pagelayer_content":"","iawp_total_views":8,"footnotes":""},"categories":[4],"tags":[],"class_list":["post-8585","post","type-post","status-publish","format-standard","has-post-thumbnail","hentry","category-actualidad-politica"],"_links":{"self":[{"href":"https:\/\/jotaposta.com.ar\/jposta\/wp-json\/wp\/v2\/posts\/8585","targetHints":{"allow":["GET"]}}],"collection":[{"href":"https:\/\/jotaposta.com.ar\/jposta\/wp-json\/wp\/v2\/posts"}],"about":[{"href":"https:\/\/jotaposta.com.ar\/jposta\/wp-json\/wp\/v2\/types\/post"}],"author":[{"embeddable":true,"href":"https:\/\/jotaposta.com.ar\/jposta\/wp-json\/wp\/v2\/users\/1"}],"replies":[{"embeddable":true,"href":"https:\/\/jotaposta.com.ar\/jposta\/wp-json\/wp\/v2\/comments?post=8585"}],"version-history":[{"count":1,"href":"https:\/\/jotaposta.com.ar\/jposta\/wp-json\/wp\/v2\/posts\/8585\/revisions"}],"predecessor-version":[{"id":13184,"href":"https:\/\/jotaposta.com.ar\/jposta\/wp-json\/wp\/v2\/posts\/8585\/revisions\/13184"}],"wp:attachment":[{"href":"https:\/\/jotaposta.com.ar\/jposta\/wp-json\/wp\/v2\/media?parent=8585"}],"wp:term":[{"taxonomy":"category","embeddable":true,"href":"https:\/\/jotaposta.com.ar\/jposta\/wp-json\/wp\/v2\/categories?post=8585"},{"taxonomy":"post_tag","embeddable":true,"href":"https:\/\/jotaposta.com.ar\/jposta\/wp-json\/wp\/v2\/tags?post=8585"}],"curies":[{"name":"wp","href":"https:\/\/api.w.org\/{rel}","templated":true}]}}