{"id":8575,"date":"2024-08-19T20:25:39","date_gmt":"2024-08-19T23:25:39","guid":{"rendered":"https:\/\/www.jotapostaok.com.ar\/?p=8575"},"modified":"2024-08-19T20:25:39","modified_gmt":"2024-08-19T23:25:39","slug":"zago-afirmo-que-los-diputados-de-su-bloque-visitaron-a-genocidasa-sus-espaldas","status":"publish","type":"post","link":"https:\/\/jotaposta.com.ar\/jposta\/2024\/08\/19\/zago-afirmo-que-los-diputados-de-su-bloque-visitaron-a-genocidasa-sus-espaldas\/","title":{"rendered":"Zago afirm\u00f3 que los Diputados de su bloque visitaron a genocidas&quot;a sus espaldas&quot;"},"content":{"rendered":"\n<p>En una reciente entrevista con Radio Splendid, Zago fue\ncontundente al afirmar que la visita \u201cno fue autorizada\u201d durante su presidencia\ndel bloque de LLA.<\/p>\n\n\n\n<p>\u201cLo hicieron a mis espaldas\u201d, declar\u00f3, desmarc\u00e1ndose completamente de la situaci\u00f3n. Seg\u00fan el diputado, quienes deber\u00edan dar explicaciones son \u201clos diputados que fueron, los que sab\u00edan y los que autorizaron\u201d, y no la actual vicepresidenta de la Naci\u00f3n, Victoria Villarruel, quien supuestamente fue invitada a integrar la comitiva.<\/p>\n\n\n\n<figure class=\"wp-block-image\"><img decoding=\"async\" src=\"https:\/\/grupolaprovincia.com\/download\/multimedia.normal.b430852986117eda.RGlwdXRhZG9zIGRlIExhIExpYmVydGFkIEF2YW56YSBfbm9ybWFsLndlYnA%3D.webp\" alt=\"Diputados de La Libertad Avanza con represores en la c\u00e1rcel.\"\/><\/figure>\n\n\n\n<p>Zago enfatiz\u00f3 que las invitaciones para este tipo de visitas\ndeben ser gestionadas a trav\u00e9s del Ministerio de Defensa, y si la invitaci\u00f3n\n\u201cse qued\u00f3 en el camino\u201d o si alguien decidi\u00f3 no invitar a Villarruel, \u201ctienen\nque explicarlo\u201d.<\/p>\n\n\n\n<p>Oscar Zago tambi\u00e9n fue enf\u00e1tico en su respeto por la\nJusticia y en su rechazo a cualquier intento de suavizar las condenas de los\nmilitares involucrados en cr\u00edmenes de lesa humanidad.<\/p>\n\n\n\n<p>\u201cFueron condenados y procesados en su momento&#8230; Entiendo\nque las charlas se hicieron cuando yo era presidente del bloque, pero fueron a\nmis espaldas\u201d, subray\u00f3.<\/p>\n\n\n\n<p>Adem\u00e1s, neg\u00f3 cualquier conocimiento de un proyecto para\nsolicitar la prisi\u00f3n domiciliaria para los ex torturadores, un rumor que ha\ncirculado en medios pol\u00edticos y que gener\u00f3 a\u00fan m\u00e1s pol\u00e9mica en torno a la\nvisita.<\/p>\n\n\n\n<p>Zago, quien ahora lidera el bloque del MID junto a los\ndiputados Eduardo Falcone y Mar\u00eda Cecilia Iba\u00f1ez, recalc\u00f3 que sigue dialogando\ncon diversas fuerzas pol\u00edticas, incluido el oficialismo, a pesar de las\ndiscrepancias internas que atraviesa LLA.<\/p>\n\n\n\n<p>En este sentido, asegur\u00f3 que las tensiones dentro del bloque\nlibertario son \u201cnormales\u201d y no implican necesariamente una ruptura.<\/p>\n\n\n\n<p>Zago aprovech\u00f3 la ocasi\u00f3n para reflexionar sobre la\nsituaci\u00f3n interna de LLA y de otras fuerzas pol\u00edticas en Argentina.<\/p>\n\n\n\n<p>\u201cLas discrepancias internas son comunes en cualquier fuerza\npol\u00edtica\u201d, afirm\u00f3, destacando que estas tensiones tambi\u00e9n se presentan en\npartidos con m\u00e1s trayectoria, como el peronismo, el radicalismo y el\ndesarrollismo.<\/p>\n\n\n\n<p>En relaci\u00f3n con su rol dentro del MID, Zago mencion\u00f3 su\ntrabajo constante para generar consensos y avanzar en la aprobaci\u00f3n de leyes\nque beneficien a la ciudadan\u00eda.<\/p>\n\n\n\n<p>Aunque no logr\u00f3 su objetivo de formar un bloque conjunto con\notras fuerzas, sigue dialogando con diversos partidos, incluidos el PRO y\nsectores del radicalismo, en busca de puntos de acuerdo.<\/p>\n\n\n\n<p>El diputado tambi\u00e9n se mostr\u00f3 orgulloso de representar al\nMID, un partido con una larga tradici\u00f3n en la pol\u00edtica argentina, y expres\u00f3 su\nsatisfacci\u00f3n por el hecho de que figuras como Horacio Rodr\u00edguez Larreta\nutilicen t\u00e9rminos asociados al desarrollismo en su discurso pol\u00edtico.<\/p>\n\n\n\n<p>\u201cMe llena de orgullo\u201d, coment\u00f3 Zago, refiri\u00e9ndose a la\nherencia del MID y su influencia en la pol\u00edtica actual.<\/p>\n\n\n\n<p>En cuanto a su relaci\u00f3n con figuras clave del entorno\npresidencial, como Santiago Caputo, Zago reconoci\u00f3 su contribuci\u00f3n a la\ncomunicaci\u00f3n pol\u00edtica, pero prefiri\u00f3 destacar su propio estilo de hacer\npol\u00edtica, m\u00e1s enfocado en el trabajo de campo y el contacto directo con la\ngente.<\/p>\n","protected":false},"excerpt":{"rendered":"<p>En una reciente entrevista con Radio Splendid, Zago fue contundente al afirmar que la visita \u201cno fue autorizada\u201d durante su presidencia del bloque de LLA. \u201cLo hicieron a mis espaldas\u201d, declar\u00f3, desmarc\u00e1ndose completamente de la situaci\u00f3n. Seg\u00fan el diputado, quienes deber\u00edan dar explicaciones son \u201clos diputados que fueron, los que sab\u00edan y los que autorizaron\u201d, &hellip;<\/p>\n","protected":false},"author":1,"featured_media":8576,"comment_status":"open","ping_status":"open","sticky":false,"template":"","format":"standard","meta":{"pagelayer_contact_templates":[],"_pagelayer_content":"","iawp_total_views":2,"footnotes":""},"categories":[4],"tags":[],"class_list":["post-8575","post","type-post","status-publish","format-standard","has-post-thumbnail","hentry","category-actualidad-politica"],"_links":{"self":[{"href":"https:\/\/jotaposta.com.ar\/jposta\/wp-json\/wp\/v2\/posts\/8575","targetHints":{"allow":["GET"]}}],"collection":[{"href":"https:\/\/jotaposta.com.ar\/jposta\/wp-json\/wp\/v2\/posts"}],"about":[{"href":"https:\/\/jotaposta.com.ar\/jposta\/wp-json\/wp\/v2\/types\/post"}],"author":[{"embeddable":true,"href":"https:\/\/jotaposta.com.ar\/jposta\/wp-json\/wp\/v2\/users\/1"}],"replies":[{"embeddable":true,"href":"https:\/\/jotaposta.com.ar\/jposta\/wp-json\/wp\/v2\/comments?post=8575"}],"version-history":[{"count":0,"href":"https:\/\/jotaposta.com.ar\/jposta\/wp-json\/wp\/v2\/posts\/8575\/revisions"}],"wp:featuredmedia":[{"embeddable":true,"href":"https:\/\/jotaposta.com.ar\/jposta\/wp-json\/"}],"wp:attachment":[{"href":"https:\/\/jotaposta.com.ar\/jposta\/wp-json\/wp\/v2\/media?parent=8575"}],"wp:term":[{"taxonomy":"category","embeddable":true,"href":"https:\/\/jotaposta.com.ar\/jposta\/wp-json\/wp\/v2\/categories?post=8575"},{"taxonomy":"post_tag","embeddable":true,"href":"https:\/\/jotaposta.com.ar\/jposta\/wp-json\/wp\/v2\/tags?post=8575"}],"curies":[{"name":"wp","href":"https:\/\/api.w.org\/{rel}","templated":true}]}}