{"id":8523,"date":"2024-08-14T16:30:55","date_gmt":"2024-08-14T19:30:55","guid":{"rendered":"https:\/\/www.jotapostaok.com.ar\/?p=8523"},"modified":"2026-04-21T13:01:15","modified_gmt":"2026-04-21T13:01:15","slug":"diputados-media-sancion-a-la-ampliacion-del-registro-nacional-de-datos-geneticos","status":"publish","type":"post","link":"https:\/\/jotaposta.com.ar\/jposta\/2024\/08\/14\/diputados-media-sancion-a-la-ampliacion-del-registro-nacional-de-datos-geneticos\/","title":{"rendered":"Diputados&#124; Media Sanci\u00f3n a la ampliaci\u00f3n del Registro Nacional de Datos Gen\u00e9ticos"},"content":{"rendered":"\n<p class=\"wp-block-paragraph\">La&nbsp;<strong>C\u00e1mara de Diputados<\/strong>&nbsp;dio media sanci\u00f3n esta tarde el proyecto de ampliaci\u00f3n del&nbsp;<strong>Registro Nacional de Datos Gen\u00e9ticos&nbsp;<\/strong>para potenciar la identificaci\u00f3n de autores de todo tipo de delitos.&nbsp;<\/p>\n\n\n\n<p class=\"wp-block-paragraph\">La iniciativa modifica la ley 26.879 del 2013 que cre\u00f3 el<strong>&nbsp;Registro Nacional de Delitos Gen\u00e9ticos<\/strong>&nbsp;vinculados a delitos contra la integridad sexual, que obligaba a la Justicia a obtener muestras gen\u00e9ticas de agresores sexuales.<\/p>\n\n\n\n<figure class=\"wp-block-embed-youtube wp-block-embed is-type-video is-provider-youtube wp-embed-aspect-16-9 wp-has-aspect-ratio\"><div class=\"wp-block-embed__wrapper\">\n<iframe loading=\"lazy\" title=\"\ud83d\udfe9 VOTACI\u00d3N en General - Registro Nacional de Datos Gen\u00e9ticos  - Sesi\u00f3n Especial 14-08-2024\" width=\"500\" height=\"281\" src=\"https:\/\/www.youtube.com\/embed\/Hx-wf9GUEoY?feature=oembed\" frameborder=\"0\" allow=\"accelerometer; autoplay; clipboard-write; encrypted-media; gyroscope; picture-in-picture; web-share\" referrerpolicy=\"strict-origin-when-cross-origin\" allowfullscreen><\/iframe>\n<\/div><\/figure>\n\n\n\n<p class=\"wp-block-paragraph\">Dicha normativa se origin\u00f3 al calor de la conmoci\u00f3n que hab\u00eda generado la violaci\u00f3n y posterior asesinato de la adolescente<strong>&nbsp;\u00c1ngeles Rawson<\/strong>&nbsp;en el barrio porte\u00f1o de Palermo.<\/p>\n\n\n\n<p class=\"wp-block-paragraph\">Sin embargo, ese registro contiene \u00fanicamente los perfiles gen\u00e9ticos de los responsables de delitos sexuales con condena, sin que se especifique un plazo para la conservaci\u00f3n de esas muestras.<\/p>\n\n\n\n<p class=\"wp-block-paragraph\">Con esta modificaci\u00f3n, se busca que el Registro comprenda perfiles gen\u00e9ticos de autores de todo tipo de delitos, con un plazo de almacenamiento de cuatro meses.<\/p>\n\n\n\n<p class=\"wp-block-paragraph\">Adem\u00e1s ya no har\u00eda falta que el delincuente en cuesti\u00f3n tenga una condena en su contra: con tan s\u00f3lo la imputaci\u00f3n penal la Justicia debe obtener la muestra gen\u00e9tica.&nbsp;<\/p>\n\n\n\n<p class=\"wp-block-paragraph\">\u201cVamos a incluir que ingresen los perfiles gen\u00e9ticos de los imputados por delitos, es decir de aquellos que hay estado en la escena del crimen, que han dejado sus huellas gen\u00e9ticas y que pueden servir para la investigaci\u00f3n criminal\u201d, detall\u00f3 la macrista&nbsp;<strong>Laura Rodr\u00edguez Machado,<\/strong>&nbsp;presidenta de la comisi\u00f3n de Legislaci\u00f3n Penal, que fue cabecera del debate en el plenario de comisiones.<\/p>\n\n\n\n<figure class=\"wp-block-embed-youtube wp-block-embed is-type-video is-provider-youtube wp-embed-aspect-16-9 wp-has-aspect-ratio\"><div class=\"wp-block-embed__wrapper\">\n<iframe loading=\"lazy\" title=\"Diputada Rodr\u00edguez Machado, Laura - PRO - Sesi\u00f3n Especial 14-08-2024 - PL\" width=\"500\" height=\"281\" src=\"https:\/\/www.youtube.com\/embed\/2g_eF19qdGg?feature=oembed\" frameborder=\"0\" allow=\"accelerometer; autoplay; clipboard-write; encrypted-media; gyroscope; picture-in-picture; web-share\" referrerpolicy=\"strict-origin-when-cross-origin\" allowfullscreen><\/iframe>\n<\/div><\/figure>\n\n\n\n<p class=\"wp-block-paragraph\">Otro punto es que ampl\u00eda el registro incluyendo la huella gen\u00e9tica (ADN de contacto), ya que antes el ADN solo se extra\u00eda a trav\u00e9s de los fluidos, es decir, sangre, semen o saliva.<\/p>\n\n\n\n<p class=\"wp-block-paragraph\">\u201cAl modificar esta tecnolog\u00eda nos va a permitir incluir una mayor cantidad de perfiles gen\u00e9ticos\u201d, celebr\u00f3 la cordobesa del PRO.<\/p>\n\n\n\n<p class=\"wp-block-paragraph\">\u201cLa provincia de Mendoza utiliza este sistema desde el 2016 y se logr\u00f3 el esclarecimiento de m\u00e1s de 4 mil casos penales con m\u00e1s de mil matches de matches de huellas gen\u00e9ticas que se encontraron en el lugar del delito con perfiles gen\u00e9ticos que hab\u00eda en el banco de datos\u201d, resalt\u00f3 Rodr\u00edguez Machado.<\/p>\n\n\n\n<p class=\"wp-block-paragraph\">Para la diputada del PRO, el este proyecto \u201ces uno de los m\u00e1s importantes en materia de investigaci\u00f3n criminal\u00edstica desde 1912 cuando&nbsp;<strong>Juan Vucetich<\/strong>&nbsp;incorpor\u00f3 la huella dactilar como sistema de identificaci\u00f3n de las personas\u201d.&nbsp;<\/p>\n\n\n\n<p class=\"wp-block-paragraph\">Por su parte, M\u00f3nica Frade (Coalici\u00f3n C\u00edvica) plante\u00f3 reparos con el proyecto del PRO y del oficialismo, especialmente con el hecho de habilita a requerir el perfil gen\u00e9tico de cualquier persona imputada por un delito&nbsp;<\/p>\n\n\n\n<p class=\"wp-block-paragraph\">\u201cHabla de imputados, y un imputado es una persona que goza del derecho a ser considerado inocente. Es un principio constitucional, todos gozamos del principio de inocencia y con esto se est\u00e1 violando el principio de inocencia\u201d, lament\u00f3.<\/p>\n\n\n\n<figure class=\"wp-block-embed-youtube wp-block-embed is-type-video is-provider-youtube wp-embed-aspect-16-9 wp-has-aspect-ratio\"><div class=\"wp-block-embed__wrapper\">\n<iframe loading=\"lazy\" title=\"Diputada Frade, M\u00f3nica - CC-ARI - Sesi\u00f3n Especial 14-08-2024 - PL\" width=\"500\" height=\"281\" src=\"https:\/\/www.youtube.com\/embed\/UY8rYhX4WAc?feature=oembed\" frameborder=\"0\" allow=\"accelerometer; autoplay; clipboard-write; encrypted-media; gyroscope; picture-in-picture; web-share\" referrerpolicy=\"strict-origin-when-cross-origin\" allowfullscreen><\/iframe>\n<\/div><\/figure>\n\n\n\n<p class=\"wp-block-paragraph\">Por otra parte, cuestion\u00f3 que se meta en la misma bolsa a todo tipo de delitos, sin distinci\u00f3n.<\/p>\n\n\n\n<p class=\"wp-block-paragraph\">\u201cNo hace distinci\u00f3n entre delitos dolosos y delitos culposos, quiere decir que un accidente de tr\u00e1nsito cualquiera que concluya en un homicidio culposo va a quedar equiparado a un narcotraficante, la verdad que es incre\u00edble\u201d, recrimin\u00f3.&nbsp;<\/p>\n\n\n\n<p class=\"wp-block-paragraph\">A su turno, el presidente del bloque de Uni\u00f3n por la Patria,&nbsp;<strong>Germ\u00e1n Mart\u00ednez<\/strong>, explic\u00f3 que esa bancada estaba a favor de ampliar los alcances del Registro Nacional de Datos Gen\u00e9ticos pero no para el total de delitos.<\/p>\n\n\n\n<figure class=\"wp-block-embed-youtube wp-block-embed is-type-video is-provider-youtube wp-embed-aspect-16-9 wp-has-aspect-ratio\"><div class=\"wp-block-embed__wrapper\">\n<iframe loading=\"lazy\" title=\"Diputado Mart\u00ednez, Germ\u00e1n Pedro - UxP - Sesi\u00f3n Especial 14-08-2024 - PL\" width=\"500\" height=\"281\" src=\"https:\/\/www.youtube.com\/embed\/o8r1qWJRJt4?feature=oembed\" frameborder=\"0\" allow=\"accelerometer; autoplay; clipboard-write; encrypted-media; gyroscope; picture-in-picture; web-share\" referrerpolicy=\"strict-origin-when-cross-origin\" allowfullscreen><\/iframe>\n<\/div><\/figure>\n\n\n\n<p class=\"wp-block-paragraph\">\u201cEstamos a favor de la utilizaci\u00f3n del perfil gen\u00e9tico digitalizado para avanzar en las tareas de investigaci\u00f3n criminal. Lo que queremos es que ese registro tenga un universo de delitos incorporado acotado\u201d, explic\u00f3.<\/p>\n\n\n\n<p class=\"wp-block-paragraph\">En este sentido, precis\u00f3 que los delitos que consideran que deben estar comprendidos en este r\u00e9gimen son los \u201cdolosos contra la vida, la integridad sexual, la identidad y libertad de las personas o aquellos cuya pena m\u00e1xima sea de 6 a\u00f1os o mayor o ante el caso de extrav\u00edo de personas\u201d.<\/p>\n\n\n\n<p class=\"wp-block-paragraph\">El santafesino advirti\u00f3 que con el proyecto que pide el oficialismo la Justicia va a poder pedir datos gen\u00e9ticos contra cualquier persona que por ejemplo est\u00e9 imputada por una causa de presentaci\u00f3n de avales para un partido pol\u00edtico, o incluso podr\u00e1 requerir lo mismo a los diputados que visitaron a represores, en caso de quedar imputados.&nbsp;<\/p>\n\n\n\n<p class=\"wp-block-paragraph\">&#8220;Me parece que cuando hablamos en terceras personas y hacemos demagogia con estos temas no ayuda en lo m\u00e1s m\u00ednimo&#8221;, remat\u00f3 Mart\u00ednez.<br \/><\/p>\n","protected":false},"excerpt":{"rendered":"<p>La&nbsp;C\u00e1mara de Diputados&nbsp;dio media sanci\u00f3n esta tarde el proyecto de ampliaci\u00f3n del&nbsp;Registro Nacional de Datos Gen\u00e9ticos&nbsp;para potenciar la identificaci\u00f3n de autores de todo tipo de delitos.&nbsp; La iniciativa modifica la ley 26.879 del 2013 que cre\u00f3 el&nbsp;Registro Nacional de Delitos Gen\u00e9ticos&nbsp;vinculados a delitos contra la integridad sexual, que obligaba a la Justicia a obtener muestras &hellip;<\/p>\n","protected":false},"author":1,"featured_media":8524,"comment_status":"open","ping_status":"open","sticky":false,"template":"","format":"standard","meta":{"pagelayer_contact_templates":[],"_pagelayer_content":"","iawp_total_views":6,"footnotes":""},"categories":[4,25],"tags":[],"class_list":["post-8523","post","type-post","status-publish","format-standard","has-post-thumbnail","hentry","category-actualidad-politica","category-resumen-de-noticias"],"_links":{"self":[{"href":"https:\/\/jotaposta.com.ar\/jposta\/wp-json\/wp\/v2\/posts\/8523","targetHints":{"allow":["GET"]}}],"collection":[{"href":"https:\/\/jotaposta.com.ar\/jposta\/wp-json\/wp\/v2\/posts"}],"about":[{"href":"https:\/\/jotaposta.com.ar\/jposta\/wp-json\/wp\/v2\/types\/post"}],"author":[{"embeddable":true,"href":"https:\/\/jotaposta.com.ar\/jposta\/wp-json\/wp\/v2\/users\/1"}],"replies":[{"embeddable":true,"href":"https:\/\/jotaposta.com.ar\/jposta\/wp-json\/wp\/v2\/comments?post=8523"}],"version-history":[{"count":1,"href":"https:\/\/jotaposta.com.ar\/jposta\/wp-json\/wp\/v2\/posts\/8523\/revisions"}],"predecessor-version":[{"id":13186,"href":"https:\/\/jotaposta.com.ar\/jposta\/wp-json\/wp\/v2\/posts\/8523\/revisions\/13186"}],"wp:attachment":[{"href":"https:\/\/jotaposta.com.ar\/jposta\/wp-json\/wp\/v2\/media?parent=8523"}],"wp:term":[{"taxonomy":"category","embeddable":true,"href":"https:\/\/jotaposta.com.ar\/jposta\/wp-json\/wp\/v2\/categories?post=8523"},{"taxonomy":"post_tag","embeddable":true,"href":"https:\/\/jotaposta.com.ar\/jposta\/wp-json\/wp\/v2\/tags?post=8523"}],"curies":[{"name":"wp","href":"https:\/\/api.w.org\/{rel}","templated":true}]}}