{"id":8436,"date":"2024-07-03T19:23:07","date_gmt":"2024-07-03T22:23:07","guid":{"rendered":"https:\/\/www.jotapostaok.com.ar\/?p=8436"},"modified":"2024-07-03T19:23:07","modified_gmt":"2024-07-03T22:23:07","slug":"atentando-contra-cfk-declaro-nicolas-carrizo","status":"publish","type":"post","link":"https:\/\/jotaposta.com.ar\/jposta\/2024\/07\/03\/atentando-contra-cfk-declaro-nicolas-carrizo\/","title":{"rendered":"Atentando contra CFK: Declar\u00f3 Nicol\u00e1s Carrizo"},"content":{"rendered":"\n<p class=\"wp-block-paragraph\">En la segunda audiencia del juicio a \u201cla banda de los\nCopitos\u201d por el intento de asesinato a Cristina Kirchner, decidi\u00f3 declarar\nNicol\u00e1s Carrizo, acusado como part\u00edcipe secundario del hecho ocurrido el 1 de\nseptiembre de 2022. <\/p>\n\n\n\n<p class=\"wp-block-paragraph\">Carrizo explic\u00f3: \u201cconoc\u00ed a Sabag Montiel y a Brenda Uliarte una noche en la que est\u00e1bamos de fiesta con un grupo. Al otro d\u00eda volvieron y me dijeron que se hab\u00edan olvidado una campera. La busqu\u00e9 en la casa de Checho, porque \u00e9l los dej\u00f3 pasar, y en un momento entraron a la pieza de Checho. Se quedaron ah\u00ed, aparentemente tuvieron sexo. Ah\u00ed fue cuando habl\u00e9 por primera vez con Sabag Montiel, mientras esper\u00e1bamos a los dos. Me dijo que trabaja con los coches, que los ten\u00eda rotos y quer\u00eda arreglarlos. Ese fue el d\u00eda que me present\u00e9, porque el d\u00eda anterior fue un hola y chau\u201d.<\/p>\n\n\n\n<figure class=\"wp-block-image\"><img decoding=\"async\" src=\"https:\/\/www.nuevodiarioweb.com.ar\/galeria\/fotos\/2024\/07\/03\/l_1720018545.png\" alt=\"Carrizo se deslig\u00f3 del atentado contra CFK: \u201cNo ten\u00eda idea de lo que hac\u00eda  Sabag Montiel\u201d | Nuevo Diario Web\"\/><\/figure>\n\n\n\n<p class=\"wp-block-paragraph\">Fernando Sabag Montiel hizo una larga declaraci\u00f3n y asegur\u00f3\nque el atentado fue con un fin personal y no para beneficiar a ning\u00fan sector\npol\u00edtico. \u201cYo quer\u00eda matar a Cristina\u201d, sostuvo la semana pasada. \u201cLa doctora\nKirchner es corrupta, roba y hace da\u00f1o a la sociedad y dem\u00e1s cuestiones que son\nsabidas. Me sent\u00ed humillado porque pas\u00e9 de tener un buen pasar econ\u00f3mico a\nvender copitos. Ella es la c\u00faspide de la jerarqu\u00eda pol\u00edtica y la culpable de\ntodo\u201d, agreg\u00f3.<\/p>\n\n\n\n<p class=\"wp-block-paragraph\">El ataque ocurri\u00f3 el 1 de septiembre de 2022. Esa noche, la\nentonces vicepresidenta llegaba a su casa, en la esquina de Montevideo y\nJuncal, en el barrio porte\u00f1o de Recoleta, donde la esperaba un enorme grupo de\nmilitantes que decidieron mostrarle su apoyo tras ser condenada a 12 a\u00f1os de\nprisi\u00f3n en la causa Vialidad.<\/p>\n\n\n\n<p class=\"wp-block-paragraph\">Para la fiscal\u00eda nacional en lo Criminal y Correccional\nFederal N\u00b02 porte\u00f1a, a cargo de Carlos R\u00edvolo, el autor material del intento de\nmagnicidio fue Sabag Montiel, un ciudadano brasile\u00f1o que viv\u00eda en Villa del\nParque.<\/p>\n","protected":false},"excerpt":{"rendered":"<p>En la segunda audiencia del juicio a \u201cla banda de los Copitos\u201d por el intento de asesinato a Cristina Kirchner, decidi\u00f3 declarar Nicol\u00e1s Carrizo, acusado como part\u00edcipe secundario del hecho ocurrido el 1 de septiembre de 2022. Carrizo explic\u00f3: \u201cconoc\u00ed a Sabag Montiel y a Brenda Uliarte una noche en la que est\u00e1bamos de fiesta &hellip;<\/p>\n","protected":false},"author":1,"featured_media":8437,"comment_status":"open","ping_status":"open","sticky":false,"template":"","format":"standard","meta":{"pagelayer_contact_templates":[],"_pagelayer_content":"","iawp_total_views":10,"footnotes":""},"categories":[4],"tags":[],"class_list":["post-8436","post","type-post","status-publish","format-standard","has-post-thumbnail","hentry","category-actualidad-politica"],"_links":{"self":[{"href":"https:\/\/jotaposta.com.ar\/jposta\/wp-json\/wp\/v2\/posts\/8436","targetHints":{"allow":["GET"]}}],"collection":[{"href":"https:\/\/jotaposta.com.ar\/jposta\/wp-json\/wp\/v2\/posts"}],"about":[{"href":"https:\/\/jotaposta.com.ar\/jposta\/wp-json\/wp\/v2\/types\/post"}],"author":[{"embeddable":true,"href":"https:\/\/jotaposta.com.ar\/jposta\/wp-json\/wp\/v2\/users\/1"}],"replies":[{"embeddable":true,"href":"https:\/\/jotaposta.com.ar\/jposta\/wp-json\/wp\/v2\/comments?post=8436"}],"version-history":[{"count":0,"href":"https:\/\/jotaposta.com.ar\/jposta\/wp-json\/wp\/v2\/posts\/8436\/revisions"}],"wp:featuredmedia":[{"embeddable":true,"href":"https:\/\/jotaposta.com.ar\/jposta\/wp-json\/wp\/v2\/media\/8437"}],"wp:attachment":[{"href":"https:\/\/jotaposta.com.ar\/jposta\/wp-json\/wp\/v2\/media?parent=8436"}],"wp:term":[{"taxonomy":"category","embeddable":true,"href":"https:\/\/jotaposta.com.ar\/jposta\/wp-json\/wp\/v2\/categories?post=8436"},{"taxonomy":"post_tag","embeddable":true,"href":"https:\/\/jotaposta.com.ar\/jposta\/wp-json\/wp\/v2\/tags?post=8436"}],"curies":[{"name":"wp","href":"https:\/\/api.w.org\/{rel}","templated":true}]}}