{"id":8393,"date":"2024-06-22T23:06:49","date_gmt":"2024-06-23T02:06:49","guid":{"rendered":"https:\/\/www.jotapostaok.com.ar\/?p=8393"},"modified":"2026-04-25T12:23:15","modified_gmt":"2026-04-25T12:23:15","slug":"todo-un-pais-busca-a-loan","status":"publish","type":"post","link":"https:\/\/jotaposta.com.ar\/jposta\/2024\/06\/22\/todo-un-pais-busca-a-loan\/","title":{"rendered":"Todo un Pa\u00eds busca a Loan"},"content":{"rendered":"\n<p>El Ministerio de Seguridad de la Naci\u00f3n, en coordinaci\u00f3n con\nel Sistema Federal de B\u00fasquedas de Personas Desaparecidas y Extraviadas\n(Sifebu) activ\u00f3 el Programa Alerta Sof\u00eda para la b\u00fasqueda de Loan Danilo Pe\u00f1a,\nun ni\u00f1o de 5 a\u00f1os desaparecido desde el jueves en el Paraje Algarrobal, un\npeque\u00f1o pueblo de la localidad de 9 de Julio, a pocos kil\u00f3metros de la capital\nde Corrientes.<\/p>\n\n\n\n<p>Ese d\u00eda, el ni\u00f1o hab\u00eda salido de la casa de su abuela para ir a buscar naranjas al monte, luego de almorzar. Sin embargo, no lo volvieron a ver.<\/p>\n\n\n\n<figure class=\"wp-block-image\"><img decoding=\"async\" src=\"https:\/\/www.lavoz.com.ar\/resizer\/v2\/O2BCLT4U4FEHNP54HBFINVN5DE.png?auth=3a99a44eff7a7ab2128d4ad3b69989dc4e0d30a5562b77a018a510236620904f&amp;width=1600&amp;height=1600\" alt=\"Alerta Sof\u00eda por la desaparici\u00f3n de Loan Danilo Pe\u00f1a, un nene de 5 a\u00f1os desaparecido en Corrientes.\"\/><\/figure>\n\n\n\n<p>Loan es de tez trigue\u00f1a, delgado, con ojos marrones y\ncabello corto casta\u00f1o oscuro. Al momento de su desaparici\u00f3n, vest\u00eda una remera\nnegra con letras rosadas que dec\u00edan \u201cMessi\u201d, un pantal\u00f3n largo negro y\nzapatillas verdes. Mide aproximadamente 80 cent\u00edmetros y tiene una cicatriz\nubicada en el remolino de la cabeza.<\/p>\n\n\n\n<p>Seg\u00fan relataron fuentes oficiales a Infoabe, hasta ahora \u201cno\nse tienen novedades sobre su paradero\u201d. \u201cEn este sentido, el Ministerio de\nSeguridad de la Naci\u00f3n ha decidido activar una Alerta Sof\u00eda. Se solicita a toda\nla comunidad su m\u00e1xima atenci\u00f3n y colaboraci\u00f3n en la b\u00fasqueda\u201d.<\/p>\n\n\n\n<p>El nene hab\u00eda ido a recolectar frutas junto a sus primos y tres adultos, indicaron medios locales. Su pap\u00e1 le hab\u00eda dado permiso porque los sujetos eran conocidos de la familia.<\/p>\n\n\n\n<figure class=\"wp-block-image\"><img decoding=\"async\" src=\"https:\/\/www.lavoz.com.ar\/resizer\/v2\/FHWUMO66HBGC7OAI7HTY7YUPVE.jpeg?auth=e7c59dd40670ee8078aa98b1e03fec0e25a09612bbf49af0ce118f393d567f07&amp;width=1200&amp;height=1600\" alt=\"Alerta Sof\u00eda por la desaparici\u00f3n de Loan Danilo Pe\u00f1a, un nene de 5 a\u00f1os desaparecido en Corrientes.\"\/><\/figure>\n\n\n\n<p>\u201cNo sabemos qu\u00e9 pas\u00f3. S\u00f3lo queda buscar casa por casa, por\nsi alguien lo vio y lo llevaron. \u00c9l no conoc\u00eda estos caminos, es muy chiquito\u201d,\ndijo Mar\u00eda, madre de Loan, en declaraciones al medio \u00c9poca.<\/p>\n\n\n\n<p>Seg\u00fan mencion\u00f3, el grupo se alej\u00f3 2 kil\u00f3metros de la casa de\nla abuela de Loan y, cuando notaron su ausencia, lo buscaron durante alrededor\nde dos horas antes de dar aviso a la Polic\u00eda. \u201cTodos volvieron asustados porque\nel nene desapareci\u00f3\u201d, agreg\u00f3.<\/p>\n\n\n\n<p>Hay unos 200 polic\u00edas volcados al operativo de para intentar\nlocalizarlo. Se encuentran rastrillando un radio de 8 kil\u00f3metros, inform\u00f3 el\ncomisario mayor de la Unidad Regional de Goya, Roque B\u00e1ez. Destac\u00f3 que es una\nzona inh\u00f3spita de montes y lagunas. Los uniformados van acompa\u00f1ados por perros,\ncaballos y drones para intentar dar con Loan.<\/p>\n\n\n\n<p>Los tres adultos que lo acompa\u00f1aban fueron demorados de\nmanera preventiva. En tanto, este viernes encontraron un par de zapatillas que\nser\u00edan las que llevaba puestas Loan. Tambi\u00e9n se allan\u00f3 una casa ubicada sobre\nla ruta nacional 123.<\/p>\n\n\n\n<p>Para la madre de Loan, el ni\u00f1o \u201cse pudo ir por el lado de la\nruta, o lo encontr\u00f3 alguien y lo habr\u00e1 llevado, porque otra cosa no hay\u201d.\nIndic\u00f3 tambi\u00e9n que toda esa zona es \u201cmonte\u201d y que \u00e9l no \u201cconoce ese camino\u201d.\n\u201cYo no lo dejo que ande por la calle. \u00c9l es la primera vez que vino a la casa\nde la abuela\u201d, concluy\u00f3.<\/p>\n","protected":false},"excerpt":{"rendered":"<p>El Ministerio de Seguridad de la Naci\u00f3n, en coordinaci\u00f3n con el Sistema Federal de B\u00fasquedas de Personas Desaparecidas y Extraviadas (Sifebu) activ\u00f3 el Programa Alerta Sof\u00eda para la b\u00fasqueda de Loan Danilo Pe\u00f1a, un ni\u00f1o de 5 a\u00f1os desaparecido desde el jueves en el Paraje Algarrobal, un peque\u00f1o pueblo de la localidad de 9 de &hellip;<\/p>\n","protected":false},"author":1,"featured_media":8394,"comment_status":"open","ping_status":"open","sticky":false,"template":"","format":"standard","meta":{"pagelayer_contact_templates":[],"_pagelayer_content":"","iawp_total_views":1,"footnotes":""},"categories":[4,25],"tags":[],"class_list":["post-8393","post","type-post","status-publish","format-standard","has-post-thumbnail","hentry","category-actualidad-politica","category-resumen-de-noticias"],"_links":{"self":[{"href":"https:\/\/jotaposta.com.ar\/jposta\/wp-json\/wp\/v2\/posts\/8393","targetHints":{"allow":["GET"]}}],"collection":[{"href":"https:\/\/jotaposta.com.ar\/jposta\/wp-json\/wp\/v2\/posts"}],"about":[{"href":"https:\/\/jotaposta.com.ar\/jposta\/wp-json\/wp\/v2\/types\/post"}],"author":[{"embeddable":true,"href":"https:\/\/jotaposta.com.ar\/jposta\/wp-json\/wp\/v2\/users\/1"}],"replies":[{"embeddable":true,"href":"https:\/\/jotaposta.com.ar\/jposta\/wp-json\/wp\/v2\/comments?post=8393"}],"version-history":[{"count":1,"href":"https:\/\/jotaposta.com.ar\/jposta\/wp-json\/wp\/v2\/posts\/8393\/revisions"}],"predecessor-version":[{"id":13278,"href":"https:\/\/jotaposta.com.ar\/jposta\/wp-json\/wp\/v2\/posts\/8393\/revisions\/13278"}],"wp:featuredmedia":[{"embeddable":true,"href":"https:\/\/jotaposta.com.ar\/jposta\/wp-json\/wp\/v2\/media\/8394"}],"wp:attachment":[{"href":"https:\/\/jotaposta.com.ar\/jposta\/wp-json\/wp\/v2\/media?parent=8393"}],"wp:term":[{"taxonomy":"category","embeddable":true,"href":"https:\/\/jotaposta.com.ar\/jposta\/wp-json\/wp\/v2\/categories?post=8393"},{"taxonomy":"post_tag","embeddable":true,"href":"https:\/\/jotaposta.com.ar\/jposta\/wp-json\/wp\/v2\/tags?post=8393"}],"curies":[{"name":"wp","href":"https:\/\/api.w.org\/{rel}","templated":true}]}}