{"id":8341,"date":"2024-06-12T17:43:54","date_gmt":"2024-06-12T20:43:54","guid":{"rendered":"https:\/\/www.jotapostaok.com.ar\/?p=8341"},"modified":"2024-06-12T17:43:54","modified_gmt":"2024-06-12T20:43:54","slug":"senado-nora-gimenez-adelanto-su-rechazo-a-la-ley-bases-video","status":"publish","type":"post","link":"https:\/\/jotaposta.com.ar\/jposta\/2024\/06\/12\/senado-nora-gimenez-adelanto-su-rechazo-a-la-ley-bases-video\/","title":{"rendered":"Senado&#124; Nora Gim\u00e9nez adelant\u00f3 su rechazo a la &quot;Ley Bases&quot; (video)"},"content":{"rendered":"\n<p class=\"wp-block-paragraph\">La senadora nacional por Salta, Nora Gim\u00e9nez, anticip\u00f3 su rechazo a la Ley Bases y en su  discurso afirm\u00f3: \u201cPrimero fue la Ley \u00d3mnibus. Despu\u00e9s el DNU 70\/23, del que nunca  pudieron justificar ni la necesidad ni la urgencia. Luego los 10 puntos anunciados por el  presidente Milei, convocando al Pacto del 25 de Mayo en C\u00f3rdoba, y ahora la ley Bases y  Puntos de Partida para\u2026 yo dir\u00eda, dolorosamente, la destrucci\u00f3n de la Naci\u00f3n Argentina\u201d.<\/p>\n\n\n\n<p class=\"wp-block-paragraph\">Luego agreg\u00f3 que \u201cla historia se repite y hasta aparecen los mismos actores. De un lado Caputo, ministro de econom\u00eda de Macri; Sturzenegger, como el gran ide\u00f3logo; Cavallo, como el asesor estrella. Del otro lado, la gente, el pueblo argentino, que son los que sufren y padecen los resultados de la econom\u00eda de mercado y el mal llamado super\u00e1vit fiscal\u201d. Para la legisladora, \u201ceste proyecto representa la vuelta al siglo XIX, la vuelta a un Estado colonial que promueve el saqueo de sus recursos naturales, que no garantiza el cumplimiento de sus derechos ni respeta sus conquistas sociales a los trabajadores ni a los jubilados, ni a los sectores populares. Y lo m\u00e1s grave: deja en manos de las corporaciones transnacionales sectores estrat\u00e9gicos de la econom\u00eda del pa\u00eds\u201d.<\/p>\n\n\n\n<p class=\"wp-block-paragraph\">Asimismo, se\u00f1al\u00f3 que \u201cel objetivo est\u00e1 claro, la apropiaci\u00f3n de nuestro territorio con sus  riquezas naturales, desde el agua hasta los paisajes, la primarizaci\u00f3n de la econom\u00eda, la  destrucci\u00f3n de la industria nacional, las Pymes y el entramado productivo local, la  privatizaci\u00f3n de las empresas estrat\u00e9gicas del Estado, el desguace de los organismos  cient\u00edficos, tecnol\u00f3gicos, culturales, acad\u00e9micos y art\u00edsticos. Todo esto es parte de un plan, que muy lejos de asegurar la luz al final del t\u00fanel, buscan afirmar la bandera de remate de nuestro pa\u00eds\u201d. Y reflexion\u00f3 que \u201cla \u00fanica instituci\u00f3n en condiciones de enfrentarse a las corporaciones para defender la soberan\u00eda de una Naci\u00f3n, es el Estado, el Estado Nacional\u201d.<\/p>\n\n\n\n<figure class=\"wp-block-embed-youtube wp-block-embed is-type-video is-provider-youtube wp-embed-aspect-16-9 wp-has-aspect-ratio\"><div class=\"wp-block-embed__wrapper\">\n<iframe loading=\"lazy\" title=\"SDORA. NORA GIM\u00c9NEZ - SESI\u00d3N  P\u00daBLICA ESPECIAL 12-06-24\" width=\"500\" height=\"281\" src=\"https:\/\/www.youtube.com\/embed\/FBY_4rzRPM0?feature=oembed\" frameborder=\"0\" allow=\"accelerometer; autoplay; clipboard-write; encrypted-media; gyroscope; picture-in-picture; web-share\" referrerpolicy=\"strict-origin-when-cross-origin\" allowfullscreen><\/iframe>\n<\/div><\/figure>\n\n\n\n<p class=\"wp-block-paragraph\">Sobre el final, la senadora resumi\u00f3 que \u201cesta Ley Bases sienta las bases para la destrucci\u00f3n profunda de la Argentina porque quiebra el entramado productivo local, remata sus recursos naturales, fomenta el desempleo y la precarizaci\u00f3n de los trabajadores, deteriora las condiciones previsionales de nuestros jubilados y jubiladas, privatiza y desguaza organismos y empresas estrat\u00e9gicas para el desarrollo y la defensa de la soberan\u00eda<br \/> nacional, y otorga superpoderes a un Jefe de Estado que odia al Estado, y se propone destruirlo, como \u00e9l mismo lo dijo, como un topo, desde adentro\u201d. Y concluy\u00f3 afirmando: \u201cNo cuenten conmigo para vender el pa\u00eds, para hipotecar el futuro de nuestros hijos y nietos. Por eso voy a adelantar mi rechazo a la Ley Bases. Porque tengo la profunda convicci\u00f3n de que<br \/> la Patria no se vende, la Patria se defiende\u201d.<\/p>\n","protected":false},"excerpt":{"rendered":"<p>La senadora nacional por Salta, Nora Gim\u00e9nez, anticip\u00f3 su rechazo a la Ley Bases y en su discurso afirm\u00f3: \u201cPrimero fue la Ley \u00d3mnibus. Despu\u00e9s el DNU 70\/23, del que nunca pudieron justificar ni la necesidad ni la urgencia. Luego los 10 puntos anunciados por el presidente Milei, convocando al Pacto del 25 de Mayo &hellip;<\/p>\n","protected":false},"author":1,"featured_media":8342,"comment_status":"open","ping_status":"open","sticky":false,"template":"","format":"standard","meta":{"pagelayer_contact_templates":[],"_pagelayer_content":"","iawp_total_views":5,"footnotes":""},"categories":[4],"tags":[],"class_list":["post-8341","post","type-post","status-publish","format-standard","has-post-thumbnail","hentry","category-actualidad-politica"],"_links":{"self":[{"href":"https:\/\/jotaposta.com.ar\/jposta\/wp-json\/wp\/v2\/posts\/8341","targetHints":{"allow":["GET"]}}],"collection":[{"href":"https:\/\/jotaposta.com.ar\/jposta\/wp-json\/wp\/v2\/posts"}],"about":[{"href":"https:\/\/jotaposta.com.ar\/jposta\/wp-json\/wp\/v2\/types\/post"}],"author":[{"embeddable":true,"href":"https:\/\/jotaposta.com.ar\/jposta\/wp-json\/wp\/v2\/users\/1"}],"replies":[{"embeddable":true,"href":"https:\/\/jotaposta.com.ar\/jposta\/wp-json\/wp\/v2\/comments?post=8341"}],"version-history":[{"count":0,"href":"https:\/\/jotaposta.com.ar\/jposta\/wp-json\/wp\/v2\/posts\/8341\/revisions"}],"wp:featuredmedia":[{"embeddable":true,"href":"https:\/\/jotaposta.com.ar\/jposta\/wp-json\/wp\/v2\/media\/8342"}],"wp:attachment":[{"href":"https:\/\/jotaposta.com.ar\/jposta\/wp-json\/wp\/v2\/media?parent=8341"}],"wp:term":[{"taxonomy":"category","embeddable":true,"href":"https:\/\/jotaposta.com.ar\/jposta\/wp-json\/wp\/v2\/categories?post=8341"},{"taxonomy":"post_tag","embeddable":true,"href":"https:\/\/jotaposta.com.ar\/jposta\/wp-json\/wp\/v2\/tags?post=8341"}],"curies":[{"name":"wp","href":"https:\/\/api.w.org\/{rel}","templated":true}]}}