{"id":8282,"date":"2024-06-01T23:24:33","date_gmt":"2024-06-02T02:24:33","guid":{"rendered":"https:\/\/www.jotapostaok.com.ar\/?p=8282"},"modified":"2024-06-01T23:24:33","modified_gmt":"2024-06-02T02:24:33","slug":"alimentos-vencidos-los-detalles-del-escandalo-del-gobierno-de-milei","status":"publish","type":"post","link":"https:\/\/jotaposta.com.ar\/jposta\/2024\/06\/01\/alimentos-vencidos-los-detalles-del-escandalo-del-gobierno-de-milei\/","title":{"rendered":"Alimentos Vencidos: los detalles del esc\u00e1ndalo del Gobierno de Milei"},"content":{"rendered":"\n<p class=\"wp-block-paragraph\">El Ministerio de Capital Humano de la Naci\u00f3n desplaz\u00f3 de su\ncargo al secretario de Ni\u00f1ez, Adolescencia y Familia, Pablo De la Torre. Lo\nhizo a partir de la pol\u00e9mica originada por los millones de kilos de alimentos\nno entregados y alojados en 2 dep\u00f3sitos ubicados en Villa Martelli (Vicente\nL\u00f3pez, Provincia de Buenos Aires) y Taf\u00ed Viejo (Tucum\u00e1n).<\/p>\n\n\n\n<p class=\"wp-block-paragraph\">El Ministerio a cargo de Sandra Pettovello recibi\u00f3\ninformaci\u00f3n sobre el estado y la fecha de vencimiento de esos bienes y decidi\u00f3 \u201climitar\nlas competencias de los funcionarios y empleados responsables que, por mal\ndesempe\u00f1o de sus tareas, no han realizado un control permanente de stock y de\nvencimiento de mercader\u00eda\u201d, seg\u00fan el comunicado oficial.<\/p>\n\n\n\n<p class=\"wp-block-paragraph\">El caso sali\u00f3 a la luz a partir de un pedido de acceso a la informaci\u00f3n p\u00fablica realizado por el portal El Destape, que dio cuenta de la disponibilidad de m\u00e1s de 5 millones de kilos de mercader\u00eda no entregada en estos dep\u00f3sitos. Esta documentaci\u00f3n se incorpor\u00f3 a un expediente judicial que tiene a Pettovello como imputada y en el que se orden\u00f3 la elaboraci\u00f3n de un plan de entrega de los alimentos.<\/p>\n\n\n\n<figure class=\"wp-block-embed-youtube wp-block-embed is-type-video is-provider-youtube wp-embed-aspect-16-9 wp-has-aspect-ratio\"><div class=\"wp-block-embed__wrapper\">\n<iframe loading=\"lazy\" title=\"Por el ESC\u00c1NDALO de los ALIMENTOS, ECHARON a un alto FUNCIONARIO del MINISTERIO de CAPITAL HUMANO\" width=\"500\" height=\"281\" src=\"https:\/\/www.youtube.com\/embed\/oFHTuCoHk7w?feature=oembed\" frameborder=\"0\" allow=\"accelerometer; autoplay; clipboard-write; encrypted-media; gyroscope; picture-in-picture; web-share\" referrerpolicy=\"strict-origin-when-cross-origin\" allowfullscreen><\/iframe>\n<\/div><\/figure>\n\n\n\n<h2 class=\"wp-block-heading\"><strong>Las Claves del Caso<\/strong><\/h2>\n\n\n\n<p class=\"wp-block-paragraph\"><em><strong>1- El caso de los alimentos sali\u00f3 a la luz por un pedido de acceso a la informaci\u00f3n p\u00fablica<\/strong><\/em><\/p>\n\n\n\n<p class=\"wp-block-paragraph\">El Destape realiz\u00f3 un pedido de acceso a la informaci\u00f3n\np\u00fablica en el que solicit\u00f3 el stock de alimentos disponible en los centros\noperativos de Villa Martelli y Taf\u00ed Viejo, dependientes del Ministerio de\nCapital Humano. El organismo inform\u00f3 que al 30 de abril \u00faltimo hab\u00eda casi 2,8\nmillones de kilos de alimentos en el centro operativo de Martelli y casi 2,3\nmillones en el de Taf\u00ed Viejo. La suma de ambos dep\u00f3sitos arroja un total que\nsupera los 5 millones de kilos.<\/p>\n\n\n\n<p class=\"wp-block-paragraph\">Casi un 63% del total disponible, seg\u00fan la respuesta del\nMinisterio a El Destape, es yerba mate. Un 23,3% corresponde a leche en polvo\ny, en proporciones menores, le siguen en importancia el aceite de soja, el\naceite mezcla, el pur\u00e9 de tomate y los garbanzos.<\/p>\n\n\n\n<p class=\"wp-block-paragraph\"><strong><em>2- En primera instancia, el Gobierno nacional indic\u00f3 que los alimentos eran para \u201ccat\u00e1strofes\u201d y neg\u00f3 que estuvieran pr\u00f3ximos a vencer<\/em><\/strong><\/p>\n\n\n\n<p class=\"wp-block-paragraph\">Manuel Adorni, vocero presidencial, reconoci\u00f3 en la\nconferencia de prensa del jueves 23 de mayo que los alimentos exist\u00edan pero neg\u00f3\nque est\u00e9n pr\u00f3ximos a vencer: \u201cSon alimentos adquiridos por la administraci\u00f3n\nanterior y, adem\u00e1s, est\u00e1n all\u00ed porque en la administraci\u00f3n anterior, por las\nauditor\u00edas que ha hecho la ministra Pettovello, un buen porcentaje de los\ncomedores eran truchos, no exist\u00edan o no ten\u00edan la cantidad de gente que dec\u00edan\ntener\u201d.<\/p>\n\n\n\n<p class=\"wp-block-paragraph\">Al d\u00eda siguiente, el vocero se\u00f1al\u00f3: \u201cHab\u00eda una serie de\nalimentos que se hab\u00edan comprado, gran parte en la gesti\u00f3n anterior, que\nefectivamente tienen el destino de asistir crisis o cat\u00e1strofes\u201d. Y agreg\u00f3 que,\n\u201cen general, son alimentos denominados \u2018no perecederos\u2019\u201d.<\/p>\n\n\n\n<p class=\"wp-block-paragraph\">Finalmente, el lunes 27 de mayo Adorni inform\u00f3: \u201cNo hay un\nsolo alimento que se vaya a tirar a la basura. De hecho, esto corre por 2\ncarriles distintos: por un carril van los alimentos que efectivamente terminan\nen los comedores y que sirven para asistir a los m\u00e1s vulnerables y a los que\nmenos tienen. Y, por otro, aquellos alimentos con destino de reserva. Por eso,\nson todos alimentos no perecederos, porque efectivamente est\u00e1n destinados para\notro fin\u201d.<\/p>\n\n\n\n<p class=\"wp-block-paragraph\"><strong><em>3- En la Justicia tramita una causa contra Pettovello por la suspensi\u00f3n del abastecimiento de comedores<\/em><\/strong><\/p>\n\n\n\n<p class=\"wp-block-paragraph\">La Justicia Federal porte\u00f1a intervino en una causa que\nestaba en tr\u00e1mite desde febrero y que se hab\u00eda originado en una denuncia penal\ndel dirigente Juan Grabois (Patria Grande) contra Pettovello por la suspensi\u00f3n\ndel abastecimiento de alimentos a los comedores comunitarios y el\nincumplimiento del Programa de Naciones Unidas para el Desarrollo (PNUD), \u201cque\nabastec\u00eda de alimentos y auditaba a los comedores\u201d, a pesar de que \u201clos fondos\nse encuentran disponibles, configurando no solo una inmoralidad intolerable,\nsino que adem\u00e1s constituye un delito\u201d, sosten\u00eda la denuncia.<\/p>\n\n\n\n<p class=\"wp-block-paragraph\">La causa tramita en el juzgado federal de Sebasti\u00e1n\nCasanello y la investigaci\u00f3n est\u00e1 delegada en la fiscal federal Paloma Ochoa.\nEn marzo, la fiscal solicit\u00f3 al Ministerio de Capital Humano que explicara c\u00f3mo\nfuncionaba el procedimiento de entrega y reparto de alimentos antes y despu\u00e9s\ndel 10 de diciembre. La cartera a cargo de Pettovello se\u00f1al\u00f3 que en la gesti\u00f3n\nanterior la entrega se hac\u00eda \u201ca demanda de los establecimientos\/organizaciones\ny a la definici\u00f3n pol\u00edtica de la autoridad\u201d.<\/p>\n\n\n\n<p class=\"wp-block-paragraph\">Sobre lo realizado desde el cambio de gobierno, el Ministerio no dio mayores detalles. \u201cAnte los requerimientos directos y concretos de esta fiscal\u00eda, el Ministerio de Capital Humano de la Naci\u00f3n no contest\u00f3 lo preguntado con relaci\u00f3n a la entrega o no de alimentos durante los meses de diciembre de 2023 y enero, febrero y marzo de 2024\u201d, se\u00f1al\u00f3 Ochoa. Chequeado consult\u00f3 a la cartera a cargo de Pettovello, pero hasta la publicaci\u00f3n de esta nota no obtuvo respuesta.<\/p>\n\n\n\n<figure class=\"wp-block-embed-youtube wp-block-embed is-type-video is-provider-youtube wp-embed-aspect-16-9 wp-has-aspect-ratio\"><div class=\"wp-block-embed__wrapper\">\n<iframe loading=\"lazy\" title=\"ESC\u00c1NDALO, CORRUPCI\u00d3N y ALIMENTOS VENCIDOS: JAVIER MILEI volvi\u00f3 a DEFENDER a SANDRA PETTOVELLO\" width=\"500\" height=\"281\" src=\"https:\/\/www.youtube.com\/embed\/-B1_M26Dlko?feature=oembed\" frameborder=\"0\" allow=\"accelerometer; autoplay; clipboard-write; encrypted-media; gyroscope; picture-in-picture; web-share\" referrerpolicy=\"strict-origin-when-cross-origin\" allowfullscreen><\/iframe>\n<\/div><\/figure>\n\n\n\n<p class=\"wp-block-paragraph\"><strong><em>4- La Justicia le orden\u00f3 al Ministerio que elaborara un plan de distribuci\u00f3n de los alimentos<\/em><\/strong><\/p>\n\n\n\n<p class=\"wp-block-paragraph\">El 23 de mayo, la Asociaci\u00f3n Civil El Amanecer de los\nCartoneros, querellante en esa causa, solicit\u00f3 que se incorporara al expediente\nla informaci\u00f3n publicada por El Destape y pidi\u00f3 una inspecci\u00f3n ocular en los 2\ndep\u00f3sitos para comprobar la existencia de esos alimentos. Ochoa, por su parte,\nle solicit\u00f3 al juez un allanamiento en los dep\u00f3sitos y que ordene al Ministerio\nque en el t\u00e9rmino de 5 d\u00edas entregara los alimentos que hubiese demandado la\nquerella o cualquier comedor inscripto en el Registro Nacional de Comedores\n(Renacom).<\/p>\n\n\n\n<p class=\"wp-block-paragraph\">Casanello no adhiri\u00f3 a todo lo solicitado por la fiscal. Le\norden\u00f3 al Ministerio que informe al juzgado el stock actual de alimentos de\nambos dep\u00f3sitos, con tipo de alimento, fecha de adquisici\u00f3n y expiraci\u00f3n; los\nregistros de ingreso y egreso de mercader\u00eda desde diciembre de 2023; y los\nexpedientes administrativos en los que se haya tramitado la adquisici\u00f3n de\nalimentos.<\/p>\n\n\n\n<p class=\"wp-block-paragraph\">Adem\u00e1s, el juez le encomend\u00f3 al Ministerio que elabore un\n\u201cplan de distribuci\u00f3n de dichos alimentos en atenci\u00f3n a su tipo, cantidad,\nfecha de vencimiento y grupo de destino, previendo su ejecuci\u00f3n de modo\ninmediato\u201d. Sin embargo, Casanello no orden\u00f3 la entrega de los alimentos.<\/p>\n\n\n\n<p class=\"wp-block-paragraph\">El juez explic\u00f3 que los jueces deben \u201cgarantizar la eficacia\nde los derechos y evitar que estos sean vulnerados\u201d, pero \u201cello no incluye\nsustituir a la Administraci\u00f3n en la determinaci\u00f3n de las pol\u00edticas\u201d. Y\nconcluy\u00f3: \u201cCorresponde a la Administraci\u00f3n elegir, seg\u00fan su enfoque, los medios\nm\u00e1s adecuados para asegurar el derecho fundamental a una alimentaci\u00f3n adecuada\ny, en este caso puntual, distribuir los alimentos almacenados\u201d.<\/p>\n\n\n\n<p class=\"wp-block-paragraph\"><strong><em>5- El Ministerio apel\u00f3 el fallo pero luego reconoci\u00f3 errores en el cuidado de la mercader\u00eda<\/em><\/strong><\/p>\n\n\n\n<p class=\"wp-block-paragraph\">La cartera que dirige Pettovello apel\u00f3 el fallo de Casanello el martes 28 de mayo. En el escrito, objet\u00f3 la decisi\u00f3n del magistrado por tratarse, seg\u00fan los abogados del Estado, de una \u201ccuesti\u00f3n pol\u00edtica no judiciable\u201d y, en varias oportunidades, le cuestion\u00f3 haber ordenado la inmediata entrega de los alimentos, pese a que Casanello rechaz\u00f3 esto ante el pedido de la fiscal.<\/p>\n\n\n\n<figure class=\"wp-block-embed\"><div class=\"wp-block-embed__wrapper\">\n<iframe loading=\"lazy\" title=\"Adorni sobre los alimentos en Capital Humano\" width=\"422\" height=\"750\" src=\"https:\/\/www.youtube.com\/embed\/_Wbtsa9PNmk?feature=oembed\" frameborder=\"0\" allow=\"accelerometer; autoplay; clipboard-write; encrypted-media; gyroscope; picture-in-picture; web-share\" referrerpolicy=\"strict-origin-when-cross-origin\" allowfullscreen><\/iframe>\n<\/div><\/figure>\n\n\n\n<p class=\"wp-block-paragraph\">Los abogados del Ministerio tambi\u00e9n indicaron que hay otro\nexpediente en el fuero Contencioso Administrativo Federal donde tramitan los\nreclamos vinculados al reparto de alimentos y que es all\u00ed donde debe resolver\nla Justicia y no en el fuero penal. Y cuestionaron que la medida judicial\nresultara \u201cineficaz respecto del objetivo principal planteado\u201d, ya que se\nmaterializar\u00eda, principalmente, en la \u201cdistribuci\u00f3n de yerba mate\u201d.<\/p>\n\n\n\n<p class=\"wp-block-paragraph\">En un comunicado, adem\u00e1s, el Ministerio se\u00f1al\u00f3 que los\npaquetes de yerba corresponden a una \u201ccontrataci\u00f3n irregular que realiz\u00f3 la\ngesti\u00f3n anterior y se encuentra bajo una auditor\u00eda. Esta yerba no s\u00f3lo se adquiri\u00f3\na trav\u00e9s de procesos poco transparentes, sino que se trata de un producto de\nmala calidad\u201d.<\/p>\n\n\n\n<p class=\"wp-block-paragraph\">Sin embargo, posteriormente, el Gobierno nacional present\u00f3\nante el juzgado la informaci\u00f3n que hab\u00eda pedido Casanello. Los documentos\npresentados muestran que actualmente el stock es superior al que hab\u00eda cuando\nEl Destape realiz\u00f3 el pedido de acceso. Entre ambos dep\u00f3sitos, el Ministerio\ninform\u00f3 que hay 5,9 millones de kilos de alimentos. La informaci\u00f3n tambi\u00e9n\nrevela que hay m\u00e1s de 300 mil kilos de leche en polvo en Villa Martelli que\nvencen antes del 1\u00ba de agosto pr\u00f3ximo.<\/p>\n\n\n\n<p class=\"wp-block-paragraph\">Adem\u00e1s, el Ministerio asegur\u00f3 que desde el 10 de diciembre\nentreg\u00f3 casi 900 mil kilos de alimentos a organizaciones no gubernamentales (en\nsu mayor\u00eda parroquias, obispados e iglesias), y casi 200 mil kilos a provincias\ny municipios.<\/p>\n\n\n\n<p class=\"wp-block-paragraph\">El 30 de mayo, el Ministerio de Capital Humano emiti\u00f3 un\ncomunicado en el que reconoci\u00f3 errores por parte de funcionarios sobre el\ncuidado de la mercader\u00eda y las fechas de vencimiento. Si bien no se oficializ\u00f3\nsu salida, De la Torre se\u00f1al\u00f3 en su cuenta de X: \u201cFue un honor ser parte del\nGobierno nacional durante estos meses. Seguir\u00e9 trabajando por nuestra Patria\ndesde el lugar que me toque\u201d. Adorni adelant\u00f3 en conferencia de prensa que el\nMinisterio eval\u00faa una presentaci\u00f3n ante la Oficina Anticorrupci\u00f3n contra De la\nTorre y otros funcionarios.<\/p>\n\n\n\n<p class=\"wp-block-paragraph\">El Ministerio, adem\u00e1s, anunci\u00f3 que \u201cse pone en marcha un\nprotocolo para la entrega inmediata de los alimentos de pr\u00f3ximo vencimiento por\nmedio del Ej\u00e9rcito Argentino para garantizar una log\u00edstica r\u00e1pida y eficiente\u201d.<\/p>\n","protected":false},"excerpt":{"rendered":"<p>El Ministerio de Capital Humano de la Naci\u00f3n desplaz\u00f3 de su cargo al secretario de Ni\u00f1ez, Adolescencia y Familia, Pablo De la Torre. Lo hizo a partir de la pol\u00e9mica originada por los millones de kilos de alimentos no entregados y alojados en 2 dep\u00f3sitos ubicados en Villa Martelli (Vicente L\u00f3pez, Provincia de Buenos Aires) &hellip;<\/p>\n","protected":false},"author":1,"featured_media":8284,"comment_status":"open","ping_status":"open","sticky":false,"template":"","format":"standard","meta":{"pagelayer_contact_templates":[],"_pagelayer_content":"","iawp_total_views":6,"footnotes":""},"categories":[4],"tags":[],"class_list":["post-8282","post","type-post","status-publish","format-standard","has-post-thumbnail","hentry","category-actualidad-politica"],"_links":{"self":[{"href":"https:\/\/jotaposta.com.ar\/jposta\/wp-json\/wp\/v2\/posts\/8282","targetHints":{"allow":["GET"]}}],"collection":[{"href":"https:\/\/jotaposta.com.ar\/jposta\/wp-json\/wp\/v2\/posts"}],"about":[{"href":"https:\/\/jotaposta.com.ar\/jposta\/wp-json\/wp\/v2\/types\/post"}],"author":[{"embeddable":true,"href":"https:\/\/jotaposta.com.ar\/jposta\/wp-json\/wp\/v2\/users\/1"}],"replies":[{"embeddable":true,"href":"https:\/\/jotaposta.com.ar\/jposta\/wp-json\/wp\/v2\/comments?post=8282"}],"version-history":[{"count":0,"href":"https:\/\/jotaposta.com.ar\/jposta\/wp-json\/wp\/v2\/posts\/8282\/revisions"}],"wp:featuredmedia":[{"embeddable":true,"href":"https:\/\/jotaposta.com.ar\/jposta\/wp-json\/wp\/v2\/media\/8284"}],"wp:attachment":[{"href":"https:\/\/jotaposta.com.ar\/jposta\/wp-json\/wp\/v2\/media?parent=8282"}],"wp:term":[{"taxonomy":"category","embeddable":true,"href":"https:\/\/jotaposta.com.ar\/jposta\/wp-json\/wp\/v2\/categories?post=8282"},{"taxonomy":"post_tag","embeddable":true,"href":"https:\/\/jotaposta.com.ar\/jposta\/wp-json\/wp\/v2\/tags?post=8282"}],"curies":[{"name":"wp","href":"https:\/\/api.w.org\/{rel}","templated":true}]}}