{"id":8276,"date":"2024-06-01T23:13:42","date_gmt":"2024-06-02T02:13:42","guid":{"rendered":"https:\/\/www.jotapostaok.com.ar\/?p=8276"},"modified":"2024-06-01T23:13:42","modified_gmt":"2024-06-02T02:13:42","slug":"quien-fue-nora-cortinas-una-abanderada-de-la-memoria-la-verdad-y-la-justicia","status":"publish","type":"post","link":"https:\/\/jotaposta.com.ar\/jposta\/2024\/06\/01\/quien-fue-nora-cortinas-una-abanderada-de-la-memoria-la-verdad-y-la-justicia\/","title":{"rendered":"\u00bfQui\u00e9n fue Nora Corti\u00f1as?: Una abanderada de la Memoria, la Verdad y la Justicia"},"content":{"rendered":"\n<p class=\"wp-block-paragraph\">Nora Corti\u00f1as, o Norita simplemente, fue una de las mujeres que dio pie al nacimiento de Madres de Plaza de Mayo L\u00ednea Fundadora a partir de la desaparici\u00f3n de su hijo Gustavo, en abril de 1977. Tras una vida en la que supo unir historia y memoria con resistencia y lucha, adem\u00e1s de ser semilla para la conciencia pol\u00edtica de distintas generaciones con su activismo por los derechos humanos, el feminismo con la campa\u00f1a por el aborto legal y su compromiso con la defensa de los trabajadores, falleci\u00f3 este jueves a los 94 a\u00f1os y puso un luto en todos aquellos que la conocieron. Su legado continuar\u00e1 en la lucha por la Memoria, Verdad y Justicia, y todas las batallas por los derechos humanos por librar.<\/p>\n\n\n\n<figure class=\"wp-block-image\"><img decoding=\"async\" src=\"https:\/\/prensa.lacosta.gob.ar\/wp-content\/uploads\/2024\/05\/WhatsApp-Image-2024-05-31-at-10.41.30.jpeg\" alt=\"Prensa La Costa - Municipalidad de la Costa\"\/><\/figure>\n\n\n\n<p class=\"wp-block-paragraph\">Nora Morales de Corti\u00f1as hab\u00eda nacido el 22 de marzo de 1930 y fue una incansable defensora y militante de los derechos humanos en Argentina, cofundadora de Madres de Plaza de Mayo y posteriormente de Madres de Plaza de Mayo L\u00ednea Fundadora. Se desempe\u00f1\u00f3 como psic\u00f3loga social y profesora en la facultad de Ciencias Econ\u00f3micas de la Universidad de Buenos Aires, recibi\u00f3 el doctorado honoris causa de la Universidad Libre de Bruselas en 2000, la Universidad de Salta en 2004 y la Universidad de Buenos Aires en 2012.<\/p>\n\n\n\n<figure class=\"wp-block-embed-youtube wp-block-embed is-type-video is-provider-youtube wp-embed-aspect-16-9 wp-has-aspect-ratio\"><div class=\"wp-block-embed__wrapper\">\n<iframe loading=\"lazy\" title=\"Somos memoria: Nora Corti\u00f1as (cap\u00edtulo completo) - Canal Encuentro HD\" width=\"500\" height=\"281\" src=\"https:\/\/www.youtube.com\/embed\/0YcFn75FAQY?feature=oembed\" frameborder=\"0\" allow=\"accelerometer; autoplay; clipboard-write; encrypted-media; gyroscope; picture-in-picture; web-share\" referrerpolicy=\"strict-origin-when-cross-origin\" allowfullscreen><\/iframe>\n<\/div><\/figure>\n\n\n\n<p class=\"wp-block-paragraph\">Tal como ella relat\u00f3, su vida cambi\u00f3 para siempre cuando el 15 de abril de 1977 su hijo Gustavo fue detenido, secuestrado y desaparecido en la estaci\u00f3n de trenes de Castelar, en el conurbano bonaerense. En aquel momento el joven de 24 a\u00f1os era estudiante universitario y colaboraba con el padre Carlos Mugica en la Villa 31 del barrio porte\u00f1o de Retiro. Desde ese momento Norita dej\u00f3 de ser la costurera y ama de casa que era y se uni\u00f3 a las Madres de Plaza de Mayo para exigir por su aparici\u00f3n con vida. \u201cLa Memoria es la base de la lucha, es lo que da el \u00e1nimo de seguir, la b\u00fasqueda de la verdad y la justicia tiene que ser todos los d\u00edas hasta lograr que se sepa sobre las v\u00edctimas y lo que ocurri\u00f3 para poder llegar a la justicia\u201d, expres\u00f3 Nora Corti\u00f1as en una entrevista.<\/p>\n\n\n\n<figure class=\"wp-block-image\"><img decoding=\"async\" src=\"https:\/\/media.elancasti.com.ar\/p\/7d77beed3350343c0adf45f7ed3f58ca\/adjuntos\/325\/imagenes\/000\/325\/0000325849\/790x0\/smart\/imagepng.png\" alt=\"Muri\u00f3 Nora Corti\u00f1as, titular de Madres de Plaza de Mayo\"\/><\/figure>\n\n\n\n<p class=\"wp-block-paragraph\">En ese marco, el escritor y psic\u00f3logo Pablo Melicchio, quien\nescribi\u00f3 el libro \u201cEl lado Norita de la vida\u201d como biograf\u00eda de Corti\u00f1as,\ndialog\u00f3 con La Marca de la Almohada y, adem\u00e1s de manifestar el sentimiento de\ndolor que embarga a quienes conocieron a la mujer y lo que pasa en Castelar,\ndonde Nora vivi\u00f3 toda su vida y donde parad\u00f3jicamente ser\u00e1 velada en lo que se\nconoci\u00f3 como Mansi\u00f3n Ser\u00e9, el centro clandestino de detenci\u00f3n que oper\u00f3 durante\nla dictadura y donde posiblemente estuvo el hijo de Corti\u00f1as tras ser\nsecuestrado, lugar que hoy es un sitio de Memoria. En ese sentido, Melicchio\ncont\u00f3 que \u201ccuando empezamos a escribir el libro ella misma me dijo con una\nsonrisa que quer\u00eda un enfoque psicol\u00f3gico y que no solo se exprese la tristeza\npor la p\u00e9rdida de Gustavo sino la posibilidad que ten\u00eda de seguir viviendo con\nalegr\u00eda. Ella era muy positiva y as\u00ed lo trat\u00e9 de contar\u201d<\/p>\n\n\n\n<p class=\"wp-block-paragraph\">\u00a0\u201cUno podr\u00eda hacer un antes y un despu\u00e9s del 77\u201d, dijo Melicchio, y agreg\u00f3: \u201cElla era un ama de casa con su marido en la l\u00ednea del patriarcado, un hombre que no quer\u00eda que la mujer saliera a trabajar. Entonces ella lo hac\u00eda como costurera desde su hogar y se dedicaba completamente a la maternidad. Pero a partir del 77 se empodera y pasa de ser Nora, la ama de casa, a ser Norita, la que empieza una lucha inclaudicable para que aparezca su hijo Gustavo primero y con el paso de los a\u00f1os pidiendo saber qu\u00e9 hicieron con el cuerpo de su hijo, d\u00f3nde lo tiraron\u201d.<\/p>\n\n\n\n<figure class=\"wp-block-image\"><img decoding=\"async\" src=\"https:\/\/images.pagina12.com.ar\/styles\/focal_3_2_960x640\/public\/2024-05\/843455-7-na-.JPG?h=dae325b4&amp;itok=lVCX2fH-\" alt=\"Nora Corti\u00f1as en 10 fotos que muestran su lucha por memoria, verdad y  justicia | Postales de una militante incansable | P\u00e1gina|12\"\/><\/figure>\n\n\n\n<p class=\"wp-block-paragraph\">\u201cElla gan\u00f3 much\u00edsimas batallas _agreg\u00f3 el autor_ porque fue\nuna referente de los Derechos Humanos de la Argentina y en el mundo, pero sus\ndos batallas perdidas fueron contra la muerte que siempre nos gana y la de no\nhaber sabido que fue de su hijo Gustavo, que nunca apareci\u00f3\u201d.<\/p>\n\n\n\n<p class=\"wp-block-paragraph\">Nora siempre tuvo en claro algo: las Madres de Plaza de Mayo \u201cno somos madres de un solo hijo, somos madres de todos los desaparecidos. Nuestro hijo biol\u00f3gico se transform\u00f3 en 30.000 hijos. Y por ellos parimos una vida totalmente pol\u00edtica y en la calle. Los seguimos acompa\u00f1ando, pero no de la misma manera como cuando estaban con nosotras: revalorizamos la maternidad desde un lugar p\u00fablico\u201d. Es por eso que tambi\u00e9n se convirti\u00f3 en embajadora en todas las luchas del mundo, all\u00ed donde la llamaban, siempre expres\u00f3 la solidaridad con los que m\u00e1s sufren. Norita tambi\u00e9n se convirti\u00f3 en una referente en la lucha por los derechos de las mujeres y las disidencias. En 2018 mostr\u00f3 su apoyo a la causa del aborto legal y fue oradora en la marcha de Ni una menos.<\/p>\n\n\n\n<figure class=\"wp-block-image\"><img decoding=\"async\" src=\"https:\/\/static.eldiario.es\/clip\/6dc7a5d7-b912-4fc9-9693-2824a4ef3975_16-9-discover-aspect-ratio_default_0.jpg\" alt=\"La orfandad - elDiarioAR.com\"\/><\/figure>\n\n\n\n<p class=\"wp-block-paragraph\">El 30 de abril de 1977, 15 d\u00edas despu\u00e9s de la desaparici\u00f3n\nde su hijo, particip\u00f3 de su primera ronda de Madres. Record\u00f3 en una entrevista\nque eran \u201cmuy poquitas y todas est\u00e1bamos atravesadas por el miedo y la\nangustia. Mientras averigu\u00e1bamos por el paradero de nuestros hijos nos \u00edbamos\nencontrando con mujeres y hombres en la misma situaci\u00f3n\u201d. En 1980, comenzaron a\nusar el pa\u00f1uelo blanco en la cabeza con el nombre y apellido del familiar\ndesaparecido bordado y desde ese d\u00eda no se lo quit\u00f3 m\u00e1s.<\/p>\n\n\n\n<p class=\"wp-block-paragraph\">Su lucha continu\u00f3 firme hasta sus 94 a\u00f1os porque \u201clos treinta mil desaparecidos van a descansar en paz si la lucha contin\u00faa, si sabemos toda la verdad de lo que pas\u00f3, si hay justicia con condena perpetua y efectiva para los genocidas en c\u00e1rceles comunes, si no olvidamos\u201d. Su hijo Carlos Gustavo Corti\u00f1as permanece desaparecido desde el 15 de abril de 1977 a las 8.45, momento en el que fue secuestrado. Hasta el d\u00eda de hoy sus restos no fueron encontrados ni se pudo obtener informaci\u00f3n alguna sobre su paso por alg\u00fan centro clandestino de detenci\u00f3n.<\/p>\n\n\n\n<figure class=\"wp-block-image\"><img decoding=\"async\" src=\"https:\/\/images.pagina12.com.ar\/styles\/width960\/public\/2024-05\/843455-2-historica.JPG?itok=mc7tb6vh\" alt=\"Nora Corti\u00f1as en 10 fotos que muestran su lucha por memoria, verdad y  justicia | Postales de una militante incansable | P\u00e1gina|12\"\/><\/figure>\n\n\n\n<p class=\"wp-block-paragraph\">Luego de 40 a\u00f1os de lucha, Nora sigui\u00f3 peleando por nuevos\ndesaf\u00edos en la defensa de los Derechos Humanos. \u201cNuestra causa ya no es s\u00f3lo la\nb\u00fasqueda de nuestros familiares sino tambi\u00e9n la conquista por la liberaci\u00f3n de\nlas mujeres, el respeto a la libre determinaci\u00f3n del cuerpo, a las minor\u00edas de\nopci\u00f3n sexual, religiosas y culturales. Es doloroso decir que el\ndesprendimiento de la vida dom\u00e9stica y privada y el salto a la vida p\u00fablica se\nllev\u00f3 a cabo porque tu hijo o hija est\u00e1 desaparecido. Pero ya no se vuelve\natr\u00e1s\u201d, afirm\u00f3 la Madre de Plaza de Mayo en una entrevista publicada por el\nportal Educaci\u00f3n y Memoria.<\/p>\n\n\n\n<p class=\"wp-block-paragraph\">La b\u00fasqueda de la verdad y la justicia la llev\u00f3 a participar\nen numerosos congresos, seminarios y debates en los temas de derechos humanos,\nmujeres y de la Comisi\u00f3n de Derechos Humanos de la Organizaci\u00f3n de Estados\nAmericanos (OEA) y de las Naciones Unidas (NU). Norita tambi\u00e9n se destac\u00f3 en la\ncultura y educaci\u00f3n y durante su trayectoria dict\u00f3 cursos en universidades,\ncolegios secundarios, centros de estudios y asociaciones de profesionales,\norganizaciones civiles, sindicales y vecinales. A lo largo de su vida Corti\u00f1as\nrecogi\u00f3 un sinn\u00famero de reconocimientos por esa lucha incansable:<\/p>\n\n\n\n<ul class=\"wp-block-list\"><li>Doctora honoris causa por la Universidad Libre\nde Bruselas, B\u00e9lgica en el a\u00f1o 2000. Tambi\u00e9n la Universidad de Salta le\nconcedi\u00f3 el 2004 un doctorado honoris causa, por su trayectoria en defensa de\nlos derechos econ\u00f3micos y sociales de la poblaci\u00f3n argentina.<\/li><li>En 2012, la Universidad de Buenos Aires la\ndistingui\u00f3 con el doctorado honoris causa, ocasi\u00f3n en la que dijo: \u201cEs un\nabrazo, fuerte, fuerte, que lo comparto con mi familia y que le dedico a\nGustavo a quien hoy le hice una ofrenda, al presentar un habeas corpus como\nmuchos que present\u00e9 por a\u00f1os desde el primer d\u00eda en que se lo llevaron (\u2026)\nQuiero compartir esta distinci\u00f3n con las madres que fueron llevadas por la\ndictadura, desde la iglesia de la Santa Cruz a la EsMA; con todas las madres\ncompa\u00f1eras de lucha\u201d.<\/li><li>El viernes 18 de octubre de 2019 recibi\u00f3 el\nt\u00edtulo \u201cDoctora Honoris Causa\u201d en la facultad de trabajo social de la\nUniversidad Nacional de Entre R\u00edos (UNER) en la ciudad de Paran\u00e1.<\/li><li>El 14 de diciembre de 2010 los trabajadores del\nIMPA homenajearon a Nora Corti\u00f1as con la inauguraci\u00f3n en su edificio de un\nteatro con su nombre, \u201cpor su incansable lucha en defensa de los Derechos\nHumanos y su solidaridad permanente con todas las luchas de nuestro pueblo\u201d.<\/li><li>El 25 de marzo de 2008, trabajadores del Indec y\nmilitantes pol\u00edticos recordaron la labor de su hijo como encuestador y\ndescubrieron una placa donada por los obreros de la exf\u00e1brica Zanon. Ese d\u00eda le\nentregaron el legajo de su hijo, que a\u00fan se conservaba en el instituto.<\/li><li>En 2012 se estren\u00f3 el documental \u201cNorita, Nora\nCorti\u00f1as\u201d con direcci\u00f3n y guion de Miguel Mirra.<\/li><li>En 2017 la editorial Sudestada edit\u00f3, como parte\nde su colecci\u00f3n Para chicos y chicas, el n\u00famero 20 dedicado a la vida de\nNorita, con textos de Vanesa Jalil e ilustraciones de Julio Ibarra.<\/li><li>Tambi\u00e9n el cantautor uruguayo Alejandro Balbis\nle escribi\u00f3 una canci\u00f3n, titulada \u201cDesayuno sin hablar\u201d, que seg\u00fan explic\u00f3 fue\n\u201cproducto de largas conversaciones con Nora Corti\u00f1as\u201d. En 2019 recibi\u00f3 el\nPremio Derechos Humanos, compartido con Victoire Ingabire Umuhoza. <\/li><\/ul>\n","protected":false},"excerpt":{"rendered":"<p>Nora Corti\u00f1as, o Norita simplemente, fue una de las mujeres que dio pie al nacimiento de Madres de Plaza de Mayo L\u00ednea Fundadora a partir de la desaparici\u00f3n de su hijo Gustavo, en abril de 1977. Tras una vida en la que supo unir historia y memoria con resistencia y lucha, adem\u00e1s de ser semilla &hellip;<\/p>\n","protected":false},"author":1,"featured_media":8277,"comment_status":"open","ping_status":"open","sticky":false,"template":"","format":"standard","meta":{"pagelayer_contact_templates":[],"_pagelayer_content":"","iawp_total_views":9,"footnotes":""},"categories":[4],"tags":[],"class_list":["post-8276","post","type-post","status-publish","format-standard","has-post-thumbnail","hentry","category-actualidad-politica"],"_links":{"self":[{"href":"https:\/\/jotaposta.com.ar\/jposta\/wp-json\/wp\/v2\/posts\/8276","targetHints":{"allow":["GET"]}}],"collection":[{"href":"https:\/\/jotaposta.com.ar\/jposta\/wp-json\/wp\/v2\/posts"}],"about":[{"href":"https:\/\/jotaposta.com.ar\/jposta\/wp-json\/wp\/v2\/types\/post"}],"author":[{"embeddable":true,"href":"https:\/\/jotaposta.com.ar\/jposta\/wp-json\/wp\/v2\/users\/1"}],"replies":[{"embeddable":true,"href":"https:\/\/jotaposta.com.ar\/jposta\/wp-json\/wp\/v2\/comments?post=8276"}],"version-history":[{"count":0,"href":"https:\/\/jotaposta.com.ar\/jposta\/wp-json\/wp\/v2\/posts\/8276\/revisions"}],"wp:featuredmedia":[{"embeddable":true,"href":"https:\/\/jotaposta.com.ar\/jposta\/wp-json\/wp\/v2\/media\/8277"}],"wp:attachment":[{"href":"https:\/\/jotaposta.com.ar\/jposta\/wp-json\/wp\/v2\/media?parent=8276"}],"wp:term":[{"taxonomy":"category","embeddable":true,"href":"https:\/\/jotaposta.com.ar\/jposta\/wp-json\/wp\/v2\/categories?post=8276"},{"taxonomy":"post_tag","embeddable":true,"href":"https:\/\/jotaposta.com.ar\/jposta\/wp-json\/wp\/v2\/tags?post=8276"}],"curies":[{"name":"wp","href":"https:\/\/api.w.org\/{rel}","templated":true}]}}