{"id":8273,"date":"2024-06-01T23:08:30","date_gmt":"2024-06-02T02:08:30","guid":{"rendered":"https:\/\/www.jotapostaok.com.ar\/?p=8273"},"modified":"2024-06-01T23:08:30","modified_gmt":"2024-06-02T02:08:30","slug":"ley-de-bases-uno-x-uno-los-cambios-que-acepto-el-gobierno","status":"publish","type":"post","link":"https:\/\/jotaposta.com.ar\/jposta\/2024\/06\/01\/ley-de-bases-uno-x-uno-los-cambios-que-acepto-el-gobierno\/","title":{"rendered":"Ley de Bases&#124; Uno x uno, los cambios que acept\u00f3 el Gobierno"},"content":{"rendered":"\n<p class=\"wp-block-paragraph\">Tras casi un mes de tratamiento en comisiones, el\noficialismo consigui\u00f3 el jueves pasado las firmas de los dictamen de la ley de\nBases y el paquete fiscal que le permitir\u00e1n sesionar en el recinto del Senado\nde la Naci\u00f3n. <\/p>\n\n\n\n<p class=\"wp-block-paragraph\">Para lograrlo, el Gobierno nacional debi\u00f3 ceder en m\u00e1s de 40 modificaciones que fueron motorizadas por los bloques dialoguistas nacionales y bloques pertenecientes a partidos provinciales. <\/p>\n\n\n\n<figure class=\"wp-block-image\"><img decoding=\"async\" src=\"https:\/\/grupolaprovincia.com\/download\/multimedia.normal.b41e6bb6a6d7e768.RGViYXRlIGVuIGNvbWlzaW9uZXMgcG9yIGxhIExleSBfbm9ybWFsLndlYnA%3D.webp\" alt=\"Debate en comisiones por la Ley Bases\"\/><\/figure>\n\n\n\n<p class=\"wp-block-paragraph\">A continuaci\u00f3n uno por uno, los principales cambios que\nacept\u00f3 La Libertad Avanza: <\/p>\n\n\n\n<p class=\"wp-block-paragraph\"><strong>Ganancias<\/strong><\/p>\n\n\n\n<p class=\"wp-block-paragraph\">Se trata del cap\u00edtulos que m\u00e1s cuestionamientos aglutinaba\nen t\u00e9rminos de transversalidad partidaria. Sobre todo, la restituci\u00f3n de la\ncuarta categor\u00eda de Ganancias abroquelaba a las provincias de la Patagonia. <\/p>\n\n\n\n<p class=\"wp-block-paragraph\">Por esa raz\u00f3n, el oficialismo increment\u00f3 en 22 por ciento en\nm\u00ednimo no imponible para los habitantes sure\u00f1os. Sin embargo, esto no conform\u00f3\na otros senadores y gobernadores del centro de la Argentina, que tambi\u00e9n\ncuentan con asalariados con altos ingresos. <\/p>\n\n\n\n<p class=\"wp-block-paragraph\"><strong>Blanqueo<\/strong><\/p>\n\n\n\n<p class=\"wp-block-paragraph\">Con respecto al blanqueo, los dos cambios sustanciales que\nse sumaron al texto fueron la exclusi\u00f3n de los hermanos de los funcionarios\npara adherir al r\u00e9gimen. A su vez, tampoco podr\u00e1n hacerlo aquellos funcionarios\np\u00fablicos que ejercieron un cargo en los \u00faltimos 10 a\u00f1os. <\/p>\n\n\n\n<p class=\"wp-block-paragraph\"><strong>RIGI<\/strong><\/p>\n\n\n\n<p class=\"wp-block-paragraph\">El R\u00e9gimen de Incentivos para Grandes Inversiones (RIGI) fue\nuno de los ejes de discusi\u00f3n que atraves\u00f3 cada sesi\u00f3n informativa que se\ndesarroll\u00f3 durante mayo. En ese punto, el Gobierno lim\u00f3 la redacci\u00f3n del\nart\u00edculo 163, que vulneraba algunos aspectos de las autonom\u00edas provinciales.<\/p>\n\n\n\n<p class=\"wp-block-paragraph\">Tambi\u00e9n, agreg\u00f3 la obligaci\u00f3n para que las empresas que adhieran al RIGI tengan que presentar un plan de desarrollo con proveedores locales. Equipararon tambi\u00e9n a las industrias nacionales para ingresar a los beneficios fiscales y cambiarios. <\/p>\n\n\n\n<figure class=\"wp-block-image\"><img decoding=\"async\" src=\"https:\/\/grupolaprovincia.com\/download\/multimedia.normal.878bfab18b192b5b.RWwgb2ZpY2lhbGlzbW8gY29uc2lndWnDsyBkaWN0YW1lX25vcm1hbC53ZWJw.webp\" alt=\"El oficialismo consigui\u00f3 dictamen para la Ley Bases en el Senado.\"\/><\/figure>\n\n\n\n<p class=\"wp-block-paragraph\"><strong>Regal\u00edas mineras<\/strong><\/p>\n\n\n\n<p class=\"wp-block-paragraph\">Se trata de una de las concesiones de \u00faltimo momento que\nrealiz\u00f3 el oficialismo, a pedido del senador Jos\u00e9 Mar\u00eda Carambia (Santa Cruz).\nEl representante sure\u00f1o se llev\u00f3 una suba en la percepci\u00f3n de las regal\u00edas\nmineras provinciales del tres al cinco por ciento. <\/p>\n\n\n\n<p class=\"wp-block-paragraph\">\u201cLas provincias que adhieran al r\u00e9gimen de la presente ley y\nque perciban regal\u00edas o decidan percibir, no podr\u00e1n cobrar un porcentaje\nsuperior al cinco por ciento sobre el valor &#8216;boca mina&#8217; del mineral extra\u00eddo\u201d,\nindica el texto acordado. <\/p>\n\n\n\n<p class=\"wp-block-paragraph\"><strong>Facultades delegadas<\/strong><\/p>\n\n\n\n<p class=\"wp-block-paragraph\">En este punto, el Ejecutivo concedi\u00f3 modificaciones en la\namplia redacci\u00f3n del art\u00edculo 3 e incluy\u00f3 a 15 organismo e instituciones\np\u00fablicas que el Gobierno no podr\u00e1 intervenir para su eventual disoluci\u00f3n. <\/p>\n\n\n\n<p class=\"wp-block-paragraph\">Entre ellas, se encuentran algunas que pidieron los\nradicales como el Banco Nacional de Datos Gen\u00e9ticos (BNDG); Servicio Nacional\nde Sanidad y Calidad Agroalimentaria (SENASA);&nbsp;\nInstituto Nacional de Tecnolog\u00eda Industrial (INTI). <\/p>\n\n\n\n<p class=\"wp-block-paragraph\">En esa l\u00ednea, y tambi\u00e9n por petici\u00f3n de los\ncorreligionarios, se a\u00f1adi\u00f3 un p\u00e1rrafo para garantizar el financiamiento de los\norganismos incluidos en el Plan Nacional de Ciencia, Tecnolog\u00eda e Innovaci\u00f3n\n2030. <\/p>\n","protected":false},"excerpt":{"rendered":"<p>Tras casi un mes de tratamiento en comisiones, el oficialismo consigui\u00f3 el jueves pasado las firmas de los dictamen de la ley de Bases y el paquete fiscal que le permitir\u00e1n sesionar en el recinto del Senado de la Naci\u00f3n. Para lograrlo, el Gobierno nacional debi\u00f3 ceder en m\u00e1s de 40 modificaciones que fueron motorizadas &hellip;<\/p>\n","protected":false},"author":1,"featured_media":8274,"comment_status":"open","ping_status":"open","sticky":false,"template":"","format":"standard","meta":{"pagelayer_contact_templates":[],"_pagelayer_content":"","iawp_total_views":6,"footnotes":""},"categories":[4],"tags":[],"class_list":["post-8273","post","type-post","status-publish","format-standard","has-post-thumbnail","hentry","category-actualidad-politica"],"_links":{"self":[{"href":"https:\/\/jotaposta.com.ar\/jposta\/wp-json\/wp\/v2\/posts\/8273","targetHints":{"allow":["GET"]}}],"collection":[{"href":"https:\/\/jotaposta.com.ar\/jposta\/wp-json\/wp\/v2\/posts"}],"about":[{"href":"https:\/\/jotaposta.com.ar\/jposta\/wp-json\/wp\/v2\/types\/post"}],"author":[{"embeddable":true,"href":"https:\/\/jotaposta.com.ar\/jposta\/wp-json\/wp\/v2\/users\/1"}],"replies":[{"embeddable":true,"href":"https:\/\/jotaposta.com.ar\/jposta\/wp-json\/wp\/v2\/comments?post=8273"}],"version-history":[{"count":0,"href":"https:\/\/jotaposta.com.ar\/jposta\/wp-json\/wp\/v2\/posts\/8273\/revisions"}],"wp:featuredmedia":[{"embeddable":true,"href":"https:\/\/jotaposta.com.ar\/jposta\/wp-json\/wp\/v2\/media\/8274"}],"wp:attachment":[{"href":"https:\/\/jotaposta.com.ar\/jposta\/wp-json\/wp\/v2\/media?parent=8273"}],"wp:term":[{"taxonomy":"category","embeddable":true,"href":"https:\/\/jotaposta.com.ar\/jposta\/wp-json\/wp\/v2\/categories?post=8273"},{"taxonomy":"post_tag","embeddable":true,"href":"https:\/\/jotaposta.com.ar\/jposta\/wp-json\/wp\/v2\/tags?post=8273"}],"curies":[{"name":"wp","href":"https:\/\/api.w.org\/{rel}","templated":true}]}}