{"id":8234,"date":"2025-05-18T05:16:55","date_gmt":"2025-05-18T08:16:55","guid":{"rendered":"https:\/\/www.jotapostaok.com.ar\/?p=8234"},"modified":"2025-05-18T05:16:55","modified_gmt":"2025-05-18T08:16:55","slug":"que-paso-en-la-semana-del-25-de-mayo-de-1810-fecha-del-primer-paso-a-la-independencia","status":"publish","type":"post","link":"https:\/\/jotaposta.com.ar\/jposta\/2025\/05\/18\/que-paso-en-la-semana-del-25-de-mayo-de-1810-fecha-del-primer-paso-a-la-independencia\/","title":{"rendered":"Qu\u00e9 pas\u00f3 en la semana del 25 de mayo de 1810, fecha del primer paso a la Independencia"},"content":{"rendered":"\n<p class=\"wp-block-paragraph\"><em><strong>Los eventos que ocurrieron en la Semana de Mayo de 1810 fueron el punto inicial de un proceso independentista que llevar\u00eda su tiempo pero se concretar\u00eda seis a\u00f1os despu\u00e9s, el 9 de julio de 1816. Toda esta primera etapa de revoluci\u00f3n, que deriv\u00f3 en el nacimiento del pa\u00eds, comenz\u00f3 el 18 y concluy\u00f3 el 25 de mayo.<\/strong><\/em>Es que, tras el recuento de la votaci\u00f3n que se hab\u00eda llevado d\u00edas anteriores el 25 de mayo, en el hist\u00f3rico Cabildo Abierto, el fin del mandato del virrey Baltasar Hidalgo de Cisneros se convirti\u00f3 en un hecho.<\/p>\n\n\n\n<figure class=\"wp-block-image\"><img decoding=\"async\" src=\"https:\/\/static.eldiario.es\/clip\/23755797-e274-46d5-ab6b-b783f937a798_16-9-discover-aspect-ratio_default_0.jpg\" alt=\"El 25 de Mayo de 1810 y la Revoluci\u00f3n como sue\u00f1o eterno - elDiarioAR.com\"\/><\/figure>\n\n\n\n<h3 class=\"wp-block-heading\">C\u00f3mo se gest\u00f3 la Revoluci\u00f3n de Mayo<\/h3>\n\n\n\n<p class=\"wp-block-paragraph\">Se trat\u00f3 de un impulso de largo aliento que se concentr\u00f3 en una serie de acontecimientos que tuvieron lugar durante una semana, en la ciudad de Buenos Aires, capital del Virreinato del R\u00edo de la Plata, dependiente del rey de Espa\u00f1a . El corolario de las acciones ocurri\u00f3 un d\u00eda como hoy, pero 212 a\u00f1os atr\u00e1s.<\/p>\n\n\n\n<ul class=\"wp-block-list\"><li><strong>18 de Mayo<\/strong><\/li><\/ul>\n\n\n\n<p class=\"wp-block-paragraph\"><strong>El Virrey Cisneros advierte a los habitantes por medio de un bando<\/strong>: \u201cEn Am\u00e9rica espa\u00f1ola subsistir\u00e1 el trono de los Reyes Cat\u00f3licos, en el caso de que sucumbiera en la pen\u00ednsula. No tomar\u00e1 la superioridad determinaci\u00f3n alguna que no sea previamente acordada en uni\u00f3n de todas las representaciones de la capital, a que posteriormente se re\u00fanan las de sus provincias dependientes, entretanto que de acuerdo con los dem\u00e1s virreinatos se establece una representaci\u00f3n de la soberan\u00eda del se\u00f1or Fernando VII\u201d.&nbsp;<strong>Hab\u00eda un peque\u00f1o problema: el se\u00f1or Fernando VII estaba preso.<\/strong><\/p>\n\n\n\n<p class=\"wp-block-paragraph\"><strong>Grupos de intelectuales y comerciantes comienzan a reunirse en diversos puntos de la ciudad.&nbsp;<\/strong>En la quinta de<strong>&nbsp;Orma, Fray Ignacio Grela<\/strong>&nbsp;de los dominicos ser\u00e1 quien encabece una reuni\u00f3n en la que estar\u00e1n&nbsp;<strong>French y Beruti<\/strong>. Y en la jaboner\u00eda de Vieytes o en la casa de<strong>&nbsp;Rodr\u00edguez Pe\u00f1a se reunir\u00e1n Juan Jos\u00e9 Castelli, Manuel Belgrano, Juan Jos\u00e9 Paso, Antonio Luis Beruti, Eustoquio D\u00edaz V\u00e9lez, Feliciano Antonio Chiclana, Jos\u00e9 Darragueira, Mart\u00edn Jacobo Thompson y Juan Jos\u00e9 Viamonte.<\/strong><\/p>\n\n\n\n<ul class=\"wp-block-list\"><li>&nbsp;<strong>19 de mayo<\/strong><\/li><\/ul>\n\n\n\n<p class=\"wp-block-paragraph\">Los criollos reclaman la organizaci\u00f3n sin ning\u00fan tipo de trabas de un&nbsp;<strong>Cabildo Abierto<\/strong>&nbsp;para tratar la situaci\u00f3n y analizar los pasos a seguir.<\/p>\n\n\n\n<ul class=\"wp-block-list\"><li><strong>20 de mayo<\/strong><\/li><\/ul>\n\n\n\n<p class=\"wp-block-paragraph\">El virrey Cisneros recibe a funcionarios del Cabildo, jefes militares y criollos, con quienes trata la convocatoria del Cabildo.<\/p>\n\n\n\n<ul class=\"wp-block-list\"><li><strong>1 de mayo<\/strong><\/li><\/ul>\n\n\n\n<p class=\"wp-block-paragraph\">Un grupo de hombres armados, que se hac\u00edan llamar<strong>&nbsp;\u00abLegi\u00f3n Infernal\u00bb<\/strong>, ocuparon la Plaza de la Victoria y exigieron a gritos que se convocase a un cabildo abierto y se destituyese al virrey Cisneros. Al frente de este grupo estaba&nbsp;<strong>French y Beruti<\/strong>. Dudaban que Cisneros cumpliera la palabra de convocar al cabildo abierto, pero son tranquilizados por Cornelio Saavedra que el d\u00eda 22 se enviar\u00e1n las invitaciones para participar.<\/p>\n\n\n\n<ul class=\"wp-block-list\"><li><strong>22 de mayo<\/strong><\/li><\/ul>\n\n\n\n<p class=\"wp-block-paragraph\">A las 8:00 de ese d\u00eda&nbsp;<strong>la campana del cabildo son\u00f3 40 veces convocando a los participantes a acudir al cabildo<\/strong>. La famosa campana son\u00f3 a mazazo limpio, dado que el badajo hab\u00eda sido retirado por orden del virrey Liniers tras la asonada de \u00c1lzaga de 1809.<\/p>\n\n\n\n<p class=\"wp-block-paragraph\"><strong>La \u201cGuardia infernal\u201d de French y Beruti, armados con cuchillos, palos y fusiles controlaron el acceso a la plaza&nbsp;<\/strong>con la finalidad de asegurar que al Cabildo Abierto ingresaran solo los criollos. Los frailes dominicos encabezados por Fray Ignacio Grela, fac\u00f3n en cinto,&nbsp;<strong>cortaron el paso por el lado sur a los espa\u00f1oles realistas<\/strong>; el lado norte se encargaran los mercedarios de dicha tarea. Lo de las escarapelas que la historia oficial nos dice que repart\u00edan French y Beruti, est\u00e1 en discusi\u00f3n; algunos historiadores dicen que repart\u00edan cintas de color blanco; otros lo niegan rotundamente<\/p>\n\n\n\n<p class=\"wp-block-paragraph\">La asamblea dur\u00f3 hasta la medianoche.&nbsp;<strong>Hubo dos posturas enfrentadas:<\/strong>&nbsp;los que consideraban que la situaci\u00f3n deb\u00eda mantenerse sin cambios, respaldando a Cisneros en su cargo de virrey y los que sosten\u00edan que deb\u00eda formarse una junta de gobierno en su reemplazo, al igual que en Espa\u00f1a. El Obispo Lu\u00e9 y Riega sostendr\u00e1 el statu-quo.<\/p>\n\n\n\n<p class=\"wp-block-paragraph\">En las convocatorias al Cabildo, la Guardia Infernal de los patriotas, encabezados por French y Beruti, acudia armada para impedir el paso de los realistas<\/p>\n\n\n\n<p class=\"wp-block-paragraph\">Juan Jos\u00e9 Castelli habl\u00f3 a continuaci\u00f3n, y sostuvo que los pueblos americanos deb\u00edan asumir la direcci\u00f3n de sus destinos hasta que cesara el impedimento de Fernando VII de regresar al trono. Y as\u00ed tuvieron turnos para hablar: Pascual Ruiz Huidobro, Manuel Genaro Villota, pero entre todos ser\u00e1 el pbro. Juan Nepomuceno Sol\u00e1, que era espa\u00f1ol, estaba convencido que mando deb\u00eda entregarse al Cabildo pero s\u00f3lo en forma provisional hasta la realizaci\u00f3n de una junta gubernativa con llamamiento a representantes de todas las poblaciones del virreinato.<\/p>\n\n\n\n<p class=\"wp-block-paragraph\">Cornelio Saavedra propondr\u00e1 que el gobierno decaiga en el cabildo hasta la formaci\u00f3n de una junta de gobierno y deja en claro que:&nbsp;<strong>\u201cel pueblo es el que confiere la autoridad o mando\u201d.<\/strong><\/p>\n\n\n\n<p class=\"wp-block-paragraph\">Luego de los discursos, se procedi\u00f3 a votar por la continuidad del virrey o no en su cargo. Las opciones eran: 1) solo o asociado, 2) por su destituci\u00f3n. El resultado fue 155 votos a favor de la destituci\u00f3n y 69 en contra.<\/p>\n\n\n\n<ul class=\"wp-block-list\"><li><strong>23 de mayo<\/strong><\/li><\/ul>\n\n\n\n<p class=\"wp-block-paragraph\">El Cabildo forma una Junta de Gobierno y pone a Cisneros como presidente, decisi\u00f3n no bien recibida por los dem\u00e1s.<\/p>\n\n\n\n<ul class=\"wp-block-list\"><li><strong>24 de mayo<\/strong><\/li><\/ul>\n\n\n\n<p class=\"wp-block-paragraph\">La bronca crece, indigna al pueblo, que no comprende por qu\u00e9 desde el Cabildo volvieron a poner a Cisneros al frente.&nbsp;<strong>Protestan hasta conseguir la renuncia de todos los miembros de la Junta.<\/strong><\/p>\n\n\n\n<ul class=\"wp-block-list\"><li>&nbsp;<strong>25 de mayo<\/strong><\/li><\/ul>\n\n\n\n<p class=\"wp-block-paragraph\">La invitaci\u00f3n lleg\u00f3 boca a boca y volvieron a sonar los consabidos 40 campanazos, tocados a mazazos, de la torre del cabildo.<\/p>\n\n\n\n<p class=\"wp-block-paragraph\"><strong>Los criollos, reunidos en la Plaza Mayor (hoy la Plaza de Mayo) esperan las novedades<\/strong>&nbsp;del d\u00eda al grito de: \u201cEl pueblo quiere saber de qu\u00e9 se trata\u201d. Ese viernes, los cabildantes reconocieron la autoridad de la Junta Revolucionaria y formaron de esta manera el primer gobierno patrio.<\/p>\n\n\n\n<p class=\"wp-block-paragraph\">El encabezamiento del acta dec\u00eda: \u201cEn la muy noble y muy leal ciudad de la Sant\u00edsima Trinidad, Puerto de Santa Mar\u00eda de Buenos Aires, a 25 de Mayo de 1810: sin haberse separado de la Sala Capitular los Se\u00f1ores del Exmo. Cabildo, se colocaron a la hora se\u00f1alada bajo de docel, con sitial por delante, y en \u00e9l la imagen del Crucifijo y los Santos Evangelios; y comparecieron los&nbsp;<strong>Se\u00f1ores Presidente y Vocales de la nueva Junta Provisoria gubernativa, D. Cornelio de Saavedra, Dr. D. Juan Jos\u00e9 Castelli, Licenciado D. Manuel Belgrano, D. Miguel de Azcu\u00e9naga, Dr. D. Manuel Alberti, D. Domingo Mateu y D. Juan Larrea; y los Se\u00f1ores Secretarios Dr. D. Juan Jos\u00e9 Passo y Dr. D. Mariano Moreno, quienes ocuparon los respectivos lugares que les estaban preparados\u201d.<\/strong><\/p>\n\n\n\n<p class=\"wp-block-paragraph\">Cuando se concluy\u00f3 y acept\u00f3 la configuraci\u00f3n de la junta de gobierno, casi nadie quedaba en la plaza. A lo que el s\u00edndico Leyva propondr\u00e1, que se tocase la campana de Cabildo, y que el pueblo se congregase en aquel lugar para satisfacci\u00f3n del ayuntamiento; y que si por falta del badajo no se hac\u00eda uso de la campana, mandar\u00edan ellos tocar generala, y que se abriesen los cuarteles, en cuyo caso sufrir\u00eda la ciudad lo que hasta entonces se hab\u00eda procurado evitar.<\/p>\n","protected":false},"excerpt":{"rendered":"<p>Los eventos que ocurrieron en la Semana de Mayo de 1810 fueron el punto inicial de un proceso independentista que llevar\u00eda su tiempo pero se concretar\u00eda seis a\u00f1os despu\u00e9s, el 9 de julio de 1816. Toda esta primera etapa de revoluci\u00f3n, que deriv\u00f3 en el nacimiento del pa\u00eds, comenz\u00f3 el 18 y concluy\u00f3 el 25 &hellip;<\/p>\n","protected":false},"author":1,"featured_media":8235,"comment_status":"open","ping_status":"open","sticky":false,"template":"","format":"standard","meta":{"pagelayer_contact_templates":[],"_pagelayer_content":"","iawp_total_views":6,"footnotes":""},"categories":[4,25],"tags":[57,357,544,801,835,879,1514,2190,3034,3266,3459,3711,4239,5100,5122,5503,5504,5770,6669],"class_list":["post-8234","post","type-post","status-publish","format-standard","has-post-thumbnail","hentry","category-actualidad-politica","category-resumen-de-noticias","tag-25-de-mayo-de-1810","tag-antecedentes-independencia","tag-autogobierno","tag-buenos-aires-1810","tag-cabildo-abierto","tag-cambio-politico-1810","tag-crisis-colonial","tag-emancipacion","tag-historia-argentina","tag-independencia-argentina","tag-jornada-historica","tag-libertad-argentina","tag-movimiento-revolucionario","tag-primer-paso-a-la-independencia","tag-proceso-independentista","tag-revolucion-americana","tag-revolucion-de-mayo","tag-semana-historica","tag-virreinato-del-rio-de-la-plata"],"_links":{"self":[{"href":"https:\/\/jotaposta.com.ar\/jposta\/wp-json\/wp\/v2\/posts\/8234","targetHints":{"allow":["GET"]}}],"collection":[{"href":"https:\/\/jotaposta.com.ar\/jposta\/wp-json\/wp\/v2\/posts"}],"about":[{"href":"https:\/\/jotaposta.com.ar\/jposta\/wp-json\/wp\/v2\/types\/post"}],"author":[{"embeddable":true,"href":"https:\/\/jotaposta.com.ar\/jposta\/wp-json\/wp\/v2\/users\/1"}],"replies":[{"embeddable":true,"href":"https:\/\/jotaposta.com.ar\/jposta\/wp-json\/wp\/v2\/comments?post=8234"}],"version-history":[{"count":0,"href":"https:\/\/jotaposta.com.ar\/jposta\/wp-json\/wp\/v2\/posts\/8234\/revisions"}],"wp:featuredmedia":[{"embeddable":true,"href":"https:\/\/jotaposta.com.ar\/jposta\/wp-json\/wp\/v2\/media\/8235"}],"wp:attachment":[{"href":"https:\/\/jotaposta.com.ar\/jposta\/wp-json\/wp\/v2\/media?parent=8234"}],"wp:term":[{"taxonomy":"category","embeddable":true,"href":"https:\/\/jotaposta.com.ar\/jposta\/wp-json\/wp\/v2\/categories?post=8234"},{"taxonomy":"post_tag","embeddable":true,"href":"https:\/\/jotaposta.com.ar\/jposta\/wp-json\/wp\/v2\/tags?post=8234"}],"curies":[{"name":"wp","href":"https:\/\/api.w.org\/{rel}","templated":true}]}}