{"id":8185,"date":"2024-04-30T15:32:30","date_gmt":"2024-04-30T18:32:30","guid":{"rendered":"https:\/\/www.jotapostaok.com.ar\/?p=8185"},"modified":"2024-04-30T15:32:30","modified_gmt":"2024-04-30T18:32:30","slug":"anuncian-un-paro-de-transporte-aereo-terrestre-y-maritimo-los-detalles","status":"publish","type":"post","link":"https:\/\/jotaposta.com.ar\/jposta\/2024\/04\/30\/anuncian-un-paro-de-transporte-aereo-terrestre-y-maritimo-los-detalles\/","title":{"rendered":"Anuncian un paro de transporte a\u00e9reo, terrestre y mar\u00edtimo: los detalles"},"content":{"rendered":"\n<p class=\"wp-block-paragraph\">La Confederaci\u00f3n Argentina de Trabajadores del Transporte\n(CATT) anunci\u00f3 un paro de transporte a\u00e9reo, terrestre y mar\u00edtimo para el\npr\u00f3ximo lunes 6 de mayo, horas antes de aprobarse en general la Ley Bases en la\nC\u00e1mara de Diputados.<\/p>\n\n\n\n<p class=\"wp-block-paragraph\">La decisi\u00f3n es en rechazo al cap\u00edtulo fiscal que incluye la restituci\u00f3n del Impuesto a las Ganancias y la medida de fuerza fue confirmada por el secretario general de la CATT, Juan Carlos Schmid.<\/p>\n\n\n\n<figure class=\"wp-block-embed\"><div class=\"wp-block-embed__wrapper\">\nhttps:\/\/x.com\/JuanCSchmid\/status\/1784654402705367513\n<\/div><\/figure>\n\n\n\n<p class=\"wp-block-paragraph\">&nbsp;\u201cEl 6 de mayo en\nhoras de ma\u00f1ana y cerca del mediod\u00eda se interrumpir\u00e1n las actividades en el\ntransporte a\u00e9reo, terrestre, portuario y mar\u00edtimo en rechazo al acuerdo fiscal\nque nuevamente sanciona el impuesto a las Ganancias\u201d, escribi\u00f3 Schmid en su\ncuenta de la red social X.<\/p>\n\n\n\n<p class=\"wp-block-paragraph\">En declaraciones radiales, el dirigente sindical revel\u00f3 que\nse realizar\u00e1n \u201casambleas informativas\u201d por lo que se interrumpir\u00e1 el normal\nfuncionamiento del transporte.<\/p>\n\n\n\n<p class=\"wp-block-paragraph\">Advirti\u00f3 tambi\u00e9n que \u201cva a haber situaciones de conflicto si\nel pacto fiscal vuelve a afectar el bolsillo de los trabajadores\u201d. <\/p>\n\n\n\n<p class=\"wp-block-paragraph\">Ante esta situaci\u00f3n, los servicios de colectivos, trenes,\nsubtes y aviones no funcionar\u00edan este 6 de mayo.<\/p>\n\n\n\n<p class=\"wp-block-paragraph\">En este marco, tambi\u00e9n se suma la Federaci\u00f3n Sindical\nMar\u00edtima y Fluvial (FESIMAF). Convoc\u00f3 a todos los trabajadores mar\u00edtimos a\nmovilizarse frente al Congreso este martes 30 a las 10:00 y solo atender\u00e1n\nemergencias.<\/p>\n","protected":false},"excerpt":{"rendered":"<p>La Confederaci\u00f3n Argentina de Trabajadores del Transporte (CATT) anunci\u00f3 un paro de transporte a\u00e9reo, terrestre y mar\u00edtimo para el pr\u00f3ximo lunes 6 de mayo, horas antes de aprobarse en general la Ley Bases en la C\u00e1mara de Diputados. La decisi\u00f3n es en rechazo al cap\u00edtulo fiscal que incluye la restituci\u00f3n del Impuesto a las Ganancias &hellip;<\/p>\n","protected":false},"author":1,"featured_media":8186,"comment_status":"open","ping_status":"open","sticky":false,"template":"","format":"standard","meta":{"pagelayer_contact_templates":[],"_pagelayer_content":"","iawp_total_views":10,"footnotes":""},"categories":[4],"tags":[],"class_list":["post-8185","post","type-post","status-publish","format-standard","has-post-thumbnail","hentry","category-actualidad-politica"],"_links":{"self":[{"href":"https:\/\/jotaposta.com.ar\/jposta\/wp-json\/wp\/v2\/posts\/8185","targetHints":{"allow":["GET"]}}],"collection":[{"href":"https:\/\/jotaposta.com.ar\/jposta\/wp-json\/wp\/v2\/posts"}],"about":[{"href":"https:\/\/jotaposta.com.ar\/jposta\/wp-json\/wp\/v2\/types\/post"}],"author":[{"embeddable":true,"href":"https:\/\/jotaposta.com.ar\/jposta\/wp-json\/wp\/v2\/users\/1"}],"replies":[{"embeddable":true,"href":"https:\/\/jotaposta.com.ar\/jposta\/wp-json\/wp\/v2\/comments?post=8185"}],"version-history":[{"count":0,"href":"https:\/\/jotaposta.com.ar\/jposta\/wp-json\/wp\/v2\/posts\/8185\/revisions"}],"wp:featuredmedia":[{"embeddable":true,"href":"https:\/\/jotaposta.com.ar\/jposta\/wp-json\/wp\/v2\/media\/8186"}],"wp:attachment":[{"href":"https:\/\/jotaposta.com.ar\/jposta\/wp-json\/wp\/v2\/media?parent=8185"}],"wp:term":[{"taxonomy":"category","embeddable":true,"href":"https:\/\/jotaposta.com.ar\/jposta\/wp-json\/wp\/v2\/categories?post=8185"},{"taxonomy":"post_tag","embeddable":true,"href":"https:\/\/jotaposta.com.ar\/jposta\/wp-json\/wp\/v2\/tags?post=8185"}],"curies":[{"name":"wp","href":"https:\/\/api.w.org\/{rel}","templated":true}]}}