{"id":8141,"date":"2024-04-27T10:55:41","date_gmt":"2024-04-27T13:55:41","guid":{"rendered":"https:\/\/www.jotapostaok.com.ar\/?p=8141"},"modified":"2026-04-28T10:38:58","modified_gmt":"2026-04-28T10:38:58","slug":"comenzo-la-48o-edicion-de-la-feria-del-libro-todo-lo-que-hay-que-saber","status":"publish","type":"post","link":"https:\/\/jotaposta.com.ar\/jposta\/2024\/04\/27\/comenzo-la-48o-edicion-de-la-feria-del-libro-todo-lo-que-hay-que-saber\/","title":{"rendered":"Comenz\u00f3 la 48\u00ba edici\u00f3n de la Feria del Libro: todo lo que hay que saber"},"content":{"rendered":"\n<p class=\"wp-block-paragraph\">La 48\u00aa Feria Internacional del Libro de Buenos Aires abri\u00f3 sus puertas este jueves 26\/4 en el Predio Ferial La Rural y a las 18 tuvo su acto inaugural, con la escritora Liliana Heker a cargo del discurso de inauguraci\u00f3n. Este a\u00f1o, Lisboa ser\u00e1 la Ciudad Invitada de Honor.<\/p>\n\n\n\n<figure class=\"wp-block-image\"><img decoding=\"async\" src=\"https:\/\/editoresmadrid.org\/wp-content\/uploads\/2023\/12\/BUENOS-AIRES-OK.png\" alt=\"Feria Internacional del Libro de Buenos Aires 2024 \u2013 Editores Madrid\"\/><\/figure>\n\n\n\n<p class=\"wp-block-paragraph\">La feria podr\u00e1 visitarse hasta el 13 de mayo de lunes a\nviernes entre las 14 y las 22; s\u00e1bados, domingos y el mi\u00e9rcoles 1 de mayo entre\nlas 13 y las 22; y este s\u00e1bado 27, por ser \u201cLa Noche de la Feria\u201d, de 13 a 24.\nDe lunes a jueves -excepto el 1 de mayo- la entrada tendr\u00e1 un valor de 3.500\npesos, en tanto que viernes, s\u00e1bados, domingos y feriados, 5.000 pesos. A su\nvez, se puede adquirir de manera online un ticket -personal e intransferible-\npara tres d\u00edas, a 7.500 pesos. Las entradas se pueden comprar en\nhttps:\/\/entradas.el-libro.org.ar\/, o en la misma feria, a partir de ma\u00f1ana.<\/p>\n\n\n\n<p class=\"wp-block-paragraph\">Quienes compren entradas recibir\u00e1n un chequelibro de $ 4.000\npara usar en las librer\u00edas adheridas una vez que finalice la Feria. Cada\nentrada, adem\u00e1s, estar\u00e1 acompa\u00f1ada por vales de descuento que podr\u00e1n utilizarse\npara la compra de libros en los stands. Las entradas de $ 3.500 tendr\u00e1n tres\nvales de $ 1.000 y otro de $ 500; las entradas de $ 5.000 tendr\u00e1n cinco vales\nde $ 1.000.<\/p>\n\n\n\n<figure class=\"wp-block-image\"><img loading=\"lazy\" decoding=\"async\" width=\"1024\" height=\"416\" src=\"https:\/\/www.jotaposta.com.ar\/wp-content\/uploads\/2024\/04\/feria1-1024x416.jpg\" alt=\"\" class=\"wp-image-8142\" srcset=\"https:\/\/jotaposta.com.ar\/jposta\/wp-content\/uploads\/2024\/04\/feria1-1024x416.jpg 1024w, https:\/\/jotaposta.com.ar\/jposta\/wp-content\/uploads\/2024\/04\/feria1-300x122.jpg 300w, https:\/\/jotaposta.com.ar\/jposta\/wp-content\/uploads\/2024\/04\/feria1-768x312.jpg 768w, https:\/\/jotaposta.com.ar\/jposta\/wp-content\/uploads\/2024\/04\/feria1.jpg 1500w\" sizes=\"auto, (max-width: 1024px) 100vw, 1024px\" \/><\/figure>\n\n\n\n<p class=\"wp-block-paragraph\">Sin embargo, tambi\u00e9n habr\u00e1 ingreso gratuito para menores de\nhasta 12 a\u00f1os inclusive, visitas escolares y personas con discapacidad, todos\nlos d\u00edas; docentes -deber\u00e1n presentar recibo de sueldo o comprobante que\nacredite condici\u00f3n-, todos los d\u00edas; presentando Pase Cultural, todos los d\u00edas;\nestudiantes, jubilados y pensionados, todos los d\u00edas excepto 1 de mayo; y el\ns\u00e1bado 27, \u201cLa Noche de la Feria\u201d, con ingreso libre a partir de las 20.<\/p>\n\n\n\n<p class=\"wp-block-paragraph\"><strong>Los ingresos ser\u00e1n por Santa Fe al 4201; Sarmiento al 2704 y estacionamiento; Cervi\u00f1o al 4474 y estacionamiento. El ingreso de Avenida Santa Fe tendr\u00e1 sillas de ruedas a disposici\u00f3n.<\/strong><\/p>\n\n\n\n<figure class=\"wp-block-image\"><img loading=\"lazy\" decoding=\"async\" width=\"1024\" height=\"417\" src=\"https:\/\/www.jotaposta.com.ar\/wp-content\/uploads\/2024\/04\/feria2-1024x417.jpg\" alt=\"\" class=\"wp-image-8143\" srcset=\"https:\/\/jotaposta.com.ar\/jposta\/wp-content\/uploads\/2024\/04\/feria2-1024x417.jpg 1024w, https:\/\/jotaposta.com.ar\/jposta\/wp-content\/uploads\/2024\/04\/feria2-300x122.jpg 300w, https:\/\/jotaposta.com.ar\/jposta\/wp-content\/uploads\/2024\/04\/feria2-768x313.jpg 768w, https:\/\/jotaposta.com.ar\/jposta\/wp-content\/uploads\/2024\/04\/feria2.jpg 1200w\" sizes=\"auto, (max-width: 1024px) 100vw, 1024px\" \/><\/figure>\n\n\n\n<p class=\"wp-block-paragraph\">La Feria Internacional del Libro de Buenos Aires es la m\u00e1s\nconcurrida en el mundo de habla hispana y cuenta con una superficie de m\u00e1s de\n45.000 metros cuadrados. Durante las tres semanas de duraci\u00f3n, se espera la\nvisita de m\u00e1s de 1 mill\u00f3n de lectores y por encima de 12 mil profesionales del\nlibro. Desde 1975, es organizada por la Fundaci\u00f3n El Libro. Los primeros tres\nd\u00edas -23, 24 y 25- est\u00e1 dedicada a la industria editorial y a la capacitaci\u00f3n\nde los profesionales: editores, libreros, distribuidores, agentes literarios,\ngr\u00e1ficos, traductores, ilustradores y bibliotecarios podr\u00e1n realizar\nintercambios comerciales, concretar negocios y participar de seminarios de\nactualizaci\u00f3n.<\/p>\n\n\n\n<p class=\"wp-block-paragraph\">Contar\u00e1 con alrededor de 1.500 expositores de m\u00e1s de\ncuarenta pa\u00edses. Adem\u00e1s ofrecer\u00e1 una programaci\u00f3n amplia que incluye unas 1.500\npropuestas culturales, como conferencias, presentaciones de libros, cursos,\ncharlas, firmas de ejemplares, un festival de poes\u00eda, un encuentro de\nnarradores y una jornada de microficci\u00f3n.<\/p>\n\n\n\n<p class=\"wp-block-paragraph\">Entre los visitantes que tuvo la Feria del Libro porte\u00f1a,\nsus organizadores destacan a autores de la talla de Jos\u00e9 Saramago, Paul Auster,\nJohn M. Coetzee, Mario Vargas Llosa, Jos\u00e9 Mauro de Vasconcelos, \u00cdtalo Calvino,\nJorge Amado, Susan Sontag, Ray Bradbury, Elena Poniatowska, Doris Lessing,\nJuli\u00e1n Mar\u00edas, Edgar Morin, Hanif Kureishi, Eduardo Galeano, Jos\u00e9 Donoso,\nCamilo Jos\u00e9 Cela, Tom Wolfe, Wilbur Smith, Marc Aug\u00e9, Cees Nooteboom, Carlos\nFuentes y Henning Mankell. (DIB) GML<\/p>\n","protected":false},"excerpt":{"rendered":"<p>La 48\u00aa Feria Internacional del Libro de Buenos Aires abri\u00f3 sus puertas este jueves 26\/4 en el Predio Ferial La Rural y a las 18 tuvo su acto inaugural, con la escritora Liliana Heker a cargo del discurso de inauguraci\u00f3n. Este a\u00f1o, Lisboa ser\u00e1 la Ciudad Invitada de Honor. La feria podr\u00e1 visitarse hasta el &hellip;<\/p>\n","protected":false},"author":1,"featured_media":8143,"comment_status":"open","ping_status":"open","sticky":false,"template":"","format":"standard","meta":{"pagelayer_contact_templates":[],"_pagelayer_content":"","iawp_total_views":14,"footnotes":""},"categories":[4],"tags":[],"class_list":["post-8141","post","type-post","status-publish","format-standard","has-post-thumbnail","hentry","category-actualidad-politica"],"_links":{"self":[{"href":"https:\/\/jotaposta.com.ar\/jposta\/wp-json\/wp\/v2\/posts\/8141","targetHints":{"allow":["GET"]}}],"collection":[{"href":"https:\/\/jotaposta.com.ar\/jposta\/wp-json\/wp\/v2\/posts"}],"about":[{"href":"https:\/\/jotaposta.com.ar\/jposta\/wp-json\/wp\/v2\/types\/post"}],"author":[{"embeddable":true,"href":"https:\/\/jotaposta.com.ar\/jposta\/wp-json\/wp\/v2\/users\/1"}],"replies":[{"embeddable":true,"href":"https:\/\/jotaposta.com.ar\/jposta\/wp-json\/wp\/v2\/comments?post=8141"}],"version-history":[{"count":1,"href":"https:\/\/jotaposta.com.ar\/jposta\/wp-json\/wp\/v2\/posts\/8141\/revisions"}],"predecessor-version":[{"id":13351,"href":"https:\/\/jotaposta.com.ar\/jposta\/wp-json\/wp\/v2\/posts\/8141\/revisions\/13351"}],"wp:featuredmedia":[{"embeddable":true,"href":"https:\/\/jotaposta.com.ar\/jposta\/wp-json\/wp\/v2\/media\/8143"}],"wp:attachment":[{"href":"https:\/\/jotaposta.com.ar\/jposta\/wp-json\/wp\/v2\/media?parent=8141"}],"wp:term":[{"taxonomy":"category","embeddable":true,"href":"https:\/\/jotaposta.com.ar\/jposta\/wp-json\/wp\/v2\/categories?post=8141"},{"taxonomy":"post_tag","embeddable":true,"href":"https:\/\/jotaposta.com.ar\/jposta\/wp-json\/wp\/v2\/tags?post=8141"}],"curies":[{"name":"wp","href":"https:\/\/api.w.org\/{rel}","templated":true}]}}