{"id":8121,"date":"2024-03-28T13:36:24","date_gmt":"2024-03-28T16:36:24","guid":{"rendered":"https:\/\/www.jotapostaok.com.ar\/?p=8121"},"modified":"2024-03-28T13:36:24","modified_gmt":"2024-03-28T16:36:24","slug":"semana-de-malvinas-la-agenda-del-senado-para-conmemorar-la-gesta-en-el-archipielago","status":"publish","type":"post","link":"https:\/\/jotaposta.com.ar\/jposta\/2024\/03\/28\/semana-de-malvinas-la-agenda-del-senado-para-conmemorar-la-gesta-en-el-archipielago\/","title":{"rendered":"&quot;Semana de Malvinas&quot;: la agenda del Senado para conmemorar la gesta en el archipi\u00e9lago"},"content":{"rendered":"\n<p class=\"wp-block-paragraph\">El Senado realizar\u00e1 una serie de actividades en el\nmarco de la &#8220;Semana de Malvinas&#8221;, organizadas por la Direcci\u00f3n Gesta\nde Malvinas.<\/p>\n\n\n\n<p class=\"wp-block-paragraph\">El primer homenaje tendr\u00e1 lugar el mi\u00e9rcoles 3 de\nabril con la ceremonia de entrega de Diplomas de Honor del Senado de la Naci\u00f3n\na Veteranos de la Guerra de Malvinas, a la Comisi\u00f3n Nacional de Ex-combatientes\nde Malvinas y a la Comisi\u00f3n de Familiares de Ca\u00eddos en Malvinas e Islas del\nAtl\u00e1ntico Sur.<\/p>\n\n\n\n<p class=\"wp-block-paragraph\">La actividad comenzar\u00e1 a las 16h en el Sal\u00f3n Azul y\ncontar\u00e1 con la presencia de la presidente del Honorable Senado de la Naci\u00f3n,\nVictoria Villarruel. La transmisi\u00f3n podr\u00e1 seguirse por\nwww.youtube.com\/senadotvargentina.<\/p>\n\n\n\n<p class=\"wp-block-paragraph\">En tanto, el jueves 4, en el Sal\u00f3n de las Provincias,\nse realizar\u00e1, a las 18h, la presentaci\u00f3n del libro &#8220;El altar y la guerra.\nLos capellanes de la Gesta de Malvinas&#8221;, del profesor Sebasti\u00e1n S\u00e1nchez y\nla inauguraci\u00f3n de la muestra de arte &#8220;La guerra de Malvinas desde el\naire&#8221; del pintor Carlos A. Garc\u00eda.<\/p>\n\n\n\n<p class=\"wp-block-paragraph\">El viernes 5 a las 18h, es el turno del recital del\ntrovador santafesino Carlos Longoni &#8220;Historias de amor y bravura de Gesta\nde Malvinas&#8221;, en el Sal\u00f3n Illia.<\/p>\n\n\n\n<p class=\"wp-block-paragraph\">Por \u00faltimo, el lunes 8 tendr\u00e1 lugar la presentaci\u00f3n\ndel libro &#8220;El transporte Ara \u00b4Islas de los Estados&#8217; durante el conflicto\ndel Atl\u00e1ntico Sur&#8221;, del Capit\u00e1n Alois Payarola, en el Sal\u00f3n Illia a las\n18h.<\/p>\n\n\n\n<p class=\"wp-block-paragraph\">Asimismo, en el marco de la conmemoraci\u00f3n del D\u00eda del\nVeterano y de los Ca\u00eddos en la guerra de Malvinas, los balcones del Palacio\nLegislativo ser\u00e1n iluminados de Azul, durante los primeros tres d\u00edas de abril.<\/p>\n","protected":false},"excerpt":{"rendered":"<p>El Senado realizar\u00e1 una serie de actividades en el marco de la &#8220;Semana de Malvinas&#8221;, organizadas por la Direcci\u00f3n Gesta de Malvinas. El primer homenaje tendr\u00e1 lugar el mi\u00e9rcoles 3 de abril con la ceremonia de entrega de Diplomas de Honor del Senado de la Naci\u00f3n a Veteranos de la Guerra de Malvinas, a la &hellip;<\/p>\n","protected":false},"author":1,"featured_media":8122,"comment_status":"open","ping_status":"open","sticky":false,"template":"","format":"standard","meta":{"pagelayer_contact_templates":[],"_pagelayer_content":"","iawp_total_views":9,"footnotes":""},"categories":[4],"tags":[],"class_list":["post-8121","post","type-post","status-publish","format-standard","has-post-thumbnail","hentry","category-actualidad-politica"],"_links":{"self":[{"href":"https:\/\/jotaposta.com.ar\/jposta\/wp-json\/wp\/v2\/posts\/8121","targetHints":{"allow":["GET"]}}],"collection":[{"href":"https:\/\/jotaposta.com.ar\/jposta\/wp-json\/wp\/v2\/posts"}],"about":[{"href":"https:\/\/jotaposta.com.ar\/jposta\/wp-json\/wp\/v2\/types\/post"}],"author":[{"embeddable":true,"href":"https:\/\/jotaposta.com.ar\/jposta\/wp-json\/wp\/v2\/users\/1"}],"replies":[{"embeddable":true,"href":"https:\/\/jotaposta.com.ar\/jposta\/wp-json\/wp\/v2\/comments?post=8121"}],"version-history":[{"count":0,"href":"https:\/\/jotaposta.com.ar\/jposta\/wp-json\/wp\/v2\/posts\/8121\/revisions"}],"wp:featuredmedia":[{"embeddable":true,"href":"https:\/\/jotaposta.com.ar\/jposta\/wp-json\/wp\/v2\/media\/8122"}],"wp:attachment":[{"href":"https:\/\/jotaposta.com.ar\/jposta\/wp-json\/wp\/v2\/media?parent=8121"}],"wp:term":[{"taxonomy":"category","embeddable":true,"href":"https:\/\/jotaposta.com.ar\/jposta\/wp-json\/wp\/v2\/categories?post=8121"},{"taxonomy":"post_tag","embeddable":true,"href":"https:\/\/jotaposta.com.ar\/jposta\/wp-json\/wp\/v2\/tags?post=8121"}],"curies":[{"name":"wp","href":"https:\/\/api.w.org\/{rel}","templated":true}]}}