{"id":8082,"date":"2024-03-22T19:50:09","date_gmt":"2024-03-22T22:50:09","guid":{"rendered":"https:\/\/www.jotapostaok.com.ar\/?p=8082"},"modified":"2026-04-28T10:38:58","modified_gmt":"2026-04-28T10:38:58","slug":"quien-se-atribuyo-el-atentado-en-rusia","status":"publish","type":"post","link":"https:\/\/jotaposta.com.ar\/jposta\/2024\/03\/22\/quien-se-atribuyo-el-atentado-en-rusia\/","title":{"rendered":"\u00bfQui\u00e9n se atribuy\u00f3 el atentado en Rusia?"},"content":{"rendered":"\n<p class=\"wp-block-paragraph\">Este viernes 22\/3 al menos 40 personas murieron y m\u00e1s de 100\nresultaron heridas tras un feroz tiroteo seguido de un incendio en una sala de\nconciertos de un suburbio de Mosc\u00fa, atribuido por las autoridades rusas a un\n&#8220;sangriento atentado terrorista&#8221;. Poco despu\u00e9s de conocerse esta\nmasacre, el grupo yihadista Estado Isl\u00e1mico (EI) se atribuy\u00f3 la autor\u00eda del\nhecho a trav\u00e9s de un comunicado.<\/p>\n\n\n\n<figure class=\"wp-block-embed-youtube wp-block-embed is-type-video is-provider-youtube wp-embed-aspect-16-9 wp-has-aspect-ratio\"><div class=\"wp-block-embed__wrapper\">\n<iframe loading=\"lazy\" title=\"\ud83d\udea8 PRIMERAS IM\u00c1GENES | Masacre en un concierto en Rusia con varios muertos, heridos y atrapados\" width=\"500\" height=\"281\" src=\"https:\/\/www.youtube.com\/embed\/aCOyTBwQl3A?feature=oembed\" frameborder=\"0\" allow=\"accelerometer; autoplay; clipboard-write; encrypted-media; gyroscope; picture-in-picture; web-share\" referrerpolicy=\"strict-origin-when-cross-origin\" allowfullscreen><\/iframe>\n<\/div><\/figure>\n\n\n\n<p class=\"wp-block-paragraph\"><em>&#8220;Los combatientes del Estado Isl\u00e1mico atacaron una gran agrupaci\u00f3n de cristianos en la ciudad de Krasnogorsk, en las afueras de la capital rusa, Mosc\u00fa, y mataron e hirieron a cientos de personas y causaron una gran destrucci\u00f3n en el lugar antes de retirarse a sus bases de manera segura&#8221;,<\/em> inform\u00f3 Amaq, agencia propagand\u00edstica del EI en su canal de Telegram.<\/p>\n\n\n\n<p class=\"wp-block-paragraph\">El escueto comunicado no ofreci\u00f3 m\u00e1s detalles sobre el\ntiroteo que, seg\u00fan las autoridades de la regi\u00f3n de Mosc\u00fa, deja m\u00e1s de una\nveintena de heridos hospitalizados, cinco de ellos en estado grave, y se ha\nconvertido en uno de los ataques m\u00e1s graves, por n\u00famero de v\u00edctimas, de los\nregistrados en Mosc\u00fa en los \u00faltimos 20 a\u00f1os.<\/p>\n\n\n\n<p class=\"wp-block-paragraph\">Unidades especiales de la Guardia Nacional rusa [Rosgvardia]\noperan en el sitio del ataque y est\u00e1n &#8220;buscando&#8221; a sus autores,\na\u00f1adi\u00f3 este organismo en la mensajer\u00eda Telegram.<\/p>\n\n\n\n<blockquote class=\"wp-block-quote is-layout-flow wp-block-quote-is-layout-flow\"><p>La canciller\u00eda rusa atribuy\u00f3 a &#8220;un sangriento atentado terrorista&#8221; la tragedia, que se produjo en un auditorio de Krasnogorsk.<\/p><\/blockquote>\n\n\n\n<p class=\"wp-block-paragraph\">&#8220;\u00a1Toda la comunidad internacional debe condenar este\ncrimen odioso!&#8221;, afirm\u00f3 Maria Zajarova, la portavoz del Ministerio ruso de\nRelaciones Exteriores. A prop\u00f3sito, Estados Unidos calific\u00f3 de \u201cterrible\u201d los\nacontecimientos. Por su parte, la Uni\u00f3n Europea expres\u00f3 su consternaci\u00f3n por la\nmasacre en contra de los civiles. Mientras que en Am\u00e9rica Latina, M\u00e9xico,\nBolivia, Venezuela y Cuba tambi\u00e9n expresaron sus condolencias.<\/p>\n\n\n\n<p class=\"wp-block-paragraph\">Entre tanto, el alcalde de Mosc\u00fa, Sergu\u00e9i Sobianin, anunci\u00f3\nla anulaci\u00f3n de &#8220;todos los eventos deportivos, culturales&#8221; y de\ncar\u00e1cter p\u00fablico durante el fin de semana. Una periodista de la agencia AFP vio\nel edificio de la sala de conciertos en llamas y una humareda negra que se desprend\u00eda\ndel techo.<\/p>\n\n\n\n<figure class=\"wp-block-embed-youtube wp-block-embed is-type-video is-provider-youtube wp-embed-aspect-16-9 wp-has-aspect-ratio\"><div class=\"wp-block-embed__wrapper\">\n<iframe loading=\"lazy\" title=\"\ud83d\udea8 RUSIA - EN VIVO | Isis se atribuy\u00f3 el ataque en el teatro ruso\" width=\"500\" height=\"281\" src=\"https:\/\/www.youtube.com\/embed\/AZ9imgZc3hE?feature=oembed\" frameborder=\"0\" allow=\"accelerometer; autoplay; clipboard-write; encrypted-media; gyroscope; picture-in-picture; web-share\" referrerpolicy=\"strict-origin-when-cross-origin\" allowfullscreen><\/iframe>\n<\/div><\/figure>\n\n\n\n<p class=\"wp-block-paragraph\">Las principales agencias del mundo (AFP, Efe y Reuters)\ninformaron sobre el mensaje del Estado Isl\u00e1mico. Sin embargo, la BBC de Londres\ndice que, en ocasiones, este grupo &#8220;se ha atribuido la responsabilidad de\nataques con los que no ten\u00eda nada que ver&#8221;.<\/p>\n\n\n\n<h2 class=\"wp-block-heading\">Los antecedentes<\/h2>\n\n\n\n<p class=\"wp-block-paragraph\">Poco antes de conocerse que el Estado Isl\u00e1mico se atribuy\u00f3\nla masacre, el expresidente ruso Dmiti Medv\u00e9dev, n\u00famero dos del Consejo de\nSeguridad, amenaz\u00f3 con &#8220;destruir&#8221; a los dirigentes ucranianos si se\ndemostraba que est\u00e1n implicados en el letal ataque.<\/p>\n\n\n\n<p class=\"wp-block-paragraph\">Ucrania, confrontada desde 2022 a una intervenci\u00f3n militar\nrusa, asegur\u00f3 que no ten\u00eda &#8220;absolutamente nada que ver&#8221; con el\nataque. Mientras que la &#8220;Legi\u00f3n de la Libertad de Rusia&#8221;, un grupo de\ncombatientes rusos antigubernamentales basado en Ucrania, neg\u00f3 tambi\u00e9n cualquier\nimplicaci\u00f3n.<\/p>\n\n\n\n<p class=\"wp-block-paragraph\">En los \u00faltimos d\u00edas, ese grupo ha realizado incursiones\narmadas en regiones fronterizas rusas, que fueron tambi\u00e9n blanco de bombardeos.<\/p>\n\n\n\n<p class=\"wp-block-paragraph\">Los servicios de inteligencia militar ucranianos acusaron\npor su parte al propio Kremlin y sus servicios especiales de estar detr\u00e1s de la\nagresi\u00f3n.<\/p>\n\n\n\n<p class=\"wp-block-paragraph\">El &#8220;objetivo es justificar bombardeos a\u00fan m\u00e1s potentes\ncontra Ucrania y una movilizaci\u00f3n total en Rusia&#8221;, aseguraron.<\/p>\n\n\n\n<p class=\"wp-block-paragraph\">Hace dos semanas, la embajada de Estados Unidos en Rusia\nhab\u00eda advertido a sus ciudadanos de planes &#8220;inminentes&#8221; de &#8220;extremistas&#8221;\npara &#8220;atentar contra grandes concentraciones en Mosc\u00fa, incluidos\nconciertos&#8221;.<\/p>\n\n\n\n<p class=\"wp-block-paragraph\">Rusia ya ha sido blanco de numerosos ataques, cometidos por\ngrupos islamistas, y de tiroteos sin motivos pol\u00edticos o atribuidos a\ndesequilibrados.<\/p>\n\n\n\n<p class=\"wp-block-paragraph\">En 2002, un grupo de combatientes chechenos tom\u00f3 a 912\npersonas como rehenes en el teatro moscovita de Dubrovka para pedir el\nrepliegue de las tropas rusas de Chechenia.<\/p>\n\n\n\n<p class=\"wp-block-paragraph\">Esa toma de rehenes se sald\u00f3 con una intervenci\u00f3n de las\nfuerzas especiales y la muerte de 130 personas, casi todas asfixiadas por el\ngas usado por los militares.<\/p>\n","protected":false},"excerpt":{"rendered":"<p>Este viernes 22\/3 al menos 40 personas murieron y m\u00e1s de 100 resultaron heridas tras un feroz tiroteo seguido de un incendio en una sala de conciertos de un suburbio de Mosc\u00fa, atribuido por las autoridades rusas a un &#8220;sangriento atentado terrorista&#8221;. Poco despu\u00e9s de conocerse esta masacre, el grupo yihadista Estado Isl\u00e1mico (EI) se &hellip;<\/p>\n","protected":false},"author":1,"featured_media":8084,"comment_status":"open","ping_status":"open","sticky":false,"template":"","format":"standard","meta":{"pagelayer_contact_templates":[],"_pagelayer_content":"","iawp_total_views":16,"footnotes":""},"categories":[4],"tags":[],"class_list":["post-8082","post","type-post","status-publish","format-standard","has-post-thumbnail","hentry","category-actualidad-politica"],"_links":{"self":[{"href":"https:\/\/jotaposta.com.ar\/jposta\/wp-json\/wp\/v2\/posts\/8082","targetHints":{"allow":["GET"]}}],"collection":[{"href":"https:\/\/jotaposta.com.ar\/jposta\/wp-json\/wp\/v2\/posts"}],"about":[{"href":"https:\/\/jotaposta.com.ar\/jposta\/wp-json\/wp\/v2\/types\/post"}],"author":[{"embeddable":true,"href":"https:\/\/jotaposta.com.ar\/jposta\/wp-json\/wp\/v2\/users\/1"}],"replies":[{"embeddable":true,"href":"https:\/\/jotaposta.com.ar\/jposta\/wp-json\/wp\/v2\/comments?post=8082"}],"version-history":[{"count":1,"href":"https:\/\/jotaposta.com.ar\/jposta\/wp-json\/wp\/v2\/posts\/8082\/revisions"}],"predecessor-version":[{"id":13359,"href":"https:\/\/jotaposta.com.ar\/jposta\/wp-json\/wp\/v2\/posts\/8082\/revisions\/13359"}],"wp:featuredmedia":[{"embeddable":true,"href":"https:\/\/jotaposta.com.ar\/jposta\/wp-json\/wp\/v2\/media\/8084"}],"wp:attachment":[{"href":"https:\/\/jotaposta.com.ar\/jposta\/wp-json\/wp\/v2\/media?parent=8082"}],"wp:term":[{"taxonomy":"category","embeddable":true,"href":"https:\/\/jotaposta.com.ar\/jposta\/wp-json\/wp\/v2\/categories?post=8082"},{"taxonomy":"post_tag","embeddable":true,"href":"https:\/\/jotaposta.com.ar\/jposta\/wp-json\/wp\/v2\/tags?post=8082"}],"curies":[{"name":"wp","href":"https:\/\/api.w.org\/{rel}","templated":true}]}}