{"id":8042,"date":"2024-03-19T17:08:07","date_gmt":"2024-03-19T20:08:07","guid":{"rendered":"https:\/\/www.jotapostaok.com.ar\/?p=8042"},"modified":"2026-05-03T16:01:51","modified_gmt":"2026-05-03T16:01:51","slug":"100-dias-de-milei-la-radiografia-de-su-gestion","status":"publish","type":"post","link":"https:\/\/jotaposta.com.ar\/jposta\/2024\/03\/19\/100-dias-de-milei-la-radiografia-de-su-gestion\/","title":{"rendered":"100 D\u00edas de Milei: La Radiograf\u00eda de su Gesti\u00f3n"},"content":{"rendered":"\n<p class=\"wp-block-paragraph\">Ya&nbsp; se cumplieron 100 d\u00edas\nde la asunci\u00f3n de Javier Milei como Presidente de la Argentina. Este martes\n19\/3 alcanz\u00f3 el punto m\u00e1ximo de lo que, en pol\u00edtica, se suele denominar la\nfamosa &#8220;luna de miel&#8221; que la sociedad le da como cheque a cada\ngobierno entrante.<\/p>\n\n\n\n<p class=\"wp-block-paragraph\">En este sentido, el Libertario recorri\u00f3 un centenar de d\u00edas de gesti\u00f3n en medio una crisis sin precedentes desde el a\u00f1o 2001, que se profundiz\u00f3 a partir de las medidas de brutal ajuste que su administraci\u00f3n hizo recaer sobre las clases populares y medias, conserva a\u00fan altos niveles de adhesi\u00f3n social.<\/p>\n\n\n\n<h2 class=\"wp-block-heading\">Motosierra<\/h2>\n\n\n\n<p class=\"wp-block-paragraph\">El primer sonar de la \u201cMotosierra\u201d de Milei, lleg\u00f3 a tres d\u00edas de asumir la Presidencia, fue una devaluaci\u00f3n draconiana del 54,3%, que dispar\u00f3 el cambio del peso desde los 379 por d\u00f3lar a los 808. Como consecuencia, los precios generales subieron 71,3% entre diciembre y febrero, seg\u00fan el Instituto Nacional de Estad\u00edstica y Censos argentino.<\/p>\n\n\n\n<figure class=\"wp-block-image\"><img decoding=\"async\" src=\"https:\/\/media.c5n.com\/p\/598de1ff07c3f98a6f2384ba19ccfdbf\/adjuntos\/326\/imagenes\/000\/233\/0000233295\/790x0\/smart\/milei-la-motosierra.jpg\" alt=\"Milei le respondi\u00f3 a un troll en Twitter y prometi\u00f3 la motosierra para  acabar con el populismo que gobierna en Boca\"\/><\/figure>\n\n\n\n<p class=\"wp-block-paragraph\">Adem\u00e1s redujo a ocho los ministerios (de los 18 que exist\u00edan\nen la gesti\u00f3n pasada), se despidieron a empleados de todas las \u00e1reas, se\nachicaron las secretar\u00edas y subsecretar\u00edas, se recortaron las transferencias\ndiscrecionales a las provincias, se elimin\u00f3 el Fondo Compensador del Interior,\nno se prorrog\u00f3 el Fondo Nacional de Incentivo Docente (Fonid), se anunci\u00f3 el\ncierre y se congelaron las actividades de la Agencia de Noticias T\u00e9lam y\ntambi\u00e9n del INADI, y hasta hubo una fuga en el mismo Ejecutivo, con una decena\nde funcionarios que decidieron renunciar o fueron despedidos.<\/p>\n\n\n\n<h2 class=\"wp-block-heading\">El Congreso<\/h2>\n\n\n\n<p class=\"wp-block-paragraph\">En lo que concierne al tema Parlamentario, el camino entre Milei y la \u201cCasa del Pueblo\u201d comenz\u00f3 a traspi\u00e9, le dio la espalda en su asunci\u00f3n, y desde las bancas acusaron recibo: afuera la ley \u00f3mnibus y (un pie) afuera el DNU 70\/23.<\/p>\n\n\n\n<figure class=\"wp-block-image\"><img decoding=\"async\" src=\"https:\/\/www.parlamentario.com\/wp-content\/uploads\/2023\/12\/Javier-Milei-delante-del-Congreso.webp\" alt=\"Milei pone en jaque al Congreso y a la Corte Suprema \u2013 Parlamentario\"\/><\/figure>\n\n\n\n<p class=\"wp-block-paragraph\">El 20 de diciembre, Milei present\u00f3 por cadena nacional Milei\nel mega DNU de desregulaci\u00f3n de la econom\u00eda, que ven\u00eda a desguazar todo el\nandamiaje jur\u00eddico e institucional sobre el cual se erige el ordenamiento\nsocial de la Argentina. Se trata de reformas sobre cerca de 300 leyes, con\nmodificaciones y eliminaciones de normas como la ley de alquileres, de\nabastecimiento y g\u00f3ndolas, sumado a la flexibilizaci\u00f3n de los aportes a obras\nsociales y el fin de las regulaciones de precios de prepagas. El Senado ya le\ndijo que no, ahora depende de su \u201cmu\u00f1eca\u201d para negociar con los Diputados.<\/p>\n\n\n\n<p class=\"wp-block-paragraph\">Con un bloque de s\u00f3lo 38 representantes (14,7% de las\nbancas) y siete senadores (9,7%) el outsider de la pol\u00edtica quiso patear el\ntablero tambi\u00e9n en su relaci\u00f3n con el Poder Legislativo. Se encontr\u00f3 con\nlegisladores de mucha experiencia que, en algunos casos, intentaron ayudarlo,\npero que no fue suficiente para aprobar su principal proyecto la Ley de Bases y\nPuntos de Partida para la Libertad de los Argentinos.<\/p>\n\n\n\n<p class=\"wp-block-paragraph\">En un clima de m\u00e1xima tensi\u00f3n lleg\u00f3 Milei a su primera\nAsamblea Legislativa en el Congreso, el 1\u00b0 de marzo pasado, donde por vez\nprimera les habl\u00f3 \u201ccara a cara\u201d a los Legisladores.<\/p>\n\n\n\n<p class=\"wp-block-paragraph\">Desde un atril de madera que hizo instalar especialmente, el\nmandatario traz\u00f3 un cuadro de situaci\u00f3n explicando detalladamente la herencia\nrecibida y las medidas tomadas hasta este momento.<\/p>\n\n\n\n<p class=\"wp-block-paragraph\">Tambi\u00e9n anunci\u00f3 una serie de proyectos &#8220;anti\ncasta&#8221; que el Poder Ejecutivo enviar\u00e1 al Congreso en el nuevo per\u00edodo de\nsesiones ordinarias, pero el momento culminante lleg\u00f3 sobre el final cuando\nlanz\u00f3 una convocatoria a gobernadores y l\u00edderes a firmar el &#8220;Pacto de\nMayo&#8221; en la Ciudad de C\u00f3rdoba, el pr\u00f3ximo 25 de mayo.<\/p>\n\n\n\n<p class=\"wp-block-paragraph\">Milei ley\u00f3 los diez principios o mandamientos b\u00e1sicos de ese\nnuevo &#8220;contrato social&#8221; hacia un &#8220;nuevo orden econ\u00f3mico&#8221; e\ninvit\u00f3 a los gobernadores a firmarlo a libro cerrado a cambio de un nuevo pacto\nfiscal que alivie las cuentas provinciales luego de los recortes masivos\naplicados por Naci\u00f3n. Tambi\u00e9n les exigi\u00f3 una muestra de &#8220;buena\nvoluntad&#8221; para que esta vez apoyen con mayor contundencia la Ley de Bases.<\/p>\n\n\n\n<p class=\"wp-block-paragraph\">La oposici\u00f3n peronista ley\u00f3 este pliego de condiciones como\nuna &#8220;extorsi\u00f3n&#8221; pero los gobernadores que no son de Uni\u00f3n por la\nPatria saludaron el llamado al di\u00e1logo pol\u00edtico y lo consideraron un punto de\ninflexi\u00f3n en la relaci\u00f3n de Naci\u00f3n con las provincias.<\/p>\n\n\n\n<figure class=\"wp-block-image\"><img loading=\"lazy\" decoding=\"async\" width=\"826\" height=\"1024\" src=\"https:\/\/www.jotaposta.com.ar\/wp-content\/uploads\/2024\/03\/GJC0U48W4AIrjQV-826x1024.jpg\" alt=\"\" class=\"wp-image-8043\" srcset=\"https:\/\/jotaposta.com.ar\/jposta\/wp-content\/uploads\/2024\/03\/GJC0U48W4AIrjQV-826x1024.jpg 826w, https:\/\/jotaposta.com.ar\/jposta\/wp-content\/uploads\/2024\/03\/GJC0U48W4AIrjQV-242x300.jpg 242w, https:\/\/jotaposta.com.ar\/jposta\/wp-content\/uploads\/2024\/03\/GJC0U48W4AIrjQV-768x953.jpg 768w, https:\/\/jotaposta.com.ar\/jposta\/wp-content\/uploads\/2024\/03\/GJC0U48W4AIrjQV.jpg 1032w\" sizes=\"auto, (max-width: 826px) 100vw, 826px\" \/><\/figure>\n\n\n\n<h2 class=\"wp-block-heading\">\u00bfY la Gente?<\/h2>\n\n\n\n<p class=\"wp-block-paragraph\">Sin dudas el gran interrogante es conocer \u00bfhasta cu\u00e1ndo la\nopini\u00f3n p\u00fablica estar\u00e1 a favor del Gobierno sin ver los beneficios del severo\najuste del 6% en el Producto Interior Bruto?<\/p>\n\n\n\n<p class=\"wp-block-paragraph\">&#8220;La ca\u00edda de la producci\u00f3n supera con creces la de\nrecesiones anteriores y se acerca a la provocada por el aislamiento forzado por\nla pandemia. \u00bfCu\u00e1nto puede durar el apoyo p\u00fablico si el periodo de costes\nsuperiores a los beneficios se prolonga m\u00e1s de lo previsto?&#8221;, se pregunta\nun informe de Perspectivas Econ\u00f3micas.<\/p>\n\n\n\n<p class=\"wp-block-paragraph\">Durante la campa\u00f1a, Javier Milei prometi\u00f3 utilizar una\n&#8220;motosierra&#8221; y que esta vez el ajuste lo pagar\u00eda la &#8220;casta\npol\u00edtica&#8221;. Sin embargo, hasta ahora el 60% del esfuerzo ha salido de la\n&#8220;licuadora&#8221; que ha diluido salarios y pensiones, algo que Milei no\ndijo ni durante la campa\u00f1a ni antes de presentarse. El propio presidente reconoce\nque el d\u00e9ficit fiscal cero de los dos \u00faltimos meses fue gracias a diluir\nsalarios y pensiones.<\/p>\n\n\n\n<p class=\"wp-block-paragraph\">&#8220;La pregunta a los entrevistados pretende averiguar\ncu\u00e1l es la frontera del dolor tolerable. La mayor\u00eda de los entrevistados\nintentan mantener la esperanza en Milei, pero una cosa es decir que aguantar\u00e1n\n48 dolorosas sesiones y otra muy distinta abandonar el tratamiento a mitad de\ncamino porque no soportan el dolor&#8221;, explica Giacobbe, antes de concluir:\n&#8220;\u00c9se es el gran riesgo para el Gobierno y es lo que creo que\nocurrir\u00e1&#8221;, vaticina.<\/p>\n\n\n\n<p class=\"wp-block-paragraph\">Por ahora, el presidente s\u00f3lo puede prometer que &#8220;esta\nvez el esfuerzo dar\u00e1 sus frutos&#8221;, pero no s\u00f3lo de esperanza vive la\ntolerancia social. &#8220;Ese es el desaf\u00edo para los pr\u00f3ximos cien d\u00edas&#8221;,\nconcluye Jorge Giacobbe.<\/p>\n","protected":false},"excerpt":{"rendered":"<p>Ya&nbsp; se cumplieron 100 d\u00edas de la asunci\u00f3n de Javier Milei como Presidente de la Argentina. Este martes 19\/3 alcanz\u00f3 el punto m\u00e1ximo de lo que, en pol\u00edtica, se suele denominar la famosa &#8220;luna de miel&#8221; que la sociedad le da como cheque a cada gobierno entrante. En este sentido, el Libertario recorri\u00f3 un centenar &hellip;<\/p>\n","protected":false},"author":1,"featured_media":8044,"comment_status":"open","ping_status":"open","sticky":false,"template":"","format":"standard","meta":{"pagelayer_contact_templates":[],"_pagelayer_content":"","iawp_total_views":9,"footnotes":""},"categories":[6,25],"tags":[],"class_list":["post-8042","post","type-post","status-publish","format-standard","has-post-thumbnail","hentry","category-jp-apostillas","category-resumen-de-noticias"],"_links":{"self":[{"href":"https:\/\/jotaposta.com.ar\/jposta\/wp-json\/wp\/v2\/posts\/8042","targetHints":{"allow":["GET"]}}],"collection":[{"href":"https:\/\/jotaposta.com.ar\/jposta\/wp-json\/wp\/v2\/posts"}],"about":[{"href":"https:\/\/jotaposta.com.ar\/jposta\/wp-json\/wp\/v2\/types\/post"}],"author":[{"embeddable":true,"href":"https:\/\/jotaposta.com.ar\/jposta\/wp-json\/wp\/v2\/users\/1"}],"replies":[{"embeddable":true,"href":"https:\/\/jotaposta.com.ar\/jposta\/wp-json\/wp\/v2\/comments?post=8042"}],"version-history":[{"count":1,"href":"https:\/\/jotaposta.com.ar\/jposta\/wp-json\/wp\/v2\/posts\/8042\/revisions"}],"predecessor-version":[{"id":13461,"href":"https:\/\/jotaposta.com.ar\/jposta\/wp-json\/wp\/v2\/posts\/8042\/revisions\/13461"}],"wp:featuredmedia":[{"embeddable":true,"href":"https:\/\/jotaposta.com.ar\/jposta\/wp-json\/wp\/v2\/media\/8044"}],"wp:attachment":[{"href":"https:\/\/jotaposta.com.ar\/jposta\/wp-json\/wp\/v2\/media?parent=8042"}],"wp:term":[{"taxonomy":"category","embeddable":true,"href":"https:\/\/jotaposta.com.ar\/jposta\/wp-json\/wp\/v2\/categories?post=8042"},{"taxonomy":"post_tag","embeddable":true,"href":"https:\/\/jotaposta.com.ar\/jposta\/wp-json\/wp\/v2\/tags?post=8042"}],"curies":[{"name":"wp","href":"https:\/\/api.w.org\/{rel}","templated":true}]}}