{"id":7872,"date":"2021-12-30T08:50:40","date_gmt":"2021-12-30T11:50:40","guid":{"rendered":"https:\/\/www.jotaposta.com.ar\/?p=7872"},"modified":"2026-05-03T16:01:52","modified_gmt":"2026-05-03T16:01:52","slug":"exclusivo-alberto-fernandez-estoy-trabajando-para-dar-solucion-a-los-hipotecados-uva-video","status":"publish","type":"post","link":"https:\/\/jotaposta.com.ar\/jposta\/2021\/12\/30\/exclusivo-alberto-fernandez-estoy-trabajando-para-dar-solucion-a-los-hipotecados-uva-video\/","title":{"rendered":"Exclusivo&#124; Alberto Fern\u00e1ndez: &quot;Estoy trabajando para dar soluci\u00f3n a los Hipotecados UVA&quot; (video)"},"content":{"rendered":"\n<p class=\"wp-block-paragraph\"><em>-Especial de NCN (Noticias Congreso Nacional)<\/em><\/p>\n\n\n\n<p class=\"wp-block-paragraph\"><strong>En el marco del acto de entrega de viviendas del plan Procrear, en la que 141 familias recibieron las llaves de sus nuevos hogares en el Barrio Estaci\u00f3n Buenos Aires, el presidente Alberto Fern\u00e1ndez dialog\u00f3 en exclusiva con el portal especializado NCN (Noticias Congreso Nacional).<\/strong><\/p>\n\n\n\n<p class=\"wp-block-paragraph\">Al entrar al predio, acompa\u00f1ado de un herm\u00e9tico Ministro de Desarrollo Territorial y H\u00e1bitat, Jorge Ferraresi, el mandatario describi\u00f3<em> \u201cestar feliz de poder avanzar con un Programa que tiene el prop\u00f3sito de que cada vez haya m\u00e1s familias con m\u00e1s vivienda\u201d.<\/em><\/p>\n\n\n\n<p class=\"wp-block-paragraph\">En este sentido sostuvo que esa premisa, para el Gobierno, <em>\u201ces muy importante\u201d.<\/em><\/p>\n\n\n\n<p class=\"wp-block-paragraph\">No obstante, en las adyacencias del barrio EBA, se hicieron presente tambi\u00e9n vecinos del proyecto que adquirieron su casa <a href=\"https:\/\/www.ncn.com.ar\/hipotecados-uva-marcharon-ante-el-congreso-reclamando-por-una-solucion-definitiva\/\">a trav\u00e9s de los cuestionados Cr\u00e9ditos UVA,<\/a> quienes se manifestaron en busca de una soluci\u00f3n definitiva a su problematica.<\/p>\n\n\n\n<p class=\"wp-block-paragraph\">Vale recordar que durante el 2020, los ingresos crecieron casi 30%, frente a la suba del 54,8% de las cuotas UVA. A lo largo de este a\u00f1o, los cr\u00e9ditos tomados por m\u00e1s de 105.000 familias han sufrido incrementos mensuales superiores al 8 por ciento.<\/p>\n\n\n\n<p class=\"wp-block-paragraph\">En este aspecto, Fern\u00e1ndez, sostuvo que <em>\u201cest\u00e1n preocupados por la situaci\u00f3n y que est\u00e1n buscando una soluci\u00f3n para resolver su problema\u201d.<\/em><\/p>\n\n\n\n<figure class=\"wp-block-embed-youtube wp-block-embed is-type-video is-provider-youtube wp-embed-aspect-16-9 wp-has-aspect-ratio\"><div class=\"wp-block-embed__wrapper\">\n<iframe loading=\"lazy\" title=\"#Exclusivo Nota con el Presidente #AlbertoFernandez\" width=\"500\" height=\"281\" src=\"https:\/\/www.youtube.com\/embed\/RqGwVfp1Lh0?feature=oembed\" frameborder=\"0\" allow=\"accelerometer; autoplay; clipboard-write; encrypted-media; gyroscope; picture-in-picture; web-share\" referrerpolicy=\"strict-origin-when-cross-origin\" allowfullscreen><\/iframe>\n<\/div><\/figure>\n\n\n\n<p class=\"wp-block-paragraph\">Record\u00f3 que <em>\u201cdurante la pandemia\u201d<\/em> el Gobierno intent\u00f3<em> \u201cayudarlo lo m\u00e1s que pudimos\u201d,<\/em> al  tiempo que argument\u00f3 que <em>\u201cen su momento recomendamos no ingresar en ese Plan, pero algunos quisieron entrar y eso se convirti\u00f3 en un problema\u201d.<\/em><\/p>\n\n\n\n<p class=\"wp-block-paragraph\">Sobre el cierre reiter\u00f3 que, no obstante, <strong><em>\u201clos tenemos en cuenta y trabajamos en ello\u201d.<\/em><\/strong><\/p>\n\n\n\n<p class=\"wp-block-paragraph\">Ya de cara a las nuevas 141 familias que recibieron la llave de su hogar, Fern\u00e1ndez afirm\u00f3 que <em>&#8220;cuando satisfacer necesidades deja de ser negocio, ah\u00ed tiene que aparecer el Estado&#8221;.<\/em><\/p>\n\n\n\n<p class=\"wp-block-paragraph\"><em>&#8220;Tenemos 100 mil viviendas en construcci\u00f3n y hacen falta muchas m\u00e1s, porque muchos argentinos est\u00e1n necesitando de esas viviendas&#8221;,<\/em> destac\u00f3 el mandatario durante el acto.<\/p>\n\n\n\n<figure class=\"wp-block-image\"><a href=\"https:\/\/www.ncn.com.ar\/wp-content\/uploads\/2021\/12\/61cce578d61be_900.jpg\"><img decoding=\"async\" src=\"https:\/\/www.ncn.com.ar\/wp-content\/uploads\/2021\/12\/61cce578d61be_900.jpg\" alt=\"\" class=\"wp-image-112840\"\/><\/a><\/figure>\n\n\n\n<p class=\"wp-block-paragraph\">En su discurso, Fern\u00e1ndez se\u00f1al\u00f3 que<em> &#8220;no hay nada m\u00e1s gratificante que el momento en que uno entrega las llaves a alguien que va a tener a partir de all\u00ed su casa y su techo&#8221;,<\/em> por lo que sostuvo su administraci\u00f3n se empe\u00f1\u00f3 en <em>&#8220;avanzar a paso firme y no ceder&#8221;<\/em> en esa meta.<\/p>\n\n\n\n<p class=\"wp-block-paragraph\"><em>&#8220;Yo tambi\u00e9n sue\u00f1o en que cada argentino pueda tener su casa&#8221;<\/em>, subray\u00f3 el mandatario, y refiri\u00f3 que <em>&#8220;el Estado debe hacerlo necesario para facilitarse acceso a la vivienda para quienes lo necesitan&#8221;.<\/em><\/p>\n\n\n\n<p class=\"wp-block-paragraph\"><em>&#8220;S\u00e9 del problema que padece el que no tiene casa propia, de tener que vivir con otros, compartir sus casas, alquiler en los tiempos que vivimos, y estamos empe\u00f1ados en terminar con este problema&#8221;,<\/em> complet\u00f3 Fern\u00e1ndez.<\/p>\n\n\n\n<p class=\"wp-block-paragraph\">Tambi\u00e9n plante\u00f3 que <em>&#8220;hay momentos en que poder satisfacer ciertas necesidades de la gente deja de ser un negocio, pero las necesidades existen&#8221;<\/em>, y resalt\u00f3 que<em> &#8220;ah\u00ed tiene que aparecer el Estado&#8221;,<\/em> al contraponer el plan Procrear con los cr\u00e9ditos UVA (mencionados minutos antes por este medio) que se impulsaron durante el macrismo.<\/p>\n\n\n\n<p class=\"wp-block-paragraph\"><em>&#8220;Por eso pensamos en el mismo Procrear de siempre, aquel que cre\u00f3 Cristina (Fern\u00e1ndez) en su segundo mandato, para volver a ponerlo en la esencia de facilitar el acceso al cr\u00e9dito a un trabajador y que pueda pagarlo y que no se convierta en un problema&#8221;<\/em>, expres\u00f3 el jefe de Estado.<\/p>\n\n\n\n<p class=\"wp-block-paragraph\"><em>&#8220;Terminar el a\u00f1o de este modo es la mayor alegr\u00eda que me pueden dar&#8221;,<\/em> concluy\u00f3 el Presidente.<\/p>\n\n\n\n<figure class=\"wp-block-embed-youtube wp-block-embed is-type-video is-provider-youtube wp-embed-aspect-16-9 wp-has-aspect-ratio\"><div class=\"wp-block-embed__wrapper\">\n<iframe loading=\"lazy\" title=\"El presidente encabez\u00f3 la entrega de viviendas del Procrear a 141 familias\" width=\"500\" height=\"281\" src=\"https:\/\/www.youtube.com\/embed\/wfYlYWcTi2Q?feature=oembed\" frameborder=\"0\" allow=\"accelerometer; autoplay; clipboard-write; encrypted-media; gyroscope; picture-in-picture; web-share\" referrerpolicy=\"strict-origin-when-cross-origin\" allowfullscreen><\/iframe>\n<\/div><\/figure>\n\n\n\n<h3 class=\"wp-block-heading\">El Cr\u00e9dito UVA<\/h3>\n\n\n\n<p class=\"wp-block-paragraph\"><strong>La problem\u00e1tica de los Hipotecados UVA, fue tema que apareci\u00f3 en el discurso tambi\u00e9n del Ministro Ferraresi, que si bien no quiso dialogar con este medio y trat\u00f3 de evitar que nos acerc\u00e1ramos a entrevistar al Presidente (Cual servicio de seguridad presidencial), tal como se muestra en las im\u00e1genes, no pudo evitar referirse al tema en cuesti\u00f3n.<\/strong><\/p>\n\n\n\n<p class=\"wp-block-paragraph\">Record\u00f3 que el gobierno anterior <em>&#8220;le transfiri\u00f3 a la Ciudad la adjudicaci\u00f3n de las viviendas, y a trav\u00e9s del Banco Ciudad otorg\u00f3 los cr\u00e9ditos UVA&#8221;,<\/em> que se tornaron en muchos casos impagables, y consider\u00f3 aquella medida como <em>&#8220;un sistema perverso de una relaci\u00f3n entre privados&#8221;.<\/em><\/p>\n\n\n\n<p class=\"wp-block-paragraph\">Mientras el reclamo de los vecinos damnificados, a escasos metros del acto oficial, interrump\u00eda sus palabras, le pidi\u00f3 al Presidente que <em>&#8220;no sea m\u00e1s el sistema financiero el que determine si un argentino tiene una vivienda, sino que sea el trabajo, que es el mejor ordenador&#8221;.<\/em><\/p>\n\n\n\n<p class=\"wp-block-paragraph\">El titular de la cartera de Desarrollo Territorial y H\u00e1bitat apunt\u00f3 con estas medidas a <em>&#8220;tres consignas clav<\/em>es&#8221; y enumer\u00f3 el de<em> &#8220;cumplir el sue\u00f1o de ustedes, generar trabajo y dar previsibilidad&#8221;<\/em> para el pago del cr\u00e9dito.<\/p>\n\n\n\n<figure class=\"wp-block-image\"><a href=\"https:\/\/www.ncn.com.ar\/wp-content\/uploads\/2021\/12\/WhatsApp-Image-2021-11-08-at-18.25.38-800x445-1.jpeg\"><img decoding=\"async\" src=\"https:\/\/www.ncn.com.ar\/wp-content\/uploads\/2021\/12\/WhatsApp-Image-2021-11-08-at-18.25.38-800x445-1.jpeg\" alt=\"\" class=\"wp-image-112839\"\/><\/a><\/figure>\n\n\n\n<h3 class=\"wp-block-heading\">El G\u00e9nesis del Conflicto de los Cr\u00e9ditos UVA<\/h3>\n\n\n\n<p class=\"wp-block-paragraph\">En 2016 el gobierno de Mauricio Macri lanz\u00f3 una nueva forma de cr\u00e9dito Unidad de Valor Adquisitivo (UVA), el cual es actualizable 50% por \u00cdndice de Precios al Consumidor (IPC) y 50% por Relevamiento de Expectativas de Mercado (REM). Los cr\u00e9ditos pod\u00edan ser hipotecarios (para la construcci\u00f3n), prendarios (para la compra de autom\u00f3viles) o personales.<\/p>\n\n\n\n<h3 class=\"wp-block-heading\">Fallos a favor<\/h3>\n\n\n\n<p class=\"wp-block-paragraph\">Los damnificados vienen obteniendo fallos que reconocen la imposibilidad de afrontar pagos que no dejan de incrementarse mes a mes. A principios de este mes, la Justicia Federal de C\u00f3rdoba admiti\u00f3 la primera demanda colectiva de los tomadores de cr\u00e9ditos, resoluci\u00f3n que impactar\u00e1 en la renegociaci\u00f3n del capital adeudado.<\/p>\n\n\n\n<p class=\"wp-block-paragraph\">La decisi\u00f3n acercar\u00e1 alivio a 80.000 familias en esa provincia. Ya el mes pasado, el senado de la provincia de Santa Fe sancion\u00f3 una ley que suspende por un a\u00f1o las ejecuciones de viviendas \u00fanicas, familiares y de ocupaci\u00f3n permanente, que hayan sido adquiridas con cr\u00e9ditos hipotecarios UVA.<\/p>\n\n\n\n<p class=\"wp-block-paragraph\">A la par, en Mendoza una sentencia judicial estableci\u00f3 que un banco deber\u00e1 sentarse con el tomador de un UVA para renegociar su contrato en un plazo de 90 d\u00edas, de forma tal que el particular pueda afrontar la deuda acumulada.<\/p>\n\n\n\n<p class=\"wp-block-paragraph\"><strong>Para NCN por Juan Jos\u00e9 Postararo <\/strong><\/p>\n\n\n\n<h5 class=\"wp-block-heading\"><strong>C\u00e1mara: Erica Suso<\/strong><\/h5>\n","protected":false},"excerpt":{"rendered":"<p>-Especial de NCN (Noticias Congreso Nacional) En el marco del acto de entrega de viviendas del plan Procrear, en la que 141 familias recibieron las llaves de sus nuevos hogares en el Barrio Estaci\u00f3n Buenos Aires, el presidente Alberto Fern\u00e1ndez dialog\u00f3 en exclusiva con el portal especializado NCN (Noticias Congreso Nacional). Al entrar al predio, &hellip;<\/p>\n","protected":false},"author":1,"featured_media":7873,"comment_status":"open","ping_status":"open","sticky":false,"template":"","format":"standard","meta":{"pagelayer_contact_templates":[],"_pagelayer_content":"","iawp_total_views":3,"footnotes":""},"categories":[25],"tags":[],"class_list":["post-7872","post","type-post","status-publish","format-standard","has-post-thumbnail","hentry","category-resumen-de-noticias"],"_links":{"self":[{"href":"https:\/\/jotaposta.com.ar\/jposta\/wp-json\/wp\/v2\/posts\/7872","targetHints":{"allow":["GET"]}}],"collection":[{"href":"https:\/\/jotaposta.com.ar\/jposta\/wp-json\/wp\/v2\/posts"}],"about":[{"href":"https:\/\/jotaposta.com.ar\/jposta\/wp-json\/wp\/v2\/types\/post"}],"author":[{"embeddable":true,"href":"https:\/\/jotaposta.com.ar\/jposta\/wp-json\/wp\/v2\/users\/1"}],"replies":[{"embeddable":true,"href":"https:\/\/jotaposta.com.ar\/jposta\/wp-json\/wp\/v2\/comments?post=7872"}],"version-history":[{"count":1,"href":"https:\/\/jotaposta.com.ar\/jposta\/wp-json\/wp\/v2\/posts\/7872\/revisions"}],"predecessor-version":[{"id":13469,"href":"https:\/\/jotaposta.com.ar\/jposta\/wp-json\/wp\/v2\/posts\/7872\/revisions\/13469"}],"wp:featuredmedia":[{"embeddable":true,"href":"https:\/\/jotaposta.com.ar\/jposta\/wp-json\/wp\/v2\/media\/7873"}],"wp:attachment":[{"href":"https:\/\/jotaposta.com.ar\/jposta\/wp-json\/wp\/v2\/media?parent=7872"}],"wp:term":[{"taxonomy":"category","embeddable":true,"href":"https:\/\/jotaposta.com.ar\/jposta\/wp-json\/wp\/v2\/categories?post=7872"},{"taxonomy":"post_tag","embeddable":true,"href":"https:\/\/jotaposta.com.ar\/jposta\/wp-json\/wp\/v2\/tags?post=7872"}],"curies":[{"name":"wp","href":"https:\/\/api.w.org\/{rel}","templated":true}]}}