{"id":7800,"date":"2021-06-16T23:21:49","date_gmt":"2021-06-17T02:21:49","guid":{"rendered":"https:\/\/www.jotaposta.com.ar\/?p=7800"},"modified":"2021-06-16T23:21:49","modified_gmt":"2021-06-17T02:21:49","slug":"el-momento-exacto-en-que-se-desprende-el-teleferico-en-italia-video","status":"publish","type":"post","link":"https:\/\/jotaposta.com.ar\/jposta\/2021\/06\/16\/el-momento-exacto-en-que-se-desprende-el-teleferico-en-italia-video\/","title":{"rendered":"El momento exacto en que se desprende el telef\u00e9rico en Italia (Video)"},"content":{"rendered":"\n<p class=\"wp-block-paragraph\">La cadena Tg3 de Italia mostr\u00f3 este mi\u00e9rcoles por primera vez im\u00e1genes de las c\u00e1maras de seguridad que captaron el accidente en el telef\u00e9rico de la localidad de Stresa, ocurrido el 23 de mayo pasado, y en el que murieron 14 de las 15 personas que viajaban. Solo Eitan, un ni\u00f1o de apenas 5 a\u00f1os, logr\u00f3 sobrevivir al accidente.<\/p>\n\n\n\n<figure class=\"wp-block-embed-youtube wp-block-embed is-type-video is-provider-youtube wp-embed-aspect-16-9 wp-has-aspect-ratio\"><div class=\"wp-block-embed__wrapper\">\nhttps:\/\/www.youtube.com\/watch?v=JfOb4HncdYM\n<\/div><\/figure>\n\n\n\n<p class=\"wp-block-paragraph\">El video muestra que la cabina ya estaba cerca del desembarque, cuando la sacudida provocada por la rotura de un cable -y la falta de actuaci\u00f3n del sistema de frenos de emergencia- hizo que la cabina descendiera a gran velocidad. Desde ese instante hasta la ca\u00edda de la cabina pasaron 18 segundos.<\/p>\n\n\n\n<figure class=\"wp-block-embed-youtube wp-block-embed is-type-video is-provider-youtube wp-embed-aspect-16-9 wp-has-aspect-ratio\"><div class=\"wp-block-embed__wrapper\">\n<iframe loading=\"lazy\" title=\"Accidente mortal en los Alpes italianos al menos 14 muertos al caer una telecabina\" width=\"500\" height=\"281\" src=\"https:\/\/www.youtube.com\/embed\/TM_1dmkeaO0?feature=oembed\" frameborder=\"0\" allow=\"accelerometer; autoplay; clipboard-write; encrypted-media; gyroscope; picture-in-picture; web-share\" referrerpolicy=\"strict-origin-when-cross-origin\" allowfullscreen><\/iframe>\n<\/div><\/figure>\n","protected":false},"excerpt":{"rendered":"<p>La cadena Tg3 de Italia mostr\u00f3 este mi\u00e9rcoles por primera vez im\u00e1genes de las c\u00e1maras de seguridad que captaron el accidente en el telef\u00e9rico de la localidad de Stresa, ocurrido el 23 de mayo pasado, y en el que murieron 14 de las 15 personas que viajaban. Solo Eitan, un ni\u00f1o de apenas 5 a\u00f1os, &hellip;<\/p>\n","protected":false},"author":1,"featured_media":7801,"comment_status":"open","ping_status":"open","sticky":false,"template":"","format":"standard","meta":{"pagelayer_contact_templates":[],"_pagelayer_content":"","iawp_total_views":7,"footnotes":""},"categories":[17],"tags":[],"class_list":["post-7800","post","type-post","status-publish","format-standard","has-post-thumbnail","hentry","category-es-viral"],"_links":{"self":[{"href":"https:\/\/jotaposta.com.ar\/jposta\/wp-json\/wp\/v2\/posts\/7800","targetHints":{"allow":["GET"]}}],"collection":[{"href":"https:\/\/jotaposta.com.ar\/jposta\/wp-json\/wp\/v2\/posts"}],"about":[{"href":"https:\/\/jotaposta.com.ar\/jposta\/wp-json\/wp\/v2\/types\/post"}],"author":[{"embeddable":true,"href":"https:\/\/jotaposta.com.ar\/jposta\/wp-json\/wp\/v2\/users\/1"}],"replies":[{"embeddable":true,"href":"https:\/\/jotaposta.com.ar\/jposta\/wp-json\/wp\/v2\/comments?post=7800"}],"version-history":[{"count":0,"href":"https:\/\/jotaposta.com.ar\/jposta\/wp-json\/wp\/v2\/posts\/7800\/revisions"}],"wp:featuredmedia":[{"embeddable":true,"href":"https:\/\/jotaposta.com.ar\/jposta\/wp-json\/wp\/v2\/media\/7801"}],"wp:attachment":[{"href":"https:\/\/jotaposta.com.ar\/jposta\/wp-json\/wp\/v2\/media?parent=7800"}],"wp:term":[{"taxonomy":"category","embeddable":true,"href":"https:\/\/jotaposta.com.ar\/jposta\/wp-json\/wp\/v2\/categories?post=7800"},{"taxonomy":"post_tag","embeddable":true,"href":"https:\/\/jotaposta.com.ar\/jposta\/wp-json\/wp\/v2\/tags?post=7800"}],"curies":[{"name":"wp","href":"https:\/\/api.w.org\/{rel}","templated":true}]}}