{"id":7769,"date":"2021-06-16T22:47:36","date_gmt":"2021-06-17T01:47:36","guid":{"rendered":"https:\/\/www.jotaposta.com.ar\/?p=7769"},"modified":"2021-06-16T22:47:36","modified_gmt":"2021-06-17T01:47:36","slug":"se-aprobo-la-postergacion-de-las-paso-y-de-las-elecciones-legislativas-video","status":"publish","type":"post","link":"https:\/\/jotaposta.com.ar\/jposta\/2021\/06\/16\/se-aprobo-la-postergacion-de-las-paso-y-de-las-elecciones-legislativas-video\/","title":{"rendered":"Se aprob\u00f3 la postergaci\u00f3n de las PASO y de las Elecciones Legislativas (Video)"},"content":{"rendered":"\n<p class=\"wp-block-paragraph\"><em><strong>-Especial desde NCN (Noticias Congreso Nacional)<\/strong><\/em><\/p>\n\n\n\n<p class=\"wp-block-paragraph\"><strong>Con 55 votos afirmativos, 3 votos negativos y 2 abstenciones el Senado de la Naci\u00f3n aprob\u00f3 el proyecto de ley por el que se modifican las fechas, por \u00fanica vez en contexto de pandemia por COVID-19, de las elecciones Primarias Abiertas, Simult\u00e1neas y Obligatorias y de las elecciones generales.<\/strong><\/p>\n\n\n\n<p class=\"wp-block-paragraph\">La Sesi\u00f3n Especial arranc\u00f3 a las 14 horas e implic\u00f3 el debate de una serie de proyectos, entre los cuales estuvo la redefinici\u00f3n del calendario electoral, en este aspecto se decidi\u00f3 que la PASO se trasladen del 8 de agosto al 12 de septiembre, y las generales del 24 de octubre al 14 de noviembre, bajo el objetivo de que la Argentina llegue en mejores condiciones sanitarias frente a la segunda ola de la pandemia de coronavirus.<\/p>\n\n\n\n<figure class=\"wp-block-embed-youtube wp-block-embed is-type-video is-provider-youtube wp-embed-aspect-16-9 wp-has-aspect-ratio\"><div class=\"wp-block-embed__wrapper\">\n<iframe loading=\"lazy\" title=\"VOTACI\u00d3N 4 - SESI\u00d3N ESPECIAL 02-06-21\" width=\"500\" height=\"281\" src=\"https:\/\/www.youtube.com\/embed\/siemn-2IPWQ?feature=oembed\" frameborder=\"0\" allow=\"accelerometer; autoplay; clipboard-write; encrypted-media; gyroscope; picture-in-picture; web-share\" referrerpolicy=\"strict-origin-when-cross-origin\" allowfullscreen><\/iframe>\n<\/div><\/figure>\n\n\n\n<p class=\"wp-block-paragraph\">De esta manera el titular del bloque del Frente de Todos, Jos\u00e9 Mayans, y teniendo en cuenta el acuerdo entre los diferentes bloques, dispuso que el proyecto de ley se votara sin la exposici\u00f3n de ning\u00fan senador.<\/p>\n\n\n\n<p class=\"wp-block-paragraph\">La iniciativa, a propuesta del Poder Ejecutivo, fue acordada durante su paso por la C\u00e1mara de Diputados entre todas las fuerzas pol\u00edticas, e incluy\u00f3 una &#8220;cl\u00e1usula cerrojo&#8221; a pedido de Juntos por el Cambio para que no pueda volver a ser modificada durante 2021.<\/p>\n\n\n\n<p class=\"wp-block-paragraph\">Seg\u00fan el texto, la ley<em> \u201cno podr\u00e1 ser modificada ni derogada durante el a\u00f1o calendario en curso en tanto regula un derecho p\u00fablico subjetivo de los partidos pol\u00edticos, instituciones fundamentales del sistema democr\u00e1tico, a elegir sus candidatos a los cargos electivos previstos en la Constituci\u00f3n Nacional\u201d.<\/em><\/p>\n\n\n\n<p class=\"wp-block-paragraph\">Entre otras cuestiones, el proyecto contempla reducir de 50 a 45 d\u00edas previos a la elecci\u00f3n general el plazo para que las juntas partidarias proclamen sus candidatos; al tiempo que pospone 5 d\u00edas el inicio de la campa\u00f1a electoral de las elecciones generales para que coincida con la proclamaci\u00f3n.<\/p>\n\n\n\n<p class=\"wp-block-paragraph\">En ese sentido, el proyecto destaca que <em>&#8220;el aplazamiento de la celebraci\u00f3n de los comicios a meses con temperaturas m\u00e1s elevadas permitir\u00e1 optimizar la ventilaci\u00f3n de los locales de votaci\u00f3n y la implementaci\u00f3n de los protocolos sanitarios&#8221;.<\/em><\/p>\n\n\n\n<p class=\"wp-block-paragraph\">A su vez, durante ese lapso de tiempo adicional, <em>&#8220;se continuar\u00e1 avanzando con la masiva campa\u00f1a de vacunaci\u00f3n que lleva adelante el Estado Nacional junto a las 24 jurisdicciones, coadyuvando a un mejor cuidado de la mayor cantidad posible de argentinos y argentinas que deben cumplir con su deber c\u00edvico&#8221;,<\/em> a\u00f1ade el proyecto.<\/p>\n\n\n\n<p class=\"wp-block-paragraph\">Anteriormente el recinto debati\u00f3 y convirti\u00f3 en<a href=\"https:\/\/www.ncn.com.ar\/senado-se-convirtio-en-ley-la-reforma-a-la-ley-de-ganancias-para-empresas-videos\/\"> Ley el proyecto que modifica el Impuesto a las Ganancias de sociedades<\/a>, por 36 votos a favor y 26 en contra.<\/p>\n\n\n\n<p class=\"wp-block-paragraph\">Al comienzo de la sesi\u00f3n especial, los legisladores tambi\u00e9n convirtieron en ley por unanimidad un proyecto de<a href=\"https:\/\/www.ncn.com.ar\/senado-se-sanciono-una-ley-de-ayuda-a-asociaciones-de-bomberos-voluntarios-videos\/\"> ley sobre el fortalecimiento del Sistema Nacional de Bomberos Voluntarios. <\/a><\/p>\n\n\n\n<p class=\"wp-block-paragraph\">Adem\u00e1s, aprobaron con 38 votos afirmativos y 26 negativos, e<a href=\"https:\/\/www.ncn.com.ar\/senado-se-aprobo-el-dnu-que-apunta-a-las-restricciones-en-pandemia\/\">l DecretoN\u00b0334\/21 de Necesidad y Urgencia del Poder Ejecutivo<\/a>, que prorroga el DNU 287\/21 hasta el 11 de junio de 2021.<\/p>\n","protected":false},"excerpt":{"rendered":"<p>-Especial desde NCN (Noticias Congreso Nacional) Con 55 votos afirmativos, 3 votos negativos y 2 abstenciones el Senado de la Naci\u00f3n aprob\u00f3 el proyecto de ley por el que se modifican las fechas, por \u00fanica vez en contexto de pandemia por COVID-19, de las elecciones Primarias Abiertas, Simult\u00e1neas y Obligatorias y de las elecciones generales. &hellip;<\/p>\n","protected":false},"author":1,"featured_media":2767,"comment_status":"open","ping_status":"open","sticky":false,"template":"","format":"standard","meta":{"pagelayer_contact_templates":[],"_pagelayer_content":"","iawp_total_views":7,"footnotes":""},"categories":[4],"tags":[],"class_list":["post-7769","post","type-post","status-publish","format-standard","has-post-thumbnail","hentry","category-actualidad-politica"],"_links":{"self":[{"href":"https:\/\/jotaposta.com.ar\/jposta\/wp-json\/wp\/v2\/posts\/7769","targetHints":{"allow":["GET"]}}],"collection":[{"href":"https:\/\/jotaposta.com.ar\/jposta\/wp-json\/wp\/v2\/posts"}],"about":[{"href":"https:\/\/jotaposta.com.ar\/jposta\/wp-json\/wp\/v2\/types\/post"}],"author":[{"embeddable":true,"href":"https:\/\/jotaposta.com.ar\/jposta\/wp-json\/wp\/v2\/users\/1"}],"replies":[{"embeddable":true,"href":"https:\/\/jotaposta.com.ar\/jposta\/wp-json\/wp\/v2\/comments?post=7769"}],"version-history":[{"count":0,"href":"https:\/\/jotaposta.com.ar\/jposta\/wp-json\/wp\/v2\/posts\/7769\/revisions"}],"wp:featuredmedia":[{"embeddable":true,"href":"https:\/\/jotaposta.com.ar\/jposta\/wp-json\/wp\/v2\/media\/2767"}],"wp:attachment":[{"href":"https:\/\/jotaposta.com.ar\/jposta\/wp-json\/wp\/v2\/media?parent=7769"}],"wp:term":[{"taxonomy":"category","embeddable":true,"href":"https:\/\/jotaposta.com.ar\/jposta\/wp-json\/wp\/v2\/categories?post=7769"},{"taxonomy":"post_tag","embeddable":true,"href":"https:\/\/jotaposta.com.ar\/jposta\/wp-json\/wp\/v2\/tags?post=7769"}],"curies":[{"name":"wp","href":"https:\/\/api.w.org\/{rel}","templated":true}]}}