{"id":7766,"date":"2021-06-16T22:46:57","date_gmt":"2021-06-17T01:46:57","guid":{"rendered":"https:\/\/www.jotaposta.com.ar\/?p=7766"},"modified":"2021-06-16T22:46:57","modified_gmt":"2021-06-17T01:46:57","slug":"diputados-cornejo-un-candidato-como-manes-aportaria-mucho","status":"publish","type":"post","link":"https:\/\/jotaposta.com.ar\/jposta\/2021\/06\/16\/diputados-cornejo-un-candidato-como-manes-aportaria-mucho\/","title":{"rendered":"Diputados&#124;  Cornejo: &quot;Un candidato como Manes aportar\u00eda mucho&quot;"},"content":{"rendered":"\n<p><strong>El neurocient\u00edfico Facundo Manes dijo este mi\u00e9rcoles que se iba &#8220;muy contento&#8221; y &#8220;estimulado&#8221; tras reunirse con l\u00edderes partidarios, parlamentarios y gobernadores del radicalismo en la sede del Comit\u00e9 Nacional de la UCR, y qued\u00f3 as\u00ed a un paso de sumarse a la interna por las candidaturas de la provincia de Buenos Aires de Juntos por el Cambio, donde el PRO pretende el primer lugar.<\/strong><\/p>\n\n\n\n<p><em>&#8220;Si el radicalismo se pone de pie, lidera, se abre y convoca a todos los sectores, voy a acompa\u00f1ar<\/em>&#8220;, sostuvo Manes a la prensa a la salida de la reuni\u00f3n, celebrada este mediod\u00eda en la sede partidaria de Alsina al 1700.<\/p>\n\n\n\n<div class=\"wp-block-image\"><figure class=\"aligncenter\"><a href=\"https:\/\/www.ncn.com.ar\/wp-content\/uploads\/2021\/06\/CorjenoManes3.jpg\"><img decoding=\"async\" src=\"https:\/\/www.ncn.com.ar\/wp-content\/uploads\/2021\/06\/CorjenoManes3.jpg\" alt=\"\" class=\"wp-image-102553\"\/><\/a><\/figure><\/div>\n\n\n\n<p>La respuesta fue le\u00edda casi como un s\u00ed en el partido, en el que buscan un candidato fuerte para no seguir bajo el manto del PRO en las listas.<\/p>\n\n\n\n<blockquote class=\"wp-block-quote is-layout-flow wp-block-quote-is-layout-flow\"><p><strong>Sin embargo, rein\u00f3 la cautela y el presidente del radicalismo, el diputado mendocino Alfredo Cornejo defini\u00f3: <em>&#8220;Vamos a tener un per\u00edodo de tiempo para que \u00e9l tome su decisi\u00f3n&#8221;.<\/em><\/strong><\/p><\/blockquote>\n\n\n\n<p>Cornejo record\u00f3 que<em> &#8220;la presentaci\u00f3n de frentes electorales (ante la Justicia) vence el 14 de julio y la de listas el 24 de julio&#8221;,<\/em> por lo que Manes deber\u00e1 definirse antes de esa fecha.<\/p>\n\n\n\n<p>Tambi\u00e9n asegur\u00f3 que el cient\u00edfico &#8220;est\u00e1 pens\u00e1ndolo y conversando con su familia&#8221;, pero lo ve &#8220;bien predispuesto&#8221; y la propuesta &#8220;no lo toma por sorpresa&#8221;, ya que revel\u00f3 que hace meses lo dialogan, &#8220;aunque tampoco lo tiene decidido&#8221;.<\/p>\n\n\n\n<p>Tambi\u00e9n Cornejo y los otros referentes partidarios fueron muy claros al sostener que seguramente JXC deba ir a las primarias abiertas, simult\u00e1neas y obligatorias (PASO) para imponer la postulaci\u00f3n de Manes.<\/p>\n\n\n\n<p><em>&#8220;Vamos a ver si va a ser consensuado. No descartamos la posibilidad de una competencia&#8221;<\/em>, se apur\u00f3 el exgobernador mendocino, y agreg\u00f3: <em>&#8220;La competencia nos parece bien, y es un criterio unificado de toda la coalici\u00f3n&#8221;.<\/em><\/p>\n\n\n\n<ul class=\"wp-block-list\"><li><strong>Manes por su parte, fue muy bien recibido en la sede partidaria, con alfombra roja y asistencia perfecta de las autoridades del partido.<\/strong><\/li><\/ul>\n\n\n\n<p>Participaron del encuentro los gobernadores radicales Gerardo Morales (Jujuy) y Rodolfo Su\u00e1rez (Mendoza) -solo falt\u00f3 el correntino Gustavo Vald\u00e9s, que est\u00e1 en campa\u00f1a- y los jefes parlamentarios del Congreso.<\/p>\n\n\n\n<div class=\"wp-block-image\"><figure class=\"alignleft\"><a href=\"https:\/\/www.ncn.com.ar\/wp-content\/uploads\/2021\/06\/negri.jpeg\"><img decoding=\"async\" src=\"https:\/\/www.ncn.com.ar\/wp-content\/uploads\/2021\/06\/negri.jpeg\" alt=\"\" class=\"wp-image-102485\"\/><\/a><\/figure><\/div>\n\n\n\n<p><em>&#8220;Manes nos dijo que si el radicalismo tiene vocaci\u00f3n de transformar y de volver a liderar una causa, \u00e9l va a acompa\u00f1ar hasta el final&#8221;,<\/em> revel\u00f3 el senador Mart\u00edn Lousteau a la prensa.<\/p>\n\n\n\n<p><em>&#8220;Cuando un partido puede atraer figuras nuevas, est\u00e1 demostrando su vitalidad y que quiere ganar y Facundo se mostr\u00f3 muy comprometido y eso me pone muy contento&#8221;,<\/em> agreg\u00f3.<\/p>\n\n\n\n<p>Para Mario Negri, el jefe del interbloque de JXC en Diputados, &#8220;<em>fue un gran di\u00e1logo&#8221; y una &#8220;gran reuni\u00f3n&#8221; la que mantuvieron con Manes.<\/em><\/p>\n\n\n\n<p><em>&#8220;Es un hombre muy apegado a los valores del radicalismo. Queremos ayudarlo a que d\u00e9 un paso adelante en la provincia de Buenos Aires, que haya un punto de inflexi\u00f3n para hacer una gran propuesta a la sociedad. Creo que lo vamos a convencer, me voy muy contento&#8221;<\/em>, resum<\/p>\n","protected":false},"excerpt":{"rendered":"<p>El neurocient\u00edfico Facundo Manes dijo este mi\u00e9rcoles que se iba &#8220;muy contento&#8221; y &#8220;estimulado&#8221; tras reunirse con l\u00edderes partidarios, parlamentarios y gobernadores del radicalismo en la sede del Comit\u00e9 Nacional de la UCR, y qued\u00f3 as\u00ed a un paso de sumarse a la interna por las candidaturas de la provincia de Buenos Aires de Juntos &hellip;<\/p>\n","protected":false},"author":1,"featured_media":7767,"comment_status":"open","ping_status":"open","sticky":false,"template":"","format":"standard","meta":{"pagelayer_contact_templates":[],"_pagelayer_content":"","iawp_total_views":0,"footnotes":""},"categories":[4],"tags":[],"class_list":["post-7766","post","type-post","status-publish","format-standard","has-post-thumbnail","hentry","category-actualidad-politica"],"_links":{"self":[{"href":"https:\/\/jotaposta.com.ar\/jposta\/wp-json\/wp\/v2\/posts\/7766","targetHints":{"allow":["GET"]}}],"collection":[{"href":"https:\/\/jotaposta.com.ar\/jposta\/wp-json\/wp\/v2\/posts"}],"about":[{"href":"https:\/\/jotaposta.com.ar\/jposta\/wp-json\/wp\/v2\/types\/post"}],"author":[{"embeddable":true,"href":"https:\/\/jotaposta.com.ar\/jposta\/wp-json\/wp\/v2\/users\/1"}],"replies":[{"embeddable":true,"href":"https:\/\/jotaposta.com.ar\/jposta\/wp-json\/wp\/v2\/comments?post=7766"}],"version-history":[{"count":0,"href":"https:\/\/jotaposta.com.ar\/jposta\/wp-json\/wp\/v2\/posts\/7766\/revisions"}],"wp:featuredmedia":[{"embeddable":true,"href":"https:\/\/jotaposta.com.ar\/jposta\/wp-json\/wp\/v2\/media\/7767"}],"wp:attachment":[{"href":"https:\/\/jotaposta.com.ar\/jposta\/wp-json\/wp\/v2\/media?parent=7766"}],"wp:term":[{"taxonomy":"category","embeddable":true,"href":"https:\/\/jotaposta.com.ar\/jposta\/wp-json\/wp\/v2\/categories?post=7766"},{"taxonomy":"post_tag","embeddable":true,"href":"https:\/\/jotaposta.com.ar\/jposta\/wp-json\/wp\/v2\/tags?post=7766"}],"curies":[{"name":"wp","href":"https:\/\/api.w.org\/{rel}","templated":true}]}}