{"id":7734,"date":"2021-05-02T11:14:39","date_gmt":"2021-05-02T14:14:39","guid":{"rendered":"https:\/\/www.jotaposta.com.ar\/?p=7734"},"modified":"2026-05-17T15:06:18","modified_gmt":"2026-05-17T15:06:18","slug":"caso-tehuel-transfobia-discriminacion-y-violencia-la-cruda-realidad-detras-de-la-desaparicion-del-joven-trans","status":"publish","type":"post","link":"https:\/\/jotaposta.com.ar\/jposta\/2021\/05\/02\/caso-tehuel-transfobia-discriminacion-y-violencia-la-cruda-realidad-detras-de-la-desaparicion-del-joven-trans\/","title":{"rendered":"Caso Tehuel&#124; Transfobia. Discriminaci\u00f3n y Violencia. La cruda realidad detr\u00e1s de la desaparici\u00f3n del joven trans"},"content":{"rendered":"\n<p class=\"wp-block-paragraph\"><strong>Tiene 22 a\u00f1os. Fue visto por \u00faltima vez en la localidad bonaerense de Alejandro Korn, en el partido de San Vicente, a donde se dirig\u00eda para una entrevista laboral para un puesto de mozo, el \u00faltimo jueves 11 de marzo. Su nombre es Tehuel De La Torre  y desde entonces, a la fecha, no hay novedades de su paradero.<\/strong><\/p>\n\n\n\n<p class=\"wp-block-paragraph\">Lo curioso es que su foto fue tapa de diarios y parte de informes en los noticiosos locales apenas un par de veces.  Su caso, al parecer, no reviste de la importancia que tuvieron otros (Como el de Facundo Astudillo Castro, Santiago Maldonado o, m\u00e1s ac\u00e1 en el tiempo, la desaparici\u00f3n de la Nena N., la peque\u00f1a que fue secuestrada por un cartonero en Villa Lugano).  Incluso se percibe una notable indiferencia en el grueso de la sociedad ante el hecho. <strong>Existe un detalle no menor para poder interpretar la mirada ajena de todos ellos: Tehuel es trans.<\/strong><\/p>\n\n\n\n<div class=\"wp-block-image\"><figure class=\"aligncenter\"><img decoding=\"async\" src=\"https:\/\/www.cincodias.com.ar\/wp-content\/uploads\/2021\/05\/Tehuel5.jpg\" alt=\"\" class=\"wp-image-22968\"\/><\/figure><\/div>\n\n\n\n<p class=\"wp-block-paragraph\">Deber\u00eda sonar extra\u00f1o que aun, en pleno Siglo XXI, la condici\u00f3n sexual de una persona pueda ser determinante para poder darle <em>\u201cvisibilidad<\/em>\u201d. Pero no lo es. Es mucho m\u00e1s com\u00fan y real de lo que parece. Pero antes de indagar sobre la discriminaci\u00f3n que sufre, en \u00e1mbitos laborales, sociales y dem\u00e1s, la comunidad LGTB en su conjunto, pero las personas Trans en particular, repasaremos los detalles del caso de Tehuel.<\/p>\n\n\n\n<p class=\"wp-block-paragraph\">Lo que la Justicia de San Vicente (que lleva adelante la investigaci\u00f3n) ha podido reconstruir hasta el momento es que el joven sali\u00f3 de su casa, donde viv\u00eda con su mam\u00e1 y con su novia, para ir a una entrevista de trabajo en Alejandro Korn.<\/p>\n\n\n\n<div class=\"wp-block-image\"><figure class=\"aligncenter\"><img decoding=\"async\" src=\"https:\/\/www.cincodias.com.ar\/wp-content\/uploads\/2021\/05\/Tehuel4.jpg\" alt=\"\" class=\"wp-image-22967\"\/><\/figure><\/div>\n\n\n\n<p class=\"wp-block-paragraph\">El encuentro fue con Luis Alberto Ramos, una persona que conoc\u00eda desde hac\u00eda 3 a\u00f1os y que le hab\u00eda ofrecido un trabajo como mozo. Tehuel lleg\u00f3 a ese domicilio y luego fueron, los 2 juntos, hasta la casa de Oscar Montes, un chatarrero de la zona, lugar donde se los ubica a los tres juntos por medio de una fotograf\u00eda.<\/p>\n\n\n\n<p class=\"wp-block-paragraph\">Gracias a la geolocalizaci\u00f3n de su celular, se pudo hallar la casa de Ramos, ya que el dispositivo de Tehuel estuvo activo por \u00faltima vez por esa zona, hasta las 00.30hs del 12 de marzo. En ese lugar, se encontraron restos de un celular que hab\u00eda sido incendiado y una campera que pertenec\u00eda a De La Torre. El sospechoso reconoci\u00f3 haberse encontrado con el joven ese d\u00eda pero asegur\u00f3 que luego cada uno se fue por su lado.<\/p>\n\n\n\n<div class=\"wp-block-image\"><figure class=\"aligncenter\"><img decoding=\"async\" src=\"https:\/\/www.cincodias.com.ar\/wp-content\/uploads\/2021\/05\/DetenidoTehuel.jpg\" alt=\"\" class=\"wp-image-22966\"\/><\/figure><\/div>\n\n\n\n<p class=\"wp-block-paragraph\">El peritaje en el celular del primer detenido revel\u00f3 una foto tomada el d\u00eda de la desaparici\u00f3n de Tehuel. La imagen muestra al joven junto con el sospechoso y un amigo suyo, identificado como Oscar Montes, quien al d\u00eda de hoy se encuentra imputado por falso testimonio y encubrimiento, orden que dio la fiscal que lleva el caso adelante, Karina Guyot, en conjunto con el juez Mart\u00edn Rizzo.<\/p>\n\n\n\n<p class=\"wp-block-paragraph\">Montes se neg\u00f3 a declarar en la instancia de indagatoria, pero contin\u00faa detenido por dictar una coartada que luego fue descartada mediante investigaciones y catalogada como falsa.<\/p>\n\n\n\n<p class=\"wp-block-paragraph\">Por su parte, Ramos reconoci\u00f3 haberse encontrado con Tehuel el 11 de marzo a las 16.30, pero sostuvo que no fueron a ning\u00fan evento y que cada uno se fue por su lado, pero su versi\u00f3n no pudo ser corroborada y la fiscal Guyot pidi\u00f3 su detenci\u00f3n por el delito de &#8220;encubrimiento y falso testimonio&#8221;.<\/p>\n\n\n\n<p class=\"wp-block-paragraph\">Al continuar con la pesquisa tambi\u00e9n se allan\u00f3 la vivienda de la madre de Ramos, donde se secuestraron dos tel\u00e9fonos celulares<\/p>\n\n\n\n<p class=\"wp-block-paragraph\">Luis Alberto Ramos y Oscar Montes son las dos personas detenidas por ser sospechosas en el caso.<\/p>\n\n\n\n<h3 class=\"wp-block-heading\">La problem\u00e1tica diaria a la que es sometida la comunidad Trans<\/h3>\n\n\n\n<p class=\"wp-block-paragraph\">Que poco se sepa de este caso. Que la imagen de Tehuel no ocupe carillas en las p\u00e1ginas de los diarios y  minutos de aire en noticieros, como ha pasado en casos similares. Que su desaparici\u00f3n, que lleva casi ya dos meses, no impacte de lleno en la \u201cagenda medi\u00e1tica\u201d, no debe disociarse de su elecci\u00f3n sexual, por duro que suene la frase.<\/p>\n\n\n\n<blockquote class=\"wp-block-quote is-layout-flow wp-block-quote-is-layout-flow\"><p><strong>Lamentablemente se ha convertido en la cara de la invisibilidad que sufren los varones trans y de las violencias que atraviesan a lo largo de sus vidas.<\/strong><\/p><\/blockquote>\n\n\n\n<p class=\"wp-block-paragraph\">Un informe del <a href=\"https:\/\/falgbt.org\/ultimo-informe\/\">Observatorio Nacional de Cr\u00edmenes de Odio<\/a> contra la comunidad L\u00e9sbica, Gay, Bisexual, Travesti y Transexual (LGBTT) -que depende de la Defensor\u00eda del Pueblo de la Ciudad de Buenos Aires, la Defensor\u00eda del Pueblo de la Naci\u00f3n y la Federaci\u00f3n Argentina LGBT-, reflej\u00f3 que durante 2020 se cometieron 152 agresiones contra la comunidad LGBT: desde violencia verbal hasta asesinatos.<\/p>\n\n\n\n<p class=\"wp-block-paragraph\">De ese total 129 fueron contra la comunidad trans. Sin embargo la cantidad podr\u00eda ser mayor porque se incluyen s\u00f3lo aquellos casos que han sido relevados por los medios de comunicaci\u00f3n o han sido denunciados ante el Estado.<\/p>\n\n\n\n<p class=\"wp-block-paragraph\">Detalla incluso que hubo 14 asesinatos perpetrados hacia la diversidad sexual: 10 fueron dirigidos a mujeres trans y 4 a varones gay. En tanto se registraron 5 suicidios: 4 de mujeres trans y 1 de un var\u00f3n trans.<\/p>\n\n\n\n<div class=\"wp-block-image\"><figure class=\"aligncenter\"><img decoding=\"async\" src=\"https:\/\/www.cincodias.com.ar\/wp-content\/uploads\/2021\/04\/Tehuel-1.jpg\" alt=\"\" class=\"wp-image-22586\"\/><\/figure><\/div>\n\n\n\n<h3 class=\"wp-block-heading\">Lo dif\u00edcil de buscar trabajo<\/h3>\n\n\n\n<p class=\"wp-block-paragraph\">La posibilidad de un empleo registrado ya es compleja en todos los niveles en la Argentina actual, pero la dificultad se acrecienta cuando se trata de las minor\u00edas.<\/p>\n\n\n\n<blockquote class=\"wp-block-quote is-layout-flow wp-block-quote-is-layout-flow\"><p>Un informe de 2020 del Programa de Naciones Unidas para el Desarrollo (PNUD), publicado en mayo \u00faltimo, se\u00f1ala que casi todas las personas trans del pa\u00eds viven en la pobreza y la indigencia. Como consecuencia de esto, por ejemplo, el 90% de las mujeres trans subsiste ejerciendo el trabajo sexual.<\/p><\/blockquote>\n\n\n\n<p class=\"wp-block-paragraph\">La situaci\u00f3n de los varones trans, como Tehuel, no es diferente ya que tambi\u00e9n son generalmente excluidos de los sistemas laborales e incluso de los establecimientos educativos. Un estudio de 2014 elaborado por la Asociaci\u00f3n de Travestis, Transexuales y Transg\u00e9nico de la Argentina (ATTTA) y la Fundaci\u00f3n Hu\u00e9sped releva que la marginaci\u00f3n de este colectivo se traduce en una alta incidencia de ideaciones suicidas.<\/p>\n\n\n\n<div class=\"wp-block-image\"><figure class=\"aligncenter\"><img decoding=\"async\" src=\"https:\/\/www.cincodias.com.ar\/wp-content\/uploads\/2021\/04\/Tehuel-2.jpg\" alt=\"\" class=\"wp-image-22587\"\/><\/figure><\/div>\n\n\n\n<h3 class=\"wp-block-heading\">La cobertura de los Medios<\/h3>\n\n\n\n<p class=\"wp-block-paragraph\">Sobre como los medios masivos de comunicaci\u00f3n dieron cobertura al caso reflexion\u00f3 Flavia Massenzio, presidenta de la Federaci\u00f3n Argentina LGBT+, quien sostuvo que  es necesario que la sociedad<em> &#8220;siga involucr\u00e1ndose, buscando y denunciando\u201d<\/em> y que el Estado<em> &#8220;implemente pol\u00edticas p\u00fablicas&#8221;<\/em> para combatir la violencia de g\u00e9nero y los cr\u00edmenes de odio a las disidencias.<\/p>\n\n\n\n<p class=\"wp-block-paragraph\">En esta l\u00ednea, Marcela Tobaldi, referente de la organizaci\u00f3n trans La Rosa Naranja, explic\u00f3 que <em>\u201cAlgunos medios de comunicaci\u00f3n est\u00e1n tratando el tema p\u00e9simo, como consecuencia de que no est\u00e1 instalada la perspectiva de g\u00e9nero en la sociedad argentina y hay un desconocimiento feroz de todas nuestras identidades. En algunos canales escuch\u00e9 que dec\u00edan &#8216;Tehuel es una chica&#8217;\u201d.<\/em><\/p>\n\n\n\n<div class=\"wp-block-image\"><figure class=\"aligncenter\"><img decoding=\"async\" src=\"https:\/\/www.cincodias.com.ar\/wp-content\/uploads\/2021\/05\/Tehuel6.jpg\" alt=\"\" class=\"wp-image-22969\"\/><\/figure><\/div>\n\n\n\n<p class=\"wp-block-paragraph\">Para la dirigente <em>&#8220;queda en evidencia el desconocimiento de cierto periodismo y de parte de la sociedad sobre nuestra comunidad, sobre las disidencias, las identidades no binarias, personas travesti\/trans, las lesbianas&#8221;.<\/em><\/p>\n\n\n\n<p class=\"wp-block-paragraph\">La referente explic\u00f3 que a\u00fan hoy <em>\u201ccuando vos a alguien le dec\u00eds \u2018persona trans\u2019 vas a pensar en una chica trans trabajadora sexual\u201d,<\/em> pero nunca <em>\u201cen un hombre trans y o una infancia trans\u201d<\/em> y esta ausencia en los imaginarios conspira contra su inclusi\u00f3n.<\/p>\n\n\n\n<p class=\"wp-block-paragraph\">En tanto, Lissandro Cottone Olmedo, integrante de la Federaci\u00f3n Argentina de Lesbianas, Gays, Bisexuales y Trans (Falgbt), record\u00f3 que<em> &#8220;Se realizaron tuitazos y movilizaciones en la Plaza de Mayo y otras ciudades del pa\u00eds. Actualmente, el Ministerio de Seguridad ofrece una recompensa a cualquier persona que aporte datos. Al caso no se le ha dado la visibilidad que realmente necesita. Si no fuera por el reclamo de sus amigues, vecines y el colectivo de la diversidad sexual, el caso se habr\u00eda perdido&#8221;.<\/em><\/p>\n\n\n\n<div class=\"wp-block-image\"><figure class=\"aligncenter\"><img decoding=\"async\" src=\"https:\/\/www.cincodias.com.ar\/wp-content\/uploads\/2021\/05\/tehuel67.jpg\" alt=\"\" class=\"wp-image-22971\"\/><\/figure><\/div>\n\n\n\n<h3 class=\"wp-block-heading\">La mirada de la Sociedad<\/h3>\n\n\n\n<p class=\"wp-block-paragraph\">Pero no todo depende de los medios. Como el dilema de la<em> \u201cgallina y el huevo\u201d<\/em> la inc\u00f3gnita emerge inexorablemente: <em>\u00bfNo es noticia porque no interesa a la sociedad, o la indiferencia de \u00e9sta se debe a la falta de repercusi\u00f3n de los medios?<\/em>.<\/p>\n\n\n\n<div class=\"wp-block-image\"><figure class=\"alignleft\"><img decoding=\"async\" src=\"https:\/\/www.cincodias.com.ar\/wp-content\/uploads\/2021\/05\/transfobia.jpg\" alt=\"\" class=\"wp-image-22978\"\/><\/figure><\/div>\n\n\n\n<p class=\"wp-block-paragraph\">Lo cierto es que convivimos en una sociedad surcada por un arraigado machismo que, niega, rechaza lo \u201cdiferente\u201d, y por lo tanto prefiere el olvido de lo que no acepta, y acaso por eso no sale masivamente a gritar, no pide por \u00e9l, ni sale en la b\u00fasqueda de Tehuel.<\/p>\n\n\n\n<p class=\"wp-block-paragraph\">Pese  a la escalonada llegada de nuevo derechos y legislaciones, es evidenciable aun la presencia de vestigio de una realidad  transf\u00f3bica, conservadora, que sale en defensa de lo propio, que golpea cacerolas s\u00f3lo cuando le tocan el bolsillo y alcanza cierto grado de empat\u00eda, de conmoci\u00f3n, si y solo, el caso aplica como espejo.<\/p>\n\n\n\n<p class=\"wp-block-paragraph\">Vale preguntarse cuantas veces uno vio por televisi\u00f3n el n\u00famero de personas trans que mueren golpeadas por su identidad de g\u00e9nero \u00bfPocas? Probablemente, porque seguramente no sali\u00f3. Lo que no se nombra no existe, y en nuestro pa\u00eds existe un sistema social, medi\u00e1tico y legislativo claramente transodiante.<\/p>\n\n\n\n<p class=\"wp-block-paragraph\">Basta ver cu\u00e1nta indignaci\u00f3n y llamados a la Real Academia ha causado la aparici\u00f3n del <em>\u201clenguaje inclusivo\u201d<\/em>. Los mismos que se sienten horrorizados al escuchar <em>\u201cles pibes\u201d<\/em> son aquellos que naturalizan t\u00e9rminos como <em>\u201cmaricas, tortas, travas o trolos\u201d<\/em> para dirigirse a quienes tienen una percepci\u00f3n diferente de su sexo.<\/p>\n\n\n\n<p class=\"wp-block-paragraph\">La hipocres\u00eda, la intolerancia, la discriminaci\u00f3n y la homofobia de una parte del grueso de la sociedad, tambi\u00e9n es coparticipe necesario del porqu\u00e9 la difusi\u00f3n del caso Tehuel es poca o nula.<\/p>\n\n\n\n<h3 class=\"wp-block-heading\">Para aportar datos<\/h3>\n\n\n\n<p class=\"wp-block-paragraph\">Actualmente desde el Ministerio de Seguridad provincial, a trav\u00e9s de la Direcci\u00f3n Provincial de Registro de Personas Desaparecidas, se ofrece una recompensa de entre $ 1,5 millones y $ 2 millones <em>\u201ca quien aporte datos que permitan dar con el paradero de Tehuel de La Torre, de 21 a\u00f1os\u201d.<\/em><\/p>\n\n\n\n<div class=\"wp-block-image\"><figure class=\"aligncenter\"><img decoding=\"async\" src=\"https:\/\/www.cincodias.com.ar\/wp-content\/uploads\/2021\/05\/tehuel2.png\" alt=\"\" class=\"wp-image-22964\"\/><\/figure><\/div>\n\n\n\n<p class=\"wp-block-paragraph\">El joven tiene contextura robusta, tez blanca, cabello corto de color oscuro y mide unos 1,56 metros y las autoridades solicitaron que quien tenga alguna informaci\u00f3n sobre su paradero se comunique con la UFI Descentralizada de San Vicente, llamen al 0221-429-3015 o escriban a perdes@mseg.gba.gov.ar.<\/p>\n\n\n\n<div class=\"wp-block-image\"><figure class=\"aligncenter\"><img decoding=\"async\" src=\"https:\/\/www.cincodias.com.ar\/wp-content\/uploads\/2021\/05\/tehuel1.png\" alt=\"\" class=\"wp-image-22965\"\/><\/figure><\/div>\n\n\n\n<p class=\"wp-block-paragraph\"><em><strong>Para CincoDias por Juan Jos\u00e9 Postararo<\/strong><\/em><\/p>\n","protected":false},"excerpt":{"rendered":"<p>Tiene 22 a\u00f1os. Fue visto por \u00faltima vez en la localidad bonaerense de Alejandro Korn, en el partido de San Vicente, a donde se dirig\u00eda para una entrevista laboral para un puesto de mozo, el \u00faltimo jueves 11 de marzo. Su nombre es Tehuel De La Torre y desde entonces, a la fecha, no hay &hellip;<\/p>\n","protected":false},"author":1,"featured_media":7735,"comment_status":"open","ping_status":"open","sticky":false,"template":"","format":"standard","meta":{"pagelayer_contact_templates":[],"_pagelayer_content":"","iawp_total_views":5,"footnotes":""},"categories":[25],"tags":[],"class_list":["post-7734","post","type-post","status-publish","format-standard","has-post-thumbnail","hentry","category-resumen-de-noticias"],"_links":{"self":[{"href":"https:\/\/jotaposta.com.ar\/jposta\/wp-json\/wp\/v2\/posts\/7734","targetHints":{"allow":["GET"]}}],"collection":[{"href":"https:\/\/jotaposta.com.ar\/jposta\/wp-json\/wp\/v2\/posts"}],"about":[{"href":"https:\/\/jotaposta.com.ar\/jposta\/wp-json\/wp\/v2\/types\/post"}],"author":[{"embeddable":true,"href":"https:\/\/jotaposta.com.ar\/jposta\/wp-json\/wp\/v2\/users\/1"}],"replies":[{"embeddable":true,"href":"https:\/\/jotaposta.com.ar\/jposta\/wp-json\/wp\/v2\/comments?post=7734"}],"version-history":[{"count":1,"href":"https:\/\/jotaposta.com.ar\/jposta\/wp-json\/wp\/v2\/posts\/7734\/revisions"}],"predecessor-version":[{"id":13661,"href":"https:\/\/jotaposta.com.ar\/jposta\/wp-json\/wp\/v2\/posts\/7734\/revisions\/13661"}],"wp:featuredmedia":[{"embeddable":true,"href":"https:\/\/jotaposta.com.ar\/jposta\/wp-json\/wp\/v2\/media\/7735"}],"wp:attachment":[{"href":"https:\/\/jotaposta.com.ar\/jposta\/wp-json\/wp\/v2\/media?parent=7734"}],"wp:term":[{"taxonomy":"category","embeddable":true,"href":"https:\/\/jotaposta.com.ar\/jposta\/wp-json\/wp\/v2\/categories?post=7734"},{"taxonomy":"post_tag","embeddable":true,"href":"https:\/\/jotaposta.com.ar\/jposta\/wp-json\/wp\/v2\/tags?post=7734"}],"curies":[{"name":"wp","href":"https:\/\/api.w.org\/{rel}","templated":true}]}}