{"id":7731,"date":"2021-05-02T11:12:37","date_gmt":"2021-05-02T14:12:37","guid":{"rendered":"https:\/\/www.jotaposta.com.ar\/?p=7731"},"modified":"2026-05-17T15:06:18","modified_gmt":"2026-05-17T15:06:18","slug":"informe-especial-que-ocurrio-en-la-negociacion-entre-argentina-y-el-laboratorio-pfeizer","status":"publish","type":"post","link":"https:\/\/jotaposta.com.ar\/jposta\/2021\/05\/02\/informe-especial-que-ocurrio-en-la-negociacion-entre-argentina-y-el-laboratorio-pfeizer\/","title":{"rendered":"Informe Especial&#124; \u00bfQu\u00e9 ocurri\u00f3 en la negociaci\u00f3n  entre Argentina y el Laboratorio Pfizer?"},"content":{"rendered":"\n<p class=\"wp-block-paragraph\"><strong>Sin dudas desde que se oficializ\u00f3 la noticia, a mediados de 2020, de que la ciencia hab\u00eda encontrado la vacuna contra el Coronavirus, el tema se ha convertido en uno de los m\u00e1s importantes en la agenda de cualquier pa\u00eds del mundo.<\/strong><\/p>\n\n\n\n<p class=\"wp-block-paragraph\">Con sus controversias, la intervenci\u00f3n de la ONU, la disputa entre los Estados y los Laboratorios, para estas alturas la comercializaci\u00f3n del suero ha comenzado a rodar. Mucho m\u00e1s lento que lo deseado en cualquier latitud del orbe, es cierto, pero avanzando al fin de cuentas.<\/p>\n\n\n\n<div class=\"wp-block-image\"><figure class=\"aligncenter\"><img decoding=\"async\" src=\"https:\/\/www.cincodias.com.ar\/wp-content\/uploads\/2020\/12\/PFIZER-VACUNA.jpg\" alt=\"\" class=\"wp-image-15831\"\/><\/figure><\/div>\n\n\n\n<p class=\"wp-block-paragraph\">En la Argentina el \u201ctema vacunas\u201d no solo traspaso las directivas a nivel sanitario sino que escal\u00f3 a la pol\u00edtica.  En la pasada semana el Ministerio de Salud anunci\u00f3 que ya fueron recibidas 10 millones de dosis.  Aunque los contratos firmados establec\u00edan que para este periodo deber\u00edamos contar con muchas m\u00e1s cantidades, la demanda a nivel mundial y el incumplimiento en los plazos de entrega por parte de los Laboratorios, hacen imposible que se concrete lo pactado.<\/p>\n\n\n\n<p class=\"wp-block-paragraph\">Pero m\u00e1s all\u00e1 de esto, existe un punto de debate en torno a las negociaciones del Ejecutivo y apuntan directamente a lo que sucedi\u00f3 con el Laboratorio Pfizer.<\/p>\n\n\n\n<p class=\"wp-block-paragraph\">En las \u00faltimas semanas referentes de la oposici\u00f3n y medios no afines al Gobierno, han dejado establecer que fue la Argentina quien <em>\u201cdej\u00f3 pasar la oportunidad\u201d<\/em> de tener vacunas con el sello norteamericano.  Incluso fue resonante (y repudiada) la frase de la l\u00edder del Pro, Patricia Bullrich, quien sostuvo que<em> \u201chabr\u00eda que haber entregado las Islas Malvinas a cambio de unas vacunas\u201d<\/em>.  Comparaciones con pa\u00edses de la regi\u00f3n y otras yerbas, completan el reclamo ante el no cierre (por ahora) de un contrato con el mencionado laboratorio.<\/p>\n\n\n\n<blockquote class=\"wp-block-quote is-layout-flow wp-block-quote-is-layout-flow\"><p><strong>Ahora bien, la pregunta es \u00bfPor qu\u00e9 la Argentina todav\u00eda no compr\u00f3 vacunas Pfizer? O m\u00e1s aun \u00bfQu\u00e9 fue lo que origin\u00f3 que no se firmara el contrato cuando todo parec\u00eda ser que ser\u00edan las primeras en llegar?<\/strong><\/p><\/blockquote>\n\n\n\n<p class=\"wp-block-paragraph\">Para comenzar vale recordar que fue al cierre del 2020, cuando \u00e9sta vacuna se convirti\u00f3 en la primera en obtener el visto bueno por la Administraci\u00f3n Nacional de Medicamentos, Alimentos y Tecnolog\u00eda M\u00e9dica (ANMAT), quien aprob\u00f3 la misma bajo la modalidad de &#8220;registro de emergencia\u201d.<\/p>\n\n\n\n<p class=\"wp-block-paragraph\">La noticia llegaba de la mano de la novedad de que el Estado Nacional ced\u00eda el Hospital Militar Central Cirujano Mayor Dr. Cosme Argerich (HMC) para que se realizara la tercera fase de pruebas de la vacuna desarrollada por los laboratorios Pfizer y BioNTech.<\/p>\n\n\n\n<p class=\"wp-block-paragraph\">El convenio firmado permit\u00eda dar el apoyo log\u00edstico necesario para la investigaci\u00f3n a los efectos de que los especialistas puedan desarrollar las pruebas. Adem\u00e1s de abrir la inscripci\u00f3n para ciudadanos locales que quisieran ofrecerse como voluntarios.<\/p>\n\n\n\n<h3 class=\"wp-block-heading\">El no cierre del Contrato<\/h3>\n\n\n\n<p class=\"wp-block-paragraph\">Mientras el Laboratorio avanzaba en sus investigaciones y miles de compatriotas pon\u00edan el hombro para que se pueda ejecutar el desarrollo del suero, los meses fueron pasando y el cierre definitivo del contrato no llegaba a producirse.<\/p>\n\n\n\n<p class=\"wp-block-paragraph\">Fue as\u00ed que a principios de este a\u00f1o, el por entonces Ministro de Salud, Gin\u00e9s Gonz\u00e1lez Garc\u00eda, confirmaba a los medios que <em>&#8220;no hemos podido firmar el contrato pese a la enorme voluntad del Gobierno argentino. No se olviden que Pfizer fue la primera que recibi\u00f3 el propio presidente, cuando Pfizer hizo el ensayo cl\u00ednico, que ya termin\u00f3 en la Argentina, con 6 mil voluntarios&#8221;.<\/em><\/p>\n\n\n\n<div class=\"wp-block-image\"><figure class=\"aligncenter\"><img decoding=\"async\" src=\"https:\/\/www.cincodias.com.ar\/wp-content\/uploads\/2021\/01\/gines-gonzalez-diputados.jpg\" alt=\"\" class=\"wp-image-17204\"\/><\/figure><\/div>\n\n\n\n<p class=\"wp-block-paragraph\"><em>\u201cTengo la sospecha de que hay un problema de disponibilidad con lo cual no se animan a firmar el contrato&#8221;<\/em> argumentaba Gin\u00e9s.<\/p>\n\n\n\n<p class=\"wp-block-paragraph\">Si bien era cierto que la farmac\u00e9utica estadounidense est\u00e1 desbordada de pedidos y ni siquiera est\u00e1 pudiendo garantizar nuevas entregas a EEUU, exist\u00eda adem\u00e1s un trasfondo que implicar\u00eda la exigencia, por parte de la compa\u00f1\u00eda, de una indemnidad adicional contra cualquier reclamo civil que los ciudadanos pudieran presentar si experimentaban efectos adversos, despu\u00e9s de ser vacunados.<\/p>\n\n\n\n<p class=\"wp-block-paragraph\">Ese era acaso, entre otros puntos, la parte del &#8220;trato&#8221; que la Argentino no estaba dispuesta a aceptar.<\/p>\n\n\n\n<h3 class=\"wp-block-heading\">Las Exigencias de Pfizer<\/h3>\n\n\n\n<p class=\"wp-block-paragraph\">Pese a que los funcionarios firmaron un acuerdo de confidencialidad con Pfizer, tanto en la regi\u00f3n como en el resto del mundo, poc se sabe de lo quendice realmente cada contrato.<\/p>\n\n\n\n<p class=\"wp-block-paragraph\">A\u00fan as\u00ed, algunas investigaciones period\u00edsticas han logrado exponer de que va esa &#8220;letra chica&#8221;. Esas filtraciones de lo pactado, han evidenciado una serie de pedidos cuasi \u201cextorsivos\u201d por parte del Laboratorio.<\/p>\n\n\n\n<p class=\"wp-block-paragraph\">Uno de los m\u00e1s impactantes es el que obliga a los pa\u00edses a entregar sus activos soberanos -que incluyen edificios de embajadas y bases militares- como garant\u00eda contra el costo de futuros casos legales.<\/p>\n\n\n\n<p class=\"wp-block-paragraph\">En Per\u00fa, por caso, se filtr\u00f3 a la prensa, que Pfizer solicit\u00f3 incluir cl\u00e1usulas que eximen de responsabilidad a la farmac\u00e9utica por los eventuales efectos adversos de la vacuna, la demora en la entrega de los lotes, implementar todas las normas legales necesarias para cumplir con las obligaciones al proveedor frente a demandas futuras e indemnizaciones.<\/p>\n\n\n\n<p class=\"wp-block-paragraph\">Las cl\u00e1usulas fueron consideradas extremas por el Ministerio de Relaciones Exteriores de Per\u00fa, seg\u00fan confirmaron fuentes cercanas a las negociaciones. Las mismas fuentes se\u00f1alaron que las condiciones de este laboratorio eran diferentes a las de otros desarrolladores de vacuna.<\/p>\n\n\n\n<p class=\"wp-block-paragraph\">Actualmente Pfizer ha negociado con m\u00e1s de 100 pa\u00edses y organizaciones supranacionales, y tiene acuerdos de suministro con nueve pa\u00edses de Am\u00e9rica Latina y el Caribe: Chile, Colombia, Costa Rica, Rep\u00fablica Dominicana, Ecuador, M\u00e9xico, Panam\u00e1, Per\u00fa y Uruguay.<\/p>\n\n\n\n<blockquote class=\"wp-block-quote is-layout-flow wp-block-quote-is-layout-flow\"><p><strong>A muchos de ellos les solicit\u00f3 una indemnidad adicional de los procesos civiles, lo que significa que la empresa no ser\u00eda responsable de los efectos adversos raros que ocasione su vacuna, o de sus propios actos de negligencia, fraude o malicia. Esto incluye aquellos relacionados con las pr\u00e1cticas de la empresa como, por ejemplo, si Pfizer envi\u00f3 la vacuna incorrecta o cometi\u00f3 errores durante la fabricaci\u00f3n.<\/strong><\/p><\/blockquote>\n\n\n\n<p class=\"wp-block-paragraph\">Como conclusi\u00f3n, vale mencionar la mirada del Dr. Mark Eccleston-Turner, profesor de derecho sanitario mundial en la Universidad de Keele, quien analiza que da la sensaci\u00f3n que Pfizer \u201cest\u00e1 tratando de obtener el m\u00e1ximo beneficio y minimizar su riesgo en cada situaci\u00f3n cr\u00edtica con el desarrollo de esta vacuna, y luego con su lanzamiento\u201d. Ahora bien, el desarrollo de la vacuna ya ha sido subvencionado generosamente; es as\u00ed que el riesgo para el fabricante es m\u00ednimo\u201d.<\/p>\n\n\n\n<h3 class=\"wp-block-heading\">La mirada del New York Time<\/h3>\n\n\n\n<p class=\"wp-block-paragraph\">Semanas atr\u00e1s, el importante diario norteamericano, se refiri\u00f3 en un editorial a las demandas excesivas hechas por el laboratorio Pfizer a algunos pa\u00edses para venderles su vacuna contra el coronavirus y consider\u00f3 &#8220;comprensible&#8221; que estos se hayan resistido a aceptarlas.<\/p>\n\n\n\n<div class=\"wp-block-image\"><figure class=\"aligncenter\"><img decoding=\"async\" src=\"https:\/\/www.cincodias.com.ar\/wp-content\/uploads\/2021\/04\/NYtime2.jpg\" alt=\"\" class=\"wp-image-22907\"\/><\/figure><\/div>\n\n\n\n<p class=\"wp-block-paragraph\"><em>&#8220;Seg\u00fan los informes, Pfizer no solo ha buscado protecci\u00f3n de responsabilidad contra todos los reclamos civiles, incluso aquellos que podr\u00edan resultar de la propia negligencia de la compa\u00f1\u00eda, sino que ha pedido a los gobiernos que aporten activos soberanos, incluidas sus reservas bancarias, edificios de embajadas y bases militares, como garant\u00eda contra juicios&#8221;,<\/em> se\u00f1al\u00f3 el peri\u00f3dico estadounidense en un art\u00edculo de opini\u00f3n.<\/p>\n\n\n\n<div class=\"wp-block-image\"><figure class=\"aligncenter\"><img decoding=\"async\" src=\"https:\/\/www.cincodias.com.ar\/wp-content\/uploads\/2021\/04\/NYtime1.jpg\" alt=\"\" class=\"wp-image-22908\"\/><\/figure><\/div>\n\n\n\n<p class=\"wp-block-paragraph\">En este sentido, el art\u00edculo titulado <a href=\"https:\/\/www.nytimes.com\/2021\/04\/24\/opinion\/covid-vaccines-poor-countries.html\"><strong><em>\u201cThe world needs many more Coronavirus vaccines\u201d<\/em><\/strong><\/a> (El mundo necesita muchas m\u00e1s vacunas contra el coronavirus) se\u00f1ala: <em>&#8220;Seg\u00fan los informes, Pfizer no solo ha buscado protecci\u00f3n de responsabilidad contra todos los reclamos civiles, incluso aquellos que podr\u00edan resultar de la propia negligencia de la compa\u00f1\u00eda, sino que ha pedido a los gobiernos que aporten activos soberanos, incluidas sus reservas bancarias, edificios de embajadas y bases militares, como garant\u00eda contra juicios&#8221;.<\/em><\/p>\n\n\n\n<ul class=\"wp-block-list\"><li><strong> <em>\u201cEs comprensible que algunos pa\u00edses se hayan resistido a tales demandas&#8221;<\/em>, y que, como resultado, <em> \u201cel ritmo de los acuerdos de compra se ha desacelerado\u201d<\/em> sentenciaron.<\/strong><\/li><\/ul>\n\n\n\n<h3 class=\"wp-block-heading\">Europa no es la excepci\u00f3n<\/h3>\n\n\n\n<p class=\"wp-block-paragraph\">Un informe del diario espa\u00f1ol \u201cLa Vanguardia\u201d dej\u00f3 en manifiesto que lo que acontece en Sudam\u00e9rica no escapa al viejo continente.<\/p>\n\n\n\n<p class=\"wp-block-paragraph\">En el marco del cierre del segundo contrato de la Comisi\u00f3n Europea con la farmac\u00e9utica Pfizer\/BioNTech por 300 millones de dosis de vacunas, la investigaci\u00f3n de la prensa desvela el documento firmado donde se detalla los costos y las condiciones.<\/p>\n\n\n\n<div class=\"wp-block-image\"><figure class=\"aligncenter\"><img decoding=\"async\" src=\"https:\/\/www.cincodias.com.ar\/wp-content\/uploads\/2021\/04\/vanguardia.jpg\" alt=\"\" class=\"wp-image-22909\"\/><\/figure><\/div>\n\n\n\n<p class=\"wp-block-paragraph\">De esta forma se supo las posibles responsabilidades de la compa\u00f1\u00eda en el caso de que el suero produjera alg\u00fan da\u00f1o a terceros, incluidas empresas.<\/p>\n\n\n\n<p class=\"wp-block-paragraph\">El texto deja claro que <em>&#8220;toda la responsabilidad queda en manos de la Comisi\u00f3n Europea y de los pa\u00edses miembros. La farmac\u00e9utica se responsabiliza de alg\u00fan fallo que pudiera registrarse en la fabricaci\u00f3n del suero, pero a partir de la en\u00adtrega del mismo a los pa\u00edses miembros, la multinacional no se \u00adresponsabiliza, ni afrontar\u00e1 ninguna indemnizaci\u00f3n. Ni ella, ni ninguno de sus directivos ni tra\u00adbajadores ni tampoco los de cualquiera de sus socios. No se hace referencia en el texto a posibles indemnizaciones por efectos adversos no descritos en la ficha t\u00e9cnica del medicamento&#8221;.<\/em><\/p>\n\n\n\n<h3 class=\"wp-block-heading\">La mirada de Juntos por el Cambio<\/h3>\n\n\n\n<p class=\"wp-block-paragraph\">Pese a que Argentina tuvo la posibilidad de cerrar acuerdos m\u00e1s convenientes con otros laboratorios, desde la oposici\u00f3n hay cierta obstinaci\u00f3n con la idea de concretar v\u00ednculos con la empresa norteamericanas. Incluso rozan la sensaci\u00f3n de que existe cierto \u201c<a href=\"https:\/\/www.rae.es\/dpd\/lobby\"><em>Lobby<\/em><\/a>\u201d.<\/p>\n\n\n\n<div class=\"wp-block-image\"><figure class=\"aligncenter\"><img decoding=\"async\" src=\"https:\/\/www.cincodias.com.ar\/wp-content\/uploads\/2021\/04\/juntospor-cambio-foto.jpg\" alt=\"\" class=\"wp-image-21226\"\/><\/figure><\/div>\n\n\n\n<p class=\"wp-block-paragraph\">En marzo de 2021, durante una reuni\u00f3n por Zoom de Juntos por el Cambio, que incluy\u00f3 al ex presidente Macri, desde su habitaci\u00f3n y medio dormido, varios sectores del PRO pusieron sobre la mesa el tema de la compra de vacunas por parte de privados y exigieron saber por qu\u00e9 el Gobierno Nacional no hab\u00eda comprado otras vacunas.<\/p>\n\n\n\n<div class=\"wp-block-image\"><figure class=\"aligncenter\"><img decoding=\"async\" src=\"https:\/\/www.cincodias.com.ar\/wp-content\/uploads\/2021\/04\/COMUNICADOPRO.jpg\" alt=\"\" class=\"wp-image-22911\"\/><\/figure><\/div>\n\n\n\n<p class=\"wp-block-paragraph\">Entonces emitieron un comunicado donde exhortaban al Ejecutivo a dar<strong><em> &#8220;la respuesta correcta sobre porque hay vacunas, que a\u00fan no han llegado a nuestro pa\u00eds&#8221;.<\/em><\/strong> Aun sin nombrarlo era evidente que se trataba de una cruzada en favor de Pfizer.<\/p>\n\n\n\n<blockquote class=\"wp-block-quote is-layout-flow wp-block-quote-is-layout-flow\"><p><strong>Incluso Patricia Bullrich, l\u00edder del Pro, no tuvo pudor en ponerle nombre a \u201cesas vacunas\u201d y desde su red social reclam\u00f3 para que el Gobierno \u201cse avenga las condiciones que puso la empresa que fabrica Pfizer\u201d. &#8220;Presidente: no tiene excusas&#8221;. Le espet\u00f3 a Alberto Fern\u00e1ndez junto con el comunicado.<\/strong><\/p><\/blockquote>\n\n\n\n<p class=\"wp-block-paragraph\">Por su parte la diputada nacional Graciela Oca\u00f1a inst\u00f3 que se convoquen a las autoridades de Pfizer y otras vacunas estadounidenses para que den detalles de c\u00f3mo fueron las negociaciones con el Gobierno argentino.<\/p>\n\n\n\n<p class=\"wp-block-paragraph\">Acompa\u00f1ado por varios informes de medios dominantes donde se recalca la \u201cnecesidad\u201d de cerrar con Pfizer, el combo se complet\u00f3 d\u00edas atr\u00e1s cuando la presidenta del PRO, enfatiz\u00f3 que<em> &#8220;<a href=\"https:\/\/www.cincodias.com.ar\/index.php\/2021\/04\/28\/video-patricia-bullrich-senalo-que-habria-que-cambiar-las-islas-malvinas-por-vacunas-pfizer\/\">Pfizer no pidi\u00f3 cambio a la ley, lo \u00fanico que pidi\u00f3 fue un seguro de cauci\u00f3n, como se lo pidi\u00f3 a todos los pa\u00edses del mundo, que es algo razonable. No pidi\u00f3 los hielos continentales\u2026 Las Islas Malvinas se la podr\u00edamos haber dado&#8221;<\/a>.<\/em><\/p>\n\n\n\n<blockquote class=\"wp-block-quote is-layout-flow wp-block-quote-is-layout-flow\"><p><em><strong>La pregunta entonces surge inexorablemente \u00bfEs casualidad o es Lobby lo que hace Juntos por el Cambio?<\/strong><\/em><\/p><\/blockquote>\n\n\n\n<p class=\"wp-block-paragraph\">Si bien nadie asegurar\u00e1 que hay intereses econ\u00f3micos detr\u00e1s de la \u201ccruzada por Pfizer\u201d, resulta curioso el nombre de Miguel de Godoy, ex jefe de comunicaci\u00f3n de Macri y ex titular del Ente Nacional de Comunicaciones (Enacom) desde diciembre de 2015 hasta 2018.<\/p>\n\n\n\n<div class=\"wp-block-image\"><figure class=\"aligncenter\"><img decoding=\"async\" src=\"https:\/\/www.cincodias.com.ar\/wp-content\/uploads\/2021\/04\/CeoGOdoy.jpg\" alt=\"\" class=\"wp-image-22910\"\/><\/figure><\/div>\n\n\n\n<p class=\"wp-block-paragraph\">Sucede que Godoy es el CEO y creador de la agencia MDG, que cuenta con clientes como The Rockefeller Fundation, Mc Donalds, Zucamor, Carrefour, Gol l\u00edneas a\u00e9reas, Farmacity, Musimundo, Freddo, Contado S\u00ed, Efectivo S\u00ed y, tambi\u00e9n, al laboratorio Pfizer.<\/p>\n\n\n\n<p class=\"wp-block-paragraph\">En la p\u00e1gina oficial de MDG, entre sus clientes, Pfizer aparece como uno de los destacados. Una aparici\u00f3n muy llamativa en medio de toda la campa\u00f1a que Juntos por el Cambio realiza en favor del laboratorio de Estados Unidos. Durante sus a\u00f1os como funcionario, De Godoy hab\u00eda abandonado su empresa. Pero volvi\u00f3 en 2018.<\/p>\n\n\n\n<p class=\"wp-block-paragraph\">Si bien el propio Godoy explic\u00f3 a la prensa que, actualmente, <em>&#8220;Pfizer ya no forma parte de su cartera de cliente&#8221;<\/em> no deja de ser una curiosa casualidad que el espacio opositor exija p\u00fablicamente que el Gobierno Nacional llegue a un acuerdo con Pfizer cuando uno de sus ex miembros tiene (o ten\u00eda) nexos comerciales. Estar\u00eda a mil\u00edmetros de cruzar la frontera hacia un posible caso de conflicto de intereses.<\/p>\n\n\n\n<h3 class=\"wp-block-heading\">La actualidad en la negociaci\u00f3n<\/h3>\n\n\n\n<p class=\"wp-block-paragraph\">Pese a todo este desarrollo, Argentina, nunca dej\u00f3 de negociar con el Laboratorio. As\u00ed lo confirmaba semanas atr\u00e1s la asesora presidencial Cecilia Nicolini.<\/p>\n\n\n\n<p class=\"wp-block-paragraph\"><em>\u201cSe han retomado las negociaciones con Pfizer para tambi\u00e9n entender cu\u00e1l es el estado de situaci\u00f3n o como se puede generar algunos cambios para avanzar en un contrato\u201d<\/em> asever\u00f3 mientras agregaba que \u201cl<em>as negociaciones a veces sufren algunos impases, se frenan, luego se retoman, en ning\u00fan caso est\u00e1n cerradas o imposible de poder firmar o avanzar. Ahora, tiene que haber acuerdos entre las partes, y eso significa (no solo) ponerse de acuerdo en las cl\u00e1usulas que en su momento no est\u00e1bamos de acuerdo, sino tambi\u00e9n tener una propuesta interesante para la Argentina de entrega de esas vacunas en tiempo y forma\u201d.<\/em><\/p>\n\n\n\n<p class=\"wp-block-paragraph\"><em><strong>Para CincoDias por Juan Jos\u00e9 Postararo<\/strong><\/em><\/p>\n","protected":false},"excerpt":{"rendered":"<p>Sin dudas desde que se oficializ\u00f3 la noticia, a mediados de 2020, de que la ciencia hab\u00eda encontrado la vacuna contra el Coronavirus, el tema se ha convertido en uno de los m\u00e1s importantes en la agenda de cualquier pa\u00eds del mundo. Con sus controversias, la intervenci\u00f3n de la ONU, la disputa entre los Estados &hellip;<\/p>\n","protected":false},"author":1,"featured_media":7732,"comment_status":"open","ping_status":"open","sticky":false,"template":"","format":"standard","meta":{"pagelayer_contact_templates":[],"_pagelayer_content":"","iawp_total_views":7,"footnotes":""},"categories":[25],"tags":[],"class_list":["post-7731","post","type-post","status-publish","format-standard","has-post-thumbnail","hentry","category-resumen-de-noticias"],"_links":{"self":[{"href":"https:\/\/jotaposta.com.ar\/jposta\/wp-json\/wp\/v2\/posts\/7731","targetHints":{"allow":["GET"]}}],"collection":[{"href":"https:\/\/jotaposta.com.ar\/jposta\/wp-json\/wp\/v2\/posts"}],"about":[{"href":"https:\/\/jotaposta.com.ar\/jposta\/wp-json\/wp\/v2\/types\/post"}],"author":[{"embeddable":true,"href":"https:\/\/jotaposta.com.ar\/jposta\/wp-json\/wp\/v2\/users\/1"}],"replies":[{"embeddable":true,"href":"https:\/\/jotaposta.com.ar\/jposta\/wp-json\/wp\/v2\/comments?post=7731"}],"version-history":[{"count":1,"href":"https:\/\/jotaposta.com.ar\/jposta\/wp-json\/wp\/v2\/posts\/7731\/revisions"}],"predecessor-version":[{"id":13662,"href":"https:\/\/jotaposta.com.ar\/jposta\/wp-json\/wp\/v2\/posts\/7731\/revisions\/13662"}],"wp:featuredmedia":[{"embeddable":true,"href":"https:\/\/jotaposta.com.ar\/jposta\/wp-json\/wp\/v2\/media\/7732"}],"wp:attachment":[{"href":"https:\/\/jotaposta.com.ar\/jposta\/wp-json\/wp\/v2\/media?parent=7731"}],"wp:term":[{"taxonomy":"category","embeddable":true,"href":"https:\/\/jotaposta.com.ar\/jposta\/wp-json\/wp\/v2\/categories?post=7731"},{"taxonomy":"post_tag","embeddable":true,"href":"https:\/\/jotaposta.com.ar\/jposta\/wp-json\/wp\/v2\/tags?post=7731"}],"curies":[{"name":"wp","href":"https:\/\/api.w.org\/{rel}","templated":true}]}}