{"id":7700,"date":"2021-04-12T22:06:19","date_gmt":"2021-04-13T01:06:19","guid":{"rendered":"https:\/\/www.jotaposta.com.ar\/?p=7700"},"modified":"2021-04-12T22:06:19","modified_gmt":"2021-04-13T01:06:19","slug":"wado-de-pedro-le-propuso-a-la-oposicion-en-el-congreso-postergar-un-mes-las-paso-y-las-generales","status":"publish","type":"post","link":"https:\/\/jotaposta.com.ar\/jposta\/2021\/04\/12\/wado-de-pedro-le-propuso-a-la-oposicion-en-el-congreso-postergar-un-mes-las-paso-y-las-generales\/","title":{"rendered":"Wado De Pedro le propuso a la oposici\u00f3n en el Congreso postergar un mes las PASO y las generales"},"content":{"rendered":"\n<p class=\"wp-block-paragraph\"><strong>En una reuni\u00f3n con los jefes de bloque de la colaci\u00f3n Juntos por el Cambio en Diputados, el ministro del Interior, Wado De Pedro, le propuso a la oposici\u00f3n corres las Primarias y las elecciones generales un mes<\/strong> con el fin de poder <em>&#8220;ganar tiempo&#8221;<\/em> y seguir inmunizando a m\u00e1s personas con la vacuna del coronavirus. Seg\u00fan declaraciones de oficialistas y opositores, <strong>ya habr\u00eda un principio de acuerdo<\/strong> para correr el cronograma electoral, ya que todos coincidieron en la gravedad de la segunda ola del virus y sus efectos.<\/p>\n\n\n\n<div class=\"wp-block-image\"><figure class=\"aligncenter\"><a href=\"https:\/\/www.ncn.com.ar\/wp-content\/uploads\/2021\/04\/WhatsApp-Image-2021-04-08-at-20.12.41-1.jpeg\"><img decoding=\"async\" src=\"https:\/\/www.ncn.com.ar\/wp-content\/uploads\/2021\/04\/WhatsApp-Image-2021-04-08-at-20.12.41-1.jpeg\" alt=\"\" class=\"wp-image-98685\"\/><\/a><\/figure><\/div>\n\n\n\n<p class=\"wp-block-paragraph\">En ese sentido,<strong> De Pedro anunci\u00f3 que hoy 09\/04 presentar\u00e1 el borrador de un proyecto ley para aplazar las PASO hasta el 12 septiembre y las elecciones legislativas hasta el 14 noviembre.<\/strong><\/p>\n\n\n\n<p class=\"wp-block-paragraph\"><strong><em>&#8220;Hubo predisposici\u00f3n y un di\u00e1logo para combinar el proceso electoral con la segunda ola, fue una reuni\u00f3n buena, hay una coincidencia de la preocupaci\u00f3n y en la gravedad de la segunda ola&#8221;,<\/em> <\/strong>expres\u00f3 el ministro en una rueda de prensa que ofreci\u00f3 a los periodistas acreditados en el Congreso Nacional.<\/p>\n\n\n\n<blockquote class=\"wp-block-quote is-layout-flow wp-block-quote-is-layout-flow\"><p><em>&#8220;Teniendo en cuenta la segunda ola, y lo dispuesto por el calendario electoral vigente, lo que discutimos es que ser\u00eda \u00f3ptimo comenzar a debatir el corrimiento de la elecci\u00f3n por lo menos un mes. Entendemos que es un mes m\u00e1s de vacunaci\u00f3n, lo que es importante&#8221;,<\/em> asever\u00f3 el ministro.<\/p><\/blockquote>\n\n\n\n<p class=\"wp-block-paragraph\"><strong><em>&#8220;Fue una muy buena reuni\u00f3n, donde trasmitimos la preocupaci\u00f3n del presidente Alberto Fern\u00e1ndez sobre la situaci\u00f3n sanitaria y la predisposici\u00f3n del Gobierno nacional para dialogar de manera amplia para resolver c\u00f3mo afrontamos la realizaci\u00f3n de las elecciones en plena la segunda ola de contagios de coronavirus&#8221;,<\/em><\/strong> consider\u00f3 el ministro.<\/p>\n\n\n\n<p class=\"wp-block-paragraph\"><em>&#8220;Es necesario dejar las especulaciones de lado en un tema tan serio como lo es la pandemia. La gente necesita que todos actuemos con responsabilidad para afrontar el desaf\u00edo que todav\u00eda tenemos por delante: la pandemia no pas\u00f3&#8221;,<\/em> dijo De Pedro.<\/p>\n\n\n\n<p class=\"wp-block-paragraph\">A su vez, descart\u00f3 totalmente una suspensi\u00f3n de las PASO, y que la propuesta del Gobierno siempre ser\u00e1 el corrimiento del calendario electoral.<\/p>\n\n\n\n<p class=\"wp-block-paragraph\"><strong><em>&#8220;Hay varios proyectos presentados en el Congreso para que se suspendan las PASO, algunos de la UCR, otros del oficialismo, pero no se habl\u00f3 de esa posibilidad, sino que la conversaci\u00f3n surgi\u00f3, que quiz\u00e1 teniendo en cuenta la segunda ola, las PASO no se deber\u00edan producir en el mes de agosto, un mes donde hay muchas enfermedades respiratorias, en el que existe un nivel de muertos tradicionalmente por estas mismas enfermedades respiratorias, por lo que ser\u00eda \u00f3ptimo empezar a discutir el corrimiento de la elecci\u00f3n por lo menos un mes&#8221;<\/em><\/strong>, sentenci\u00f3.<\/p>\n\n\n\n<p class=\"wp-block-paragraph\">Por otro lado, explic\u00f3 que se crear\u00e1 una Comisi\u00f3n de Seguimiento de la pandemia en la c\u00e1mara baja.<\/p>\n\n\n\n<blockquote class=\"wp-block-quote is-layout-flow wp-block-quote-is-layout-flow\"><p><em>&#8220;Vamos a convocar al Congreso a armar una comisi\u00f3n de seguimiento de la pandemia, la segunda ola tiene que tener m\u00e1s participaci\u00f3n, no solo epidemi\u00f3logos o el Poder Ejecutivo, sino de todas las otras fuerzas, cuantos m\u00e1s consensos se tengan, va a ser m\u00e1s permeable para la sociedad entender que todas las medidas que se toman tienen que ver con el cuidado de la salud de la gente&#8221;,<\/em> describi\u00f3.<\/p><\/blockquote>\n\n\n\n<p class=\"wp-block-paragraph\">Adem\u00e1s, Wado de Pedro dijo que existe tambi\u00e9n <em><strong>&#8220;la buena voluntad&#8221;<\/strong> <\/em>de oficialistas y opositores, para constituir, despu\u00e9s de la elecci\u00f3n de este a\u00f1o, una Comisi\u00f3n entre Diputados y el Ministerio de Interior,<em><strong> &#8220;para ir mejorando rediscutiendo y pensando propuestas superadoras&#8221;.<\/strong><\/em><\/p>\n\n\n\n<ul class=\"wp-block-list\"><li><strong>Las PASO estaban inicialmente previstas para el 8 de agosto y las generales para octubre.<\/strong><\/li><\/ul>\n","protected":false},"excerpt":{"rendered":"<p>En una reuni\u00f3n con los jefes de bloque de la colaci\u00f3n Juntos por el Cambio en Diputados, el ministro del Interior, Wado De Pedro, le propuso a la oposici\u00f3n corres las Primarias y las elecciones generales un mes con el fin de poder &#8220;ganar tiempo&#8221; y seguir inmunizando a m\u00e1s personas con la vacuna del &hellip;<\/p>\n","protected":false},"author":1,"featured_media":7701,"comment_status":"open","ping_status":"open","sticky":false,"template":"","format":"standard","meta":{"pagelayer_contact_templates":[],"_pagelayer_content":"","iawp_total_views":8,"footnotes":""},"categories":[4],"tags":[],"class_list":["post-7700","post","type-post","status-publish","format-standard","has-post-thumbnail","hentry","category-actualidad-politica"],"_links":{"self":[{"href":"https:\/\/jotaposta.com.ar\/jposta\/wp-json\/wp\/v2\/posts\/7700","targetHints":{"allow":["GET"]}}],"collection":[{"href":"https:\/\/jotaposta.com.ar\/jposta\/wp-json\/wp\/v2\/posts"}],"about":[{"href":"https:\/\/jotaposta.com.ar\/jposta\/wp-json\/wp\/v2\/types\/post"}],"author":[{"embeddable":true,"href":"https:\/\/jotaposta.com.ar\/jposta\/wp-json\/wp\/v2\/users\/1"}],"replies":[{"embeddable":true,"href":"https:\/\/jotaposta.com.ar\/jposta\/wp-json\/wp\/v2\/comments?post=7700"}],"version-history":[{"count":0,"href":"https:\/\/jotaposta.com.ar\/jposta\/wp-json\/wp\/v2\/posts\/7700\/revisions"}],"wp:featuredmedia":[{"embeddable":true,"href":"https:\/\/jotaposta.com.ar\/jposta\/wp-json\/wp\/v2\/media\/7701"}],"wp:attachment":[{"href":"https:\/\/jotaposta.com.ar\/jposta\/wp-json\/wp\/v2\/media?parent=7700"}],"wp:term":[{"taxonomy":"category","embeddable":true,"href":"https:\/\/jotaposta.com.ar\/jposta\/wp-json\/wp\/v2\/categories?post=7700"},{"taxonomy":"post_tag","embeddable":true,"href":"https:\/\/jotaposta.com.ar\/jposta\/wp-json\/wp\/v2\/tags?post=7700"}],"curies":[{"name":"wp","href":"https:\/\/api.w.org\/{rel}","templated":true}]}}