{"id":7697,"date":"2021-04-12T22:02:01","date_gmt":"2021-04-13T01:02:01","guid":{"rendered":"https:\/\/www.jotaposta.com.ar\/?p=7697"},"modified":"2021-04-12T22:02:01","modified_gmt":"2021-04-13T01:02:01","slug":"la-oposicion-juega-a-la-gata-flora-y-en-el-medio-los-argentinos-se-estan-muriendo","status":"publish","type":"post","link":"https:\/\/jotaposta.com.ar\/jposta\/2021\/04\/12\/la-oposicion-juega-a-la-gata-flora-y-en-el-medio-los-argentinos-se-estan-muriendo\/","title":{"rendered":"La oposici\u00f3n juega a la \u00abGata Flora\u00bb y en el medio los argentinos se est\u00e1n muriendo"},"content":{"rendered":"\n<p><strong>Hace apenas unas semanas atr\u00e1s, cuando aun todav\u00eda retumbaba en el Ministerio de Salud el estallido del \u201cVacunatorio VIP\u201d, desde la oposici\u00f3n, encabezada por los diputados nacionales Luis Petri y Alfredo Cornejo (UCR), exigieron el tratamiento de un proyecto de ley -presentado en diciembre pasado- que propone la creaci\u00f3n de una comisi\u00f3n bicameral investigadora del proceso de contrataci\u00f3n, aprobaci\u00f3n y seguimiento del plan de vacunaci\u00f3n contra el Covid-19 en todo el territorio nacional.<\/strong><\/p>\n\n\n\n<p><a href=\"https:\/\/www.ncn.com.ar\/cornejo-y-petri-exigen-la-aprobacion-de-la-creacion-de-la-comision-bicameral-de-seguimiento-del-plan-de-vacunacion-contra-el-covid-19\/\"><em>&#8220;El Gobierno nacional ha improvisado desde la llegada del virus al pa\u00eds y lo vuelve a hacer con las vacunas. Mientras pa\u00edses como Chile ya comienzan a vacunar, el proceso de adquisici\u00f3n de vacunas por la Argentina, est\u00e1 lleno de anuncios vac\u00edos, promesas incumplidas y graves irregularidades que necesitan ser investigadas&#8221;<\/em> sosten\u00eda por entonces Petri.<\/a><\/p>\n\n\n\n<div class=\"wp-block-image\"><figure class=\"aligncenter\"><a href=\"https:\/\/www.ncn.com.ar\/wp-content\/uploads\/2021\/02\/Cornejo-Petri.jpg\"><img decoding=\"async\" src=\"https:\/\/www.ncn.com.ar\/wp-content\/uploads\/2021\/02\/Cornejo-Petri.jpg\" alt=\"\" class=\"wp-image-96738\"\/><\/a><\/figure><\/div>\n\n\n\n<p><em>\u201cEs nuestra obligaci\u00f3n controlar lo que hoy parece un descontrol y por eso necesitamos esta herramienta\u201d<\/em> se\u00f1alaba hip\u00f3critamente el Presidente de la UCR, Alfredo Cornejo.<\/p>\n\n\n\n<p>La iniciativa, vale recordar, tambi\u00e9n llevaba la firma de todo Juntos por el Cambio: Carmen Polledo, Fernando Iglesias, Waldo Wolff, Claudia Najul, Luis Juez, Pablo Tonelli, Mar\u00eda Lujan Rey, Graciela Oca\u00f1a, Jorge Enr\u00edquez, Omar de Marchi, Francisco S\u00e1nchez, \u00c1lvaro de Lamadrid y Ximena Garc\u00eda.<\/p>\n\n\n\n<p>Finalmente, desde el Gobierno, parece haberse escuchado lo solicitado y con algunas variantes propuso el inicio de una negociaci\u00f3n para la creaci\u00f3n de la mencionada comisi\u00f3n bicameral, pero ahora, el bloque opositor se niega al tratamiento.<\/p>\n\n\n\n<blockquote class=\"wp-block-quote is-layout-flow wp-block-quote-is-layout-flow\"><p><strong>Lejos de mirar lo que sucede en el d\u00eda a d\u00eda de cada argentino, acaso sin parecer importar que ya llevamos 57.957 fallecidos registrados oficialmente a nivel nacional y 2.551.999 contagiados, la oposici\u00f3n saca a relucir su \u201cgataflorismo\u201d en el peor momento de contagios y en plena pandemia , y mira la situaci\u00f3n sanitaria con \u201cojos electorales\u201d.<\/strong><\/p><\/blockquote>\n\n\n\n<p>La iniciativa que, seg\u00fan trascendi\u00f3 en el Congreso, lleg\u00f3 de la mano de Wado de Pedro, el d\u00eda que se present\u00f3 para negociar la postergaci\u00f3n de las PASO, gener\u00f3 una grieta interna dentro de Juntos por el Cambio.<\/p>\n\n\n\n<p>Desde el ARI, su propio presidente de bloque,  Juan Manuel L\u00f3pez, argument\u00f3 que no es necesario pues ya existe <em>\u201cuna comisi\u00f3n de Salud a la que no vienen, no deber\u00edamos duplicar la estructura\u201d.<\/em><\/p>\n\n\n\n<div class=\"wp-block-image\"><figure class=\"aligncenter\"><a href=\"https:\/\/www.ncn.com.ar\/wp-content\/uploads\/2019\/10\/juan-manuel-lopez-01-e1571431800146.jpg\"><img decoding=\"async\" src=\"https:\/\/www.ncn.com.ar\/wp-content\/uploads\/2019\/10\/juan-manuel-lopez-01-e1571431800146.jpg\" alt=\"\" class=\"wp-image-70987\"\/><\/a><\/figure><\/div>\n\n\n\n<p>Con total desparpajo desliz\u00f3 que<em> \u201cahora que las cosas no van bien, parece que hay una intenci\u00f3n de compartir los costos\u201d.<\/em> Un frase totalmente fuera de lugar, porque en el medio de la<em> \u201cjugarreta pol\u00edtica\u201d<\/em> esta vez, como pocas, hay millones de argentinos que se debaten entre la vida y la muerte.<\/p>\n\n\n\n<p>Desde el lado del PRO, la cuesti\u00f3n tambi\u00e9n esta dividida. Existe un ala m\u00e1s mesurada que interpreta la realidad y apostar\u00eda a sentarse a negociar; pero por otro aparece, el \u201cala dura\u201d como se los conoce, que no les importa nada m\u00e1s que sacar r\u00e9dito pol\u00edtica de la Pandemia y acopiar votos de cara a las pr\u00f3ximas legislativas.<\/p>\n\n\n\n<p>Basta con repasar los \u00faltimos comentarios p\u00fablicos de los m\u00e1ximos referentes para darse cuenta de que poco les interesa la salud de la sociedad y todo apunta a una miserable codicia de cara a los comicios venideros.<\/p>\n\n\n\n<p><em>\u201cEn el bloque dicen que no seamos serviles\u201d s<\/em>e escucha en los pasillos de la C\u00e1mara donde est\u00e1 instalada la oposici\u00f3n.  Esa es la postura de muchos Diputados opositores a estas horas.<\/p>\n\n\n\n<p>Entonces es f\u00e1cil suponer que aquello que pregonaban Petri y Cornejo (entre otros) fue todo una farsa. Todo era <em>sarasa<\/em> para la tribuna. Aquellas frases, la iniciativa, el \u201cpensar en la gente\u201d parece, a la luz de los hechos, artilugios extra\u00eddos de los manuales de Dur\u00e1n Barba. Porque hoy la chance est\u00e1, pero no la quieren acompa\u00f1ar. A eso juega la oposici\u00f3n desde hace rato, a sacar jugo de la Pandemia, y aflorando un sentido de no importarle nada en lo que pueda pasarle al ciudadano com\u00fan.<\/p>\n\n\n\n<blockquote class=\"wp-block-quote is-layout-flow wp-block-quote-is-layout-flow\"><p><strong><em>\u201cHay que dejar de robar por dos a\u00f1os\u201d<\/em> sostuvo en un pat\u00e9tico sincericidio Luis Barrionuevo all\u00e1 por los \u201c90. Reformulemos la frase:<em> \u201cHay que dejar de pensar en la pol\u00edtica por dos a\u00f1os\u201d<\/em> deber\u00eda ser la premisa entre los Legisladores. Porque, por si no lo saben, afuera el argentino de a pie se muere de Covid-19.<\/strong><\/p><\/blockquote>\n\n\n\n<p>Deben darse cuenta: <strong> La gente est\u00e1 sufriendo. La pasa mal. Esta temerosa, angustiada, preocupada, complicada como tal vez jam\u00e1s en la historia del pa\u00eds.<\/strong> Jugar a la <em>\u201cGata Flora\u201d<\/em> es cuanto menos mercenario.  <em>\u00bfA qui\u00e9n le importa si la propuesta tard\u00f3 un poco m\u00e1s o un poco menos, en ser aceptada?<\/em> La propuesta es para dar una soluci\u00f3n.<\/p>\n\n\n\n<p><em> \u00bfQu\u00e9 tan dif\u00edcil puede ser apretar los dientes, para tender una mano y aceptar ayudar en medio de una crisis mundial que se est\u00e1 llevando la vida de los argentinos? \u00bfEs tan complejo dejar de tirar agua para el molino propio y entender que de \u00e9sta salimos juntos?<\/em><\/p>\n\n\n\n<p><em>\u00bfPueden ser tan miserables de pensar en los votos en medio de tanta tragedia?<\/em><\/p>\n\n\n\n<p>Es momento en que, de una buena vez, los Diputados se deben dejar de joder con las chicanas, los deditos acusadores, y arremangarse para laburar. Juntos, en un mismo bloque, pensando en la ciudadan\u00eda. Pero de verdad. Con conciencia social. Estamos todos hartos de que miren su ombligo y su bolsillo. Esta vez la grieta<strong> (que existe y nunca va a desaparecer, por el bien de muchos)<\/strong> debe ser zanjada. Es hora de tender puentes, de allanar caminos, de alivianar situaciones. No de reproches y caprichos est\u00fapidos.<\/p>\n\n\n\n<p>Basta de esta mezquindad pol\u00edtica que tan bien les sienta. Basta por el bien de los argentinos. Dejen la pelotudez de lado y p\u00f3nganse a trabajar. Para eso los votamos. Honren la Democracia.<\/p>\n\n\n\n<p style=\"text-align:right\"><em><strong>Especial desde NCN por Juan Jos\u00e9 Postararo<\/strong><\/em><\/p>\n","protected":false},"excerpt":{"rendered":"<p>Hace apenas unas semanas atr\u00e1s, cuando aun todav\u00eda retumbaba en el Ministerio de Salud el estallido del \u201cVacunatorio VIP\u201d, desde la oposici\u00f3n, encabezada por los diputados nacionales Luis Petri y Alfredo Cornejo (UCR), exigieron el tratamiento de un proyecto de ley -presentado en diciembre pasado- que propone la creaci\u00f3n de una comisi\u00f3n bicameral investigadora del &hellip;<\/p>\n","protected":false},"author":1,"featured_media":7699,"comment_status":"open","ping_status":"open","sticky":false,"template":"","format":"standard","meta":{"pagelayer_contact_templates":[],"_pagelayer_content":"","iawp_total_views":2,"footnotes":""},"categories":[15],"tags":[],"class_list":["post-7697","post","type-post","status-publish","format-standard","has-post-thumbnail","hentry","category-jp-editorial"],"_links":{"self":[{"href":"https:\/\/jotaposta.com.ar\/jposta\/wp-json\/wp\/v2\/posts\/7697","targetHints":{"allow":["GET"]}}],"collection":[{"href":"https:\/\/jotaposta.com.ar\/jposta\/wp-json\/wp\/v2\/posts"}],"about":[{"href":"https:\/\/jotaposta.com.ar\/jposta\/wp-json\/wp\/v2\/types\/post"}],"author":[{"embeddable":true,"href":"https:\/\/jotaposta.com.ar\/jposta\/wp-json\/wp\/v2\/users\/1"}],"replies":[{"embeddable":true,"href":"https:\/\/jotaposta.com.ar\/jposta\/wp-json\/wp\/v2\/comments?post=7697"}],"version-history":[{"count":0,"href":"https:\/\/jotaposta.com.ar\/jposta\/wp-json\/wp\/v2\/posts\/7697\/revisions"}],"wp:featuredmedia":[{"embeddable":true,"href":"https:\/\/jotaposta.com.ar\/jposta\/wp-json\/wp\/v2\/media\/7699"}],"wp:attachment":[{"href":"https:\/\/jotaposta.com.ar\/jposta\/wp-json\/wp\/v2\/media?parent=7697"}],"wp:term":[{"taxonomy":"category","embeddable":true,"href":"https:\/\/jotaposta.com.ar\/jposta\/wp-json\/wp\/v2\/categories?post=7697"},{"taxonomy":"post_tag","embeddable":true,"href":"https:\/\/jotaposta.com.ar\/jposta\/wp-json\/wp\/v2\/tags?post=7697"}],"curies":[{"name":"wp","href":"https:\/\/api.w.org\/{rel}","templated":true}]}}