{"id":7689,"date":"2025-02-05T05:45:28","date_gmt":"2025-02-05T08:45:28","guid":{"rendered":"https:\/\/www.jotaposta.com.ar\/?p=7689"},"modified":"2025-02-05T05:45:28","modified_gmt":"2025-02-05T08:45:28","slug":"porque-se-celebra-hoy-el-dia-mundial-de-la-nutella","status":"publish","type":"post","link":"https:\/\/jotaposta.com.ar\/jposta\/2025\/02\/05\/porque-se-celebra-hoy-el-dia-mundial-de-la-nutella\/","title":{"rendered":"\u00bfPorqu\u00e9 se celebra hoy el &quot;D\u00eda Mundial de la Nutella&quot;?"},"content":{"rendered":"\n<p class=\"wp-block-paragraph\">\u00bfPorqu\u00e9 se celebra hoy el &#8220;D\u00eda Mundial de la Nutella&#8221;? <strong>La historia dice que el primer frasco de Nutella sali\u00f3 de la l\u00ednea de producci\u00f3n el 20 de abril de 1964. Sin embargo, cada 5 de febrero se celebra el \u00abWorld Nuetalla Day\u00bb, o el D\u00eda Mundial del Nutella.<\/strong><\/p>\n\n\n\n<p class=\"wp-block-paragraph\">El nacimiento de este festejo tiene a la bloggera estadounidense Sara Rosso como principal responsable. Ella es una fan\u00e1tica de esta crema de avellanas, y junto a un colega instauraron el 5 de febrero como fecha para rendirle tributo.<\/p>\n\n\n\n<p class=\"wp-block-paragraph\">Lo curioso, es que la elecci\u00f3n del d\u00eda no tiene nada que ver con la historia de este dulce. Es que seg\u00fan palabras de su gestora, \u00abelegimos ese d\u00eda porque reci\u00e9n comienza el a\u00f1o, hace fr\u00edo, y es una buena manera de introducir a la gente al mundo Nutella\u00bb.<\/p>\n\n\n\n<p class=\"wp-block-paragraph\">La repercusi\u00f3n que tuvo fue enorme, tanto fue as\u00ed que en 2015 Sara la cedi\u00f3 los derechos del d\u00eda de su celebraci\u00f3n a Ferrero, la compa\u00f1\u00eda creadora del Nutella.<\/p>\n\n\n\n<figure class=\"wp-block-image\"><img loading=\"lazy\" decoding=\"async\" width=\"1024\" height=\"683\" src=\"https:\/\/www.jotaposta.com.ar\/wp-content\/uploads\/2021\/02\/nutelladia-1024x683.jpg\" alt=\"\" class=\"wp-image-7690\" srcset=\"https:\/\/jotaposta.com.ar\/jposta\/wp-content\/uploads\/2021\/02\/nutelladia-1024x683.jpg 1024w, https:\/\/jotaposta.com.ar\/jposta\/wp-content\/uploads\/2021\/02\/nutelladia-300x200.jpg 300w, https:\/\/jotaposta.com.ar\/jposta\/wp-content\/uploads\/2021\/02\/nutelladia-768x512.jpg 768w, https:\/\/jotaposta.com.ar\/jposta\/wp-content\/uploads\/2021\/02\/nutelladia.jpg 1500w\" sizes=\"auto, (max-width: 1024px) 100vw, 1024px\" \/><\/figure>\n\n\n\n<h2 class=\"wp-block-heading\">Un poco de historia<\/h2>\n\n\n\n<p class=\"wp-block-paragraph\">Nutella naci\u00f3 en la regi\u00f3n del Piemonte, m\u00e1s precisamente en Alba, una localidad especializada en la producci\u00f3n de avellanas. El primero en conjugar su crema y chocolate, fue Pietro Ferrero, quien en 1951 sac\u00f3 a la venta el primer envase de la pasta, llamada por entonces `Supercrema\u00b4.<\/p>\n\n\n\n<p class=\"wp-block-paragraph\">En 1963, Michele, hijo de Pierto Ferrero, decidi\u00f3 cambiar la composici\u00f3n y nombre, para que sea un \u00e9xito en toda Europa. 56 a\u00f1os despu\u00e9s, Nutella es una marca conocida mundialmente, con una producci\u00f3n de 400 mil toneladas anuales.<\/p>\n","protected":false},"excerpt":{"rendered":"<p>\u00bfPorqu\u00e9 se celebra hoy el &#8220;D\u00eda Mundial de la Nutella&#8221;? La historia dice que el primer frasco de Nutella sali\u00f3 de la l\u00ednea de producci\u00f3n el 20 de abril de 1964. Sin embargo, cada 5 de febrero se celebra el \u00abWorld Nuetalla Day\u00bb, o el D\u00eda Mundial del Nutella. El nacimiento de este festejo tiene &hellip;<\/p>\n","protected":false},"author":1,"featured_media":7690,"comment_status":"open","ping_status":"open","sticky":false,"template":"","format":"standard","meta":{"pagelayer_contact_templates":[],"_pagelayer_content":"","iawp_total_views":5,"footnotes":""},"categories":[6],"tags":[],"class_list":["post-7689","post","type-post","status-publish","format-standard","has-post-thumbnail","hentry","category-jp-apostillas"],"_links":{"self":[{"href":"https:\/\/jotaposta.com.ar\/jposta\/wp-json\/wp\/v2\/posts\/7689","targetHints":{"allow":["GET"]}}],"collection":[{"href":"https:\/\/jotaposta.com.ar\/jposta\/wp-json\/wp\/v2\/posts"}],"about":[{"href":"https:\/\/jotaposta.com.ar\/jposta\/wp-json\/wp\/v2\/types\/post"}],"author":[{"embeddable":true,"href":"https:\/\/jotaposta.com.ar\/jposta\/wp-json\/wp\/v2\/users\/1"}],"replies":[{"embeddable":true,"href":"https:\/\/jotaposta.com.ar\/jposta\/wp-json\/wp\/v2\/comments?post=7689"}],"version-history":[{"count":0,"href":"https:\/\/jotaposta.com.ar\/jposta\/wp-json\/wp\/v2\/posts\/7689\/revisions"}],"wp:featuredmedia":[{"embeddable":true,"href":"https:\/\/jotaposta.com.ar\/jposta\/wp-json\/wp\/v2\/media\/7690"}],"wp:attachment":[{"href":"https:\/\/jotaposta.com.ar\/jposta\/wp-json\/wp\/v2\/media?parent=7689"}],"wp:term":[{"taxonomy":"category","embeddable":true,"href":"https:\/\/jotaposta.com.ar\/jposta\/wp-json\/wp\/v2\/categories?post=7689"},{"taxonomy":"post_tag","embeddable":true,"href":"https:\/\/jotaposta.com.ar\/jposta\/wp-json\/wp\/v2\/tags?post=7689"}],"curies":[{"name":"wp","href":"https:\/\/api.w.org\/{rel}","templated":true}]}}