{"id":7536,"date":"2020-10-27T12:05:41","date_gmt":"2020-10-27T15:05:41","guid":{"rendered":"https:\/\/www.jotaposta.com.ar\/?p=7536"},"modified":"2020-10-27T12:05:41","modified_gmt":"2020-10-27T15:05:41","slug":"verano-app-obligatoria-y-hospitales-modulares","status":"publish","type":"post","link":"https:\/\/jotaposta.com.ar\/jposta\/2020\/10\/27\/verano-app-obligatoria-y-hospitales-modulares\/","title":{"rendered":"Verano: App obligatoria y hospitales modulares"},"content":{"rendered":"\n<p class=\"wp-block-paragraph\"><strong>El Gobierno confirm\u00f3 que en la provincia de Buenos Aires ser\u00e1 obligatorio el uso de la aplicaci\u00f3n m\u00f3vil \u201cCuidar verano\u201d para poder viajar a centros tur\u00edsticos durante la temporada de verano, que incluir\u00e1 una declaraci\u00f3n jurada.<\/strong><\/p>\n\n\n\n<p class=\"wp-block-paragraph\">Desde la aplicaci\u00f3n adem\u00e1s se podr\u00e1n tramitar los permisos de circulaci\u00f3n correspondientes ante el municipio al que quisieran ir.<\/p>\n\n\n\n<p class=\"wp-block-paragraph\"><strong><em>\u201cArmamos una serie de reglas que son rigurosas y concretas, los protocolos son tediosos pero son necesarios\u201d, sostuvo el gobernador Axel Kicillof.<\/em><\/strong><\/p>\n\n\n\n<p class=\"wp-block-paragraph\">Adem\u00e1s se inform\u00f3 que instalar\u00e1n 18 hospitales modulares en los principales centros tur\u00edsticos del pa\u00eds, con el objetivo de evitar situaciones de estr\u00e9s, tensi\u00f3n y colapso de los hospitales regionales y provinciales ante el inicio de la temporada de verano 2020-2021.<\/p>\n\n\n\n<p class=\"wp-block-paragraph\">Las construcciones fueron anunciadas por los ministros de Turismo y Deportes, Mat\u00edas Lammens, y de Obras P\u00fablicas, Gabriel Katopodis.<\/p>\n\n\n\n<p class=\"wp-block-paragraph\"><em>\u201cLa decisi\u00f3n es para que no desborte el sistema sanitario\u201d,<\/em>&nbsp;sostuvo Lammens, que detall\u00f3 que se desplegar\u00e1n operativos del plan Detectar en las ciudades tur\u00edsticas.<\/p>\n","protected":false},"excerpt":{"rendered":"<p>El Gobierno confirm\u00f3 que en la provincia de Buenos Aires ser\u00e1 obligatorio el uso de la aplicaci\u00f3n m\u00f3vil \u201cCuidar verano\u201d para poder viajar a centros tur\u00edsticos durante la temporada de verano, que incluir\u00e1 una declaraci\u00f3n jurada. Desde la aplicaci\u00f3n adem\u00e1s se podr\u00e1n tramitar los permisos de circulaci\u00f3n correspondientes ante el municipio al que quisieran ir. &hellip;<\/p>\n","protected":false},"author":1,"featured_media":7537,"comment_status":"open","ping_status":"open","sticky":false,"template":"","format":"standard","meta":{"pagelayer_contact_templates":[],"_pagelayer_content":"","iawp_total_views":6,"footnotes":""},"categories":[12],"tags":[],"class_list":["post-7536","post","type-post","status-publish","format-standard","has-post-thumbnail","hentry","category-coronavirus-covid-19"],"_links":{"self":[{"href":"https:\/\/jotaposta.com.ar\/jposta\/wp-json\/wp\/v2\/posts\/7536","targetHints":{"allow":["GET"]}}],"collection":[{"href":"https:\/\/jotaposta.com.ar\/jposta\/wp-json\/wp\/v2\/posts"}],"about":[{"href":"https:\/\/jotaposta.com.ar\/jposta\/wp-json\/wp\/v2\/types\/post"}],"author":[{"embeddable":true,"href":"https:\/\/jotaposta.com.ar\/jposta\/wp-json\/wp\/v2\/users\/1"}],"replies":[{"embeddable":true,"href":"https:\/\/jotaposta.com.ar\/jposta\/wp-json\/wp\/v2\/comments?post=7536"}],"version-history":[{"count":0,"href":"https:\/\/jotaposta.com.ar\/jposta\/wp-json\/wp\/v2\/posts\/7536\/revisions"}],"wp:featuredmedia":[{"embeddable":true,"href":"https:\/\/jotaposta.com.ar\/jposta\/wp-json\/wp\/v2\/media\/7537"}],"wp:attachment":[{"href":"https:\/\/jotaposta.com.ar\/jposta\/wp-json\/wp\/v2\/media?parent=7536"}],"wp:term":[{"taxonomy":"category","embeddable":true,"href":"https:\/\/jotaposta.com.ar\/jposta\/wp-json\/wp\/v2\/categories?post=7536"},{"taxonomy":"post_tag","embeddable":true,"href":"https:\/\/jotaposta.com.ar\/jposta\/wp-json\/wp\/v2\/tags?post=7536"}],"curies":[{"name":"wp","href":"https:\/\/api.w.org\/{rel}","templated":true}]}}