{"id":7478,"date":"2020-10-16T09:43:17","date_gmt":"2020-10-16T12:43:17","guid":{"rendered":"https:\/\/www.jotaposta.com.ar\/?p=7478"},"modified":"2020-10-16T09:43:17","modified_gmt":"2020-10-16T12:43:17","slug":"los-detalles-del-dnu-que-habilita-los-vuelos-de-cabotaje","status":"publish","type":"post","link":"https:\/\/jotaposta.com.ar\/jposta\/2020\/10\/16\/los-detalles-del-dnu-que-habilita-los-vuelos-de-cabotaje\/","title":{"rendered":"Los detalles del DNU que habilita los vuelos de cabotaje"},"content":{"rendered":"\n<p class=\"wp-block-paragraph\"><strong>Esta semana, tras m\u00e1s de medio a\u00f1o inactivo producto de la Pandemia, el Gobierno Nacional dio luz verde al regreso de los vuelos de cabotaje, cuyos pasajeros deber\u00e1n contar con el certificado de circulaci\u00f3n.<\/strong><\/p>\n\n\n\n<p class=\"wp-block-paragraph\">En un acto conjunto entre los ministros de Transporte, Mario Meoni, y de Turismo y Deportes, Mat\u00edas Lammens se adelant\u00f3 que <em>\u201cnaturalmente no va a ser una cobertura total de inmediato\u201d<\/em>.<\/p>\n\n\n\n<p class=\"wp-block-paragraph\"><strong>La resoluci\u00f3n 221\/2020 fue publicada en el Bolet\u00edn Oficial la Resoluci\u00f3n y en #JotaPosta te contamos en detalle de que trata el DNU.<\/strong><\/p>\n\n\n\n<p class=\"wp-block-paragraph\">En&nbsp; lugar <em>\u201cEstablece que, en la reanudaci\u00f3n de los servicios de transporte a\u00e9reo de cabotaje comercial y aviaci\u00f3n general, los operadores de los servicios de transporte correspondientes deber\u00e1n contar con procedimientos y protocolos elaborados de conformidad con los lineamientos y recomendaciones del Ministerio de Salud, cuya implementaci\u00f3n ser\u00e1 fiscalizada por la Administraci\u00f3n Nacional de Aviaci\u00f3n Civ\u00edl (ANAC)\u201d.<\/em><\/p>\n\n\n\n<p class=\"wp-block-paragraph\">Por consiguiente ser\u00e1 la ANAC la encargada de aprobar las programaciones horarias de las operaciones de los servicios de transporte a\u00e9reo de cabotaje comercial, con la conformidad de los gobernadores de acuerdo a la situaci\u00f3n epidemiol\u00f3gica que presente cada provincia.<\/p>\n\n\n\n<blockquote class=\"wp-block-quote is-layout-flow wp-block-quote-is-layout-flow\"><p><strong>Por su parte se determina que los pasajeros deber\u00e1n contar con el Certificado \u00danico Habilitante para Circulaci\u00f3n &#8211; Emergencia COVID-19 -que se puede obtener mediante la App Cuidar- \u201cy\/o el instrumento sustitutivo o complementario que la normativa vigente requiera\u201d.<\/strong><\/p><\/blockquote>\n\n\n\n<p class=\"wp-block-paragraph\">A su vez los operadores de los servicios de transporte <em>\u201cest\u00e1n obligados a extremar activamente los recaudos para prevenir la propagaci\u00f3n del coronavirus en cumplimiento del conjunto de medidas y recomendaciones necesarias para brindar a las usuarias y usuarios y a las trabajadoras y trabajadores de la actividad las mejores condiciones de salubridad\u201d.<\/em><\/p>\n\n\n\n<p class=\"wp-block-paragraph\">Entre los considerandos de la resoluci\u00f3n el Gobierno hizo hincapi\u00e9 en que <em>\u201clos servicios de transporte de pasajeros a\u00e9reo de cabotaje son estrat\u00e9gicos para el desarrollo de las econom\u00edas regionales de pa\u00eds y complementarias de las dem\u00e1s actividades productivas del pa\u00eds y su reactivaci\u00f3n es medular para iniciar la progresiva y paulatina normalizaci\u00f3n\u201d.<\/em><\/p>\n\n\n\n<p class=\"wp-block-paragraph\">A comienzos de esta semana, las aerol\u00edneas que operan en el mercado interno \u2013Aerol\u00edneas Argentinas, Flybondi y Jetsmart\u2013 reprogramaron el reinicio de sus vuelos regulares a partir del lunes 19 de octubre, seg\u00fan confirmaron a Infobae. En esa fecha, se cumplir\u00e1n siete meses desde la suspensi\u00f3n de las operaciones regulares.<\/p>\n\n\n\n<p class=\"wp-block-paragraph\">En la oficializaci\u00f3n de la medida que se realiz\u00f3 hoy, el Ministerio de Transporte hizo referencia al tiempo de cuarentena al que fue sometido el servicio de aviaci\u00f3n. <em>\u201cEl per\u00edodo de suspensi\u00f3n transcurrido ha permitido avanzar en la determinaci\u00f3n de pautas claras para el control de salubridad en los servicios de transporte a\u00e9reo de cabotaje, que permitir\u00e1n la implementaci\u00f3n de protocolos sanitarios dise\u00f1ados para tales servicios\u201d.<\/em><\/p>\n","protected":false},"excerpt":{"rendered":"<p>Esta semana, tras m\u00e1s de medio a\u00f1o inactivo producto de la Pandemia, el Gobierno Nacional dio luz verde al regreso de los vuelos de cabotaje, cuyos pasajeros deber\u00e1n contar con el certificado de circulaci\u00f3n. En un acto conjunto entre los ministros de Transporte, Mario Meoni, y de Turismo y Deportes, Mat\u00edas Lammens se adelant\u00f3 que &hellip;<\/p>\n","protected":false},"author":1,"featured_media":7479,"comment_status":"open","ping_status":"open","sticky":false,"template":"","format":"standard","meta":{"pagelayer_contact_templates":[],"_pagelayer_content":"","iawp_total_views":5,"footnotes":""},"categories":[12],"tags":[],"class_list":["post-7478","post","type-post","status-publish","format-standard","has-post-thumbnail","hentry","category-coronavirus-covid-19"],"_links":{"self":[{"href":"https:\/\/jotaposta.com.ar\/jposta\/wp-json\/wp\/v2\/posts\/7478","targetHints":{"allow":["GET"]}}],"collection":[{"href":"https:\/\/jotaposta.com.ar\/jposta\/wp-json\/wp\/v2\/posts"}],"about":[{"href":"https:\/\/jotaposta.com.ar\/jposta\/wp-json\/wp\/v2\/types\/post"}],"author":[{"embeddable":true,"href":"https:\/\/jotaposta.com.ar\/jposta\/wp-json\/wp\/v2\/users\/1"}],"replies":[{"embeddable":true,"href":"https:\/\/jotaposta.com.ar\/jposta\/wp-json\/wp\/v2\/comments?post=7478"}],"version-history":[{"count":0,"href":"https:\/\/jotaposta.com.ar\/jposta\/wp-json\/wp\/v2\/posts\/7478\/revisions"}],"wp:featuredmedia":[{"embeddable":true,"href":"https:\/\/jotaposta.com.ar\/jposta\/wp-json\/wp\/v2\/media\/7479"}],"wp:attachment":[{"href":"https:\/\/jotaposta.com.ar\/jposta\/wp-json\/wp\/v2\/media?parent=7478"}],"wp:term":[{"taxonomy":"category","embeddable":true,"href":"https:\/\/jotaposta.com.ar\/jposta\/wp-json\/wp\/v2\/categories?post=7478"},{"taxonomy":"post_tag","embeddable":true,"href":"https:\/\/jotaposta.com.ar\/jposta\/wp-json\/wp\/v2\/tags?post=7478"}],"curies":[{"name":"wp","href":"https:\/\/api.w.org\/{rel}","templated":true}]}}