{"id":7455,"date":"2020-10-09T10:15:01","date_gmt":"2020-10-09T13:15:01","guid":{"rendered":"https:\/\/www.jotaposta.com.ar\/?p=7455"},"modified":"2020-10-09T10:15:01","modified_gmt":"2020-10-09T13:15:01","slug":"cruce-entre-cristina-fernandez-y-la-oposicion-por-el-numero-de-senadores-presentes-en-el-recinto","status":"publish","type":"post","link":"https:\/\/jotaposta.com.ar\/jposta\/2020\/10\/09\/cruce-entre-cristina-fernandez-y-la-oposicion-por-el-numero-de-senadores-presentes-en-el-recinto\/","title":{"rendered":"Cruce entre Cristina Fern\u00e1ndez y la oposici\u00f3n por el n\u00famero de Senadores presentes en el recinto"},"content":{"rendered":"\n<p><strong>Sobre el final de la Sesi\u00f3n y ante la intervenci\u00f3n de la Senadora Mar\u00eda de los Angeles Sacnun, por Santa Fe,  tuvo lugar un ida y vuelta verbal entre la vicepresidenta de la Naci\u00f3n, Cristina Fern\u00e1ndez y la oposici\u00f3n.<\/strong><\/p>\n\n\n\n<p>Todo comenz\u00f3 cuando Sacnun consult\u00f3, antes de realizar su exposici\u00f3n, cuantos legisladores opositores estaban presente en el recinto, a lo que la presidenta del Senado respondi\u00f3 <em>\u201cuno solo\u201d<\/em>. Dato que era cierto, puesto que presencialmente no estaba m\u00e1s que el Senador Julio Mart\u00ednez, representante de La Rioja.<\/p>\n\n\n\n<p>Acto seguido los restantes Senadores que forman parte del bloque opositor abrieron el micr\u00f3fono para asegurar que <em>\u201cellos tambi\u00e9n estaban presente\u201d.<\/em> Sin dudar CFK respondi\u00f3 que la consulta era <em>\u201cEn el Recinto y no de manera virtual\u201d.<\/em><\/p>\n\n\n\n<p>Lejos de terminar all\u00ed la disputa dial\u00e9ctica continuo con la intervenci\u00f3n del propio Mart\u00ednez que solicit\u00f3 <em>\u201cevitar las chicanas y explicar que varios Senadores no est\u00e1n presente por una cuesti\u00f3n t\u00e9cnica, dado que no pueden votar, como el caso del Senador Bullrich estuvo sentado y se tuvo que ir porque no ten\u00eda como votar. No puede venir nadie porque hay un problema de sistemas de la casa y no por voluntad\u201d.<\/em><\/p>\n\n\n\n<figure class=\"wp-block-embed-youtube wp-block-embed is-type-video is-provider-youtube wp-embed-aspect-16-9 wp-has-aspect-ratio\"><div class=\"wp-block-embed__wrapper\">\n<iframe loading=\"lazy\" title=\"Dur\u00edsimo cruce de Cristina a los senadores macristas Bullrich y Martinez\" width=\"500\" height=\"281\" src=\"https:\/\/www.youtube.com\/embed\/Y7oOy8e9ykI?feature=oembed\" frameborder=\"0\" allow=\"accelerometer; autoplay; clipboard-write; encrypted-media; gyroscope; picture-in-picture; web-share\" referrerpolicy=\"strict-origin-when-cross-origin\" allowfullscreen><\/iframe>\n<\/div><\/figure>\n\n\n\n<p>Cristina Fern\u00e1ndez cerr\u00f3 el tema <em>\u201cdejando constancia taquigr\u00e1fica\u201d<\/em> espet\u00f3<em> que \u201clos Senadores que no est\u00e1n en el recinto no tienen ning\u00fan problema en votar, porque se les dio la posibilidad de hacerlo a \u201cviva voz\u201d, ac\u00e1 en el recinto hay un solo Senador y es porque el resto ha decidido no estar, pero no hay ning\u00fan inconveniente de car\u00e1cter t\u00e9cnico para que est\u00e9n ausente\u201d<\/em> sentenci\u00f3.<\/p>\n\n\n\n<p>Cuando todo parec\u00eda terminado, apareci\u00f3 el Senador Esteban Bullrich, quien pidi\u00f3 la palabra y explic\u00f3 que <em>\u201cme fui al despacho porque desde all\u00ed pod\u00eda votar, lo hice sin hacer ninguna &#8220;araca&#8221;, sin decir nada. Solo me levante y me fui. Escucho las chicanas de los Senadores oficialistas y me digo que la verdad no es necesario, no tiene sentido. Yo creo s\u00ed creo que deber sesionar desde ac\u00e1 como tambi\u00e9n creo que deber\u00edan volver los chicos a las escuelas\u201d<\/em> asever\u00f3 y sentenci\u00f3 <strong><em>\u201cbuscan el esc\u00e1ndalo, ac\u00e1 est\u00e1 el esc\u00e1ndalo\u201d.<\/em><\/strong><\/p>\n","protected":false},"excerpt":{"rendered":"<p>Sobre el final de la Sesi\u00f3n y ante la intervenci\u00f3n de la Senadora Mar\u00eda de los Angeles Sacnun, por Santa Fe, tuvo lugar un ida y vuelta verbal entre la vicepresidenta de la Naci\u00f3n, Cristina Fern\u00e1ndez y la oposici\u00f3n. Todo comenz\u00f3 cuando Sacnun consult\u00f3, antes de realizar su exposici\u00f3n, cuantos legisladores opositores estaban presente en &hellip;<\/p>\n","protected":false},"author":1,"featured_media":5959,"comment_status":"open","ping_status":"open","sticky":false,"template":"","format":"standard","meta":{"pagelayer_contact_templates":[],"_pagelayer_content":"","iawp_total_views":0,"footnotes":""},"categories":[17],"tags":[],"class_list":["post-7455","post","type-post","status-publish","format-standard","has-post-thumbnail","hentry","category-es-viral"],"_links":{"self":[{"href":"https:\/\/jotaposta.com.ar\/jposta\/wp-json\/wp\/v2\/posts\/7455","targetHints":{"allow":["GET"]}}],"collection":[{"href":"https:\/\/jotaposta.com.ar\/jposta\/wp-json\/wp\/v2\/posts"}],"about":[{"href":"https:\/\/jotaposta.com.ar\/jposta\/wp-json\/wp\/v2\/types\/post"}],"author":[{"embeddable":true,"href":"https:\/\/jotaposta.com.ar\/jposta\/wp-json\/wp\/v2\/users\/1"}],"replies":[{"embeddable":true,"href":"https:\/\/jotaposta.com.ar\/jposta\/wp-json\/wp\/v2\/comments?post=7455"}],"version-history":[{"count":0,"href":"https:\/\/jotaposta.com.ar\/jposta\/wp-json\/wp\/v2\/posts\/7455\/revisions"}],"wp:featuredmedia":[{"embeddable":true,"href":"https:\/\/jotaposta.com.ar\/jposta\/wp-json\/wp\/v2\/media\/5959"}],"wp:attachment":[{"href":"https:\/\/jotaposta.com.ar\/jposta\/wp-json\/wp\/v2\/media?parent=7455"}],"wp:term":[{"taxonomy":"category","embeddable":true,"href":"https:\/\/jotaposta.com.ar\/jposta\/wp-json\/wp\/v2\/categories?post=7455"},{"taxonomy":"post_tag","embeddable":true,"href":"https:\/\/jotaposta.com.ar\/jposta\/wp-json\/wp\/v2\/tags?post=7455"}],"curies":[{"name":"wp","href":"https:\/\/api.w.org\/{rel}","templated":true}]}}