{"id":7335,"date":"2020-09-18T21:40:29","date_gmt":"2020-09-19T00:40:29","guid":{"rendered":"https:\/\/www.jotaposta.com.ar\/?p=7335"},"modified":"2020-09-18T21:40:29","modified_gmt":"2020-09-19T00:40:29","slug":"caba-habilitan-terrazas-y-espacios-libres-en-rubro-gastronomia","status":"publish","type":"post","link":"https:\/\/jotaposta.com.ar\/jposta\/2020\/09\/18\/caba-habilitan-terrazas-y-espacios-libres-en-rubro-gastronomia\/","title":{"rendered":"CABA: Habilitan terrazas y espacios libres en rubro gastronom\u00eda"},"content":{"rendered":"\n<p class=\"wp-block-paragraph\"><strong>El Gobierno porte\u00f1o buscar\u00e1 para la pr\u00f3xima etapa del aislamiento por el coronavirus poner en marcha el plan de regreso a clases en espacios abiertos como plazas, lo que est\u00e1 supeditado a la autorizaci\u00f3n de la Naci\u00f3n, mientras que prev\u00e9 la apertura de los patios y terrazas de los locales gastron\u00f3micos, habilitar las obras de construcci\u00f3n de m\u00e1s de 5.000 metros cuadrados y las celebraciones religiosas de hasta 20 personas.<\/strong><\/p>\n\n\n\n<p class=\"wp-block-paragraph\">As\u00ed lo anunci\u00f3 esta tarde en una conferencia de prensa el jefe de Gobierno porte\u00f1o, Horacio Rodr\u00edguez Larreta, luego del mensaje difundido por Presidencia a trav\u00e9s de redes sociales en el que se inform\u00f3 sobre la extensi\u00f3n de la cuarentena hasta el 11 de octubre.<\/p>\n\n\n\n<figure class=\"wp-block-embed-youtube wp-block-embed is-type-video is-provider-youtube wp-embed-aspect-16-9 wp-has-aspect-ratio\"><div class=\"wp-block-embed__wrapper\">\n<iframe loading=\"lazy\" title=\"[EN VIVO] Horacio Rodr\u00edguez Larreta y el equipo detallan c\u00f3mo seguimos en la Ciudad.\" width=\"500\" height=\"281\" src=\"https:\/\/www.youtube.com\/embed\/pgwp4GDm9-Y?feature=oembed\" frameborder=\"0\" allow=\"accelerometer; autoplay; clipboard-write; encrypted-media; gyroscope; picture-in-picture; web-share\" referrerpolicy=\"strict-origin-when-cross-origin\" allowfullscreen><\/iframe>\n<\/div><\/figure>\n\n\n\n<p class=\"wp-block-paragraph\"><em>&#8220;Valoro el di\u00e1logo y el consenso. Hace seis meses dije que para enfrentar la pandemia tenemos que trabajar en coordinaci\u00f3n con el Gobierno nacional y con el de la provincia y vamos a seguir trabajando de esa forma. Una cosa no tiene que ver con la otra&#8221;,<\/em> asegur\u00f3 Larreta al ser consultado por la relaci\u00f3n con el presidente Alberto Fern\u00e1ndez tras el decreto que redirigi\u00f3 los fondos de coparticipaci\u00f3n que recib\u00eda la Ciudad.<\/p>\n\n\n\n<p class=\"wp-block-paragraph\">El jefe de Gobierno porte\u00f1o precis\u00f3 que ayer, durante la reuni\u00f3n que mantuvo en la Quinta de Olivos con el Presidente y el gobernador bonaerense, Axel Kicillof, se trataron &#8220;los temas relacionados con la pandemia&#8221; durante la que cada uno realiz\u00f3 &#8220;las propuestas para sumar&#8221; en cada distrito.<\/p>\n\n\n\n<p class=\"wp-block-paragraph\">En ese marco, destac\u00f3 como &#8220;pr\u00f3ximo paso&#8221; la posibilidad de aplicar el plan para la &#8220;vuelta gradual&#8221; a clases en los espacios p\u00fablicos, el que est\u00e1 enfocado en tres grupos de alumnos: unos 6.500 que perdieron todo tipo de v\u00ednculo con la escuela, los de primer grado de la primaria y los del \u00faltimo a\u00f1o del nivel medio, y por \u00faltimo los que cursan capacitaci\u00f3n en oficios y que requieren de una instancia de examen.<\/p>\n\n\n\n<p class=\"wp-block-paragraph\"><em>&#8220;Obviamente, somos conscientes que no est\u00e1n dadas las condiciones sanitarias para volver a las clases como eran antes, pero tambi\u00e9n sabemos que, de una manera muy cuidada, hay que ir retomando el v\u00ednculo de los chicos con la escuela con alg\u00fan grado de presencialidad&#8221;,<\/em> dijo Larreta.<\/p>\n\n\n\n<p class=\"wp-block-paragraph\">Para ello, anticip\u00f3 que el lunes habr\u00e1 una reuni\u00f3n entre los ministros nacionales y porte\u00f1os de Salud y Educaci\u00f3n para analizar la propuesta y sostuvo que &#8220;seguramente, en base al di\u00e1logo y al consenso nos vamos a poner de acuerdo&#8221; para lograr la autorizaci\u00f3n por parte de la Naci\u00f3n.<\/p>\n\n\n\n<h2 class=\"wp-block-heading\"><strong>Otras flexibilizaciones<\/strong><\/h2>\n\n\n\n<p class=\"wp-block-paragraph\">Por otro lado, la Ciudad avanzar\u00e1, desde el lunes, en dos nuevas flexibilizaciones en torno a los locales gastron\u00f3micos: por un lado se recibir\u00e1n nuevos pedidos de parte de los comercios que no ten\u00edan los permisos para poner mesas y sillas en las veredas, en tanto que se habilitar\u00e1n los patios y las terrazas que hasta ahora estaban impedidos de utilizar para la atenci\u00f3n de los comensales.<\/p>\n\n\n\n<div class=\"wp-block-image\"><figure class=\"aligncenter\"><img decoding=\"async\" src=\"https:\/\/www.cincodias.com.ar\/wp-content\/uploads\/2020\/08\/bares-caba-sillas.jpg\" alt=\"\" class=\"wp-image-10382\"\/><\/figure><\/div>\n\n\n\n<p class=\"wp-block-paragraph\">Se habilitar\u00e1n las obras de construcci\u00f3n del sector privado menores a 90 d\u00edas de finalizaci\u00f3n y las mayores a 5.000 metros cuadrados, en donde se podr\u00e1 trabajar en el horario de 10 a 19 de lunes a viernes, garantizando la distancia entre personas de al menos 1,5 metro y con el uso de tapabocas en todo momento.<\/p>\n\n\n\n<p class=\"wp-block-paragraph\">Respecto de las celebraciones lit\u00fargicas quedar\u00e1n habilitadas con un m\u00e1ximo de 20 asistentes siempre que se cumpla con una ocupaci\u00f3n de una persona cada 15 metros cuadrados en templos y establecimientos destinados a actividades religiosas.<\/p>\n\n\n\n<p class=\"wp-block-paragraph\">Por \u00faltimo, quedar\u00e1 tambi\u00e9n aprobada la apertura de centros de rehabilitaci\u00f3n para el tratamiento ambulatorio para personas con discapacidad, seg\u00fan protocolo espec\u00edfico, as\u00ed como la atenci\u00f3n m\u00e9dica no urgente en consultorios m\u00e9dicos.<\/p>\n","protected":false},"excerpt":{"rendered":"<p>El Gobierno porte\u00f1o buscar\u00e1 para la pr\u00f3xima etapa del aislamiento por el coronavirus poner en marcha el plan de regreso a clases en espacios abiertos como plazas, lo que est\u00e1 supeditado a la autorizaci\u00f3n de la Naci\u00f3n, mientras que prev\u00e9 la apertura de los patios y terrazas de los locales gastron\u00f3micos, habilitar las obras de &hellip;<\/p>\n","protected":false},"author":1,"featured_media":7336,"comment_status":"open","ping_status":"open","sticky":false,"template":"","format":"standard","meta":{"pagelayer_contact_templates":[],"_pagelayer_content":"","iawp_total_views":7,"footnotes":""},"categories":[12],"tags":[],"class_list":["post-7335","post","type-post","status-publish","format-standard","has-post-thumbnail","hentry","category-coronavirus-covid-19"],"_links":{"self":[{"href":"https:\/\/jotaposta.com.ar\/jposta\/wp-json\/wp\/v2\/posts\/7335","targetHints":{"allow":["GET"]}}],"collection":[{"href":"https:\/\/jotaposta.com.ar\/jposta\/wp-json\/wp\/v2\/posts"}],"about":[{"href":"https:\/\/jotaposta.com.ar\/jposta\/wp-json\/wp\/v2\/types\/post"}],"author":[{"embeddable":true,"href":"https:\/\/jotaposta.com.ar\/jposta\/wp-json\/wp\/v2\/users\/1"}],"replies":[{"embeddable":true,"href":"https:\/\/jotaposta.com.ar\/jposta\/wp-json\/wp\/v2\/comments?post=7335"}],"version-history":[{"count":0,"href":"https:\/\/jotaposta.com.ar\/jposta\/wp-json\/wp\/v2\/posts\/7335\/revisions"}],"wp:featuredmedia":[{"embeddable":true,"href":"https:\/\/jotaposta.com.ar\/jposta\/wp-json\/wp\/v2\/media\/7336"}],"wp:attachment":[{"href":"https:\/\/jotaposta.com.ar\/jposta\/wp-json\/wp\/v2\/media?parent=7335"}],"wp:term":[{"taxonomy":"category","embeddable":true,"href":"https:\/\/jotaposta.com.ar\/jposta\/wp-json\/wp\/v2\/categories?post=7335"},{"taxonomy":"post_tag","embeddable":true,"href":"https:\/\/jotaposta.com.ar\/jposta\/wp-json\/wp\/v2\/tags?post=7335"}],"curies":[{"name":"wp","href":"https:\/\/api.w.org\/{rel}","templated":true}]}}