{"id":7326,"date":"2020-09-19T07:33:58","date_gmt":"2020-09-19T10:33:58","guid":{"rendered":"https:\/\/www.jotaposta.com.ar\/?p=7326"},"modified":"2026-05-18T12:31:16","modified_gmt":"2026-05-18T12:31:16","slug":"hoy-la-historia-detras-de-la-cupula","status":"publish","type":"post","link":"https:\/\/jotaposta.com.ar\/jposta\/2020\/09\/19\/hoy-la-historia-detras-de-la-cupula\/","title":{"rendered":"Hoy: La Historia detr\u00e1s de la C\u00fapula"},"content":{"rendered":"\n<p class=\"wp-block-paragraph\"><strong><em>#InformeEspecial en colaboraci\u00f3n con #NCN<\/em><\/strong><\/p>\n\n\n\n<p class=\"wp-block-paragraph\"><strong>Hablar de la famosa c\u00fapula que corona el edificio, nos remonta a 1889, por entonces la crisis no hab\u00eda llegado y el presidente era a\u00fan Ju\u00e1rez Celman, fue el quien envi\u00f3 al Congreso de la Naci\u00f3n un proyecto de ley que propon\u00eda como locaci\u00f3n para un nuevo Palacio Legislativo la manzana comprendida por la calles Entre R\u00edos, Combate de los Pozos, Victoria (hoy Yrigoyen) y Rivadavia, frente a la necesidad de asignar al Poder Legislativo una sede definitiva.<\/strong><\/p>\n\n\n\n<div class=\"wp-block-image\"><figure class=\"alignleft\"><a href=\"https:\/\/www.ncn.com.ar\/wp-content\/uploads\/2020\/09\/cupula2.jpg\"><img decoding=\"async\" src=\"https:\/\/www.ncn.com.ar\/wp-content\/uploads\/2020\/09\/cupula2.jpg\" alt=\"\" class=\"wp-image-88450\"\/><\/a><\/figure><\/div>\n\n\n\n<p class=\"wp-block-paragraph\">La elecci\u00f3n del lugar implicaba delinear un eje c\u00edvico en torno a la Avenida de Mayo, en cuyos extremos se situar\u00edan la Casa de Gobierno y el Cabildo hist\u00f3rico, por un lado, y el Congreso Nacional, por el otro.<\/p>\n\n\n\n<p class=\"wp-block-paragraph\">El edificio se construy\u00f3 luego de un concurso internacional de proyectos realizado en 1895, que fue ganado por el arquitecto italiano V\u00edctor Meano.  Se inaugur\u00f3 en 1906, pero no se terminar\u00eda hasta 40 a\u00f1os m\u00e1s tarde.<\/p>\n\n\n\n<p class=\"wp-block-paragraph\">\u00c9ste concibi\u00f3 el Palacio con diferentes escalas. La humana, que es la que se representa con el portal de ingreso. Luego la escala del edificio, por eso construye este casquete, para que las personas se encuentren contenidas, en un espacio m\u00e1s controlado.<\/p>\n\n\n\n<figure class=\"wp-block-image\"><a href=\"https:\/\/www.ncn.com.ar\/wp-content\/uploads\/2020\/09\/cupulaportada.jpg\"><img decoding=\"async\" src=\"https:\/\/www.ncn.com.ar\/wp-content\/uploads\/2020\/09\/cupulaportada.jpg\" alt=\"\" class=\"wp-image-88455\"\/><\/a><\/figure>\n\n\n\n<p class=\"wp-block-paragraph\"><strong> Y por \u00faltimo la escala monumental, la escala urbana que est\u00e1 representada en la c\u00fapula verde que vemos todos, acaso su mayor acierto.  Un imponente estructura de ochenta metros de altura, que reforz\u00f3 la monumentalidad del edificio y su valor simb\u00f3lico.<\/strong><\/p>\n\n\n\n<div class=\"wp-block-image\"><figure class=\"aligncenter\"><a href=\"https:\/\/www.ncn.com.ar\/wp-content\/uploads\/2020\/09\/cupula5.jpg\"><img decoding=\"async\" src=\"https:\/\/www.ncn.com.ar\/wp-content\/uploads\/2020\/09\/cupula5.jpg\" alt=\"\" class=\"wp-image-88453\"\/><\/a><\/figure><\/div>\n\n\n\n<p class=\"wp-block-paragraph\">La misma puede verse desde la Avenida de Mayo, en una perspectiva urbana inigualable. Su estructura reticulada de hierro se apoya en un basamento de cuatro p\u00f3rticos y est\u00e1 revestida en cobre que, en contacto con la atm\u00f3sfera, adquiere su color verde caracter\u00edstico.<\/p>\n\n\n\n<p class=\"wp-block-paragraph\">Cuenta con un dise\u00f1o particular e inusual, m\u00e1s bien esbelta y alejada de los domos tradicionales de fines del Siglo XIX,  para que desde la lejan\u00eda causara un fuerte impacto asociado a la perspectiva.<\/p>\n\n\n\n<blockquote class=\"wp-block-quote is-layout-flow wp-block-quote-is-layout-flow\"><p><strong>Su interior est\u00e1 decorada con 24 esculturas que representan los oficios y las artes; tiene 24 ventanas alargadas (que se ven desde afuera); y 140 rosetones gigantes, 24 distribuidos en cinco niveles diferentes.<\/strong><\/p><\/blockquote>\n\n\n\n<p class=\"wp-block-paragraph\">Meano la concibi\u00f3 como el casco de un barco, y a la que se puede subir por una estrecha escalera caracol. Y posee dos balcones, ambos muy finitos e imperceptibles desde la vereda. Uno de ellos se encuentra casi a mano de la base del pararrayos.<\/p>\n\n\n\n<figure class=\"wp-block-image\"><a href=\"https:\/\/www.ncn.com.ar\/wp-content\/uploads\/2020\/09\/cupula6.jpg\"><img decoding=\"async\" src=\"https:\/\/www.ncn.com.ar\/wp-content\/uploads\/2020\/09\/cupula6.jpg\" alt=\"\" class=\"wp-image-88454\"\/><\/a><\/figure>\n\n\n\n<p class=\"wp-block-paragraph\">Desde su interior imposible no apreciar, a sesenta metros de altura, la bell\u00edsima ara\u00f1a de bronce de dos toneladas de peso, sin duda, la m\u00e1s imponente del Palacio.<\/p>\n\n\n\n<p class=\"wp-block-paragraph\">Los historiadores de 1900 han dejado en sus escritos, matices para comprender la haza\u00f1a que requiri\u00f3 semejante obra: <em>\u201cla construcci\u00f3n de la gran c\u00fapula central ha sido un trabajo notable de ingenier\u00eda; s\u00f3lo los cuatro pies o pilares en que reposa tienen una superficie total de trescientos metros cuadrados de granito. Para afianzar esta c\u00fapula y aguantar su enorme gravedad de treinta mil toneladas, ha habido que hacer, excavando en el suelo hasta diez metros m\u00e1s abajo al de la calle, otra c\u00fapula al rev\u00e9s, tambi\u00e9n de piedra, que bajo los pies se ve como un enorme medio huevo, dando v\u00e9rtigo observarlo\u201d.<\/em><\/p>\n\n\n\n<p class=\"wp-block-paragraph\">Desde lo alto, se puede acceder al primer balc\u00f3n externo, embellecido en su circunferencia con cuatro hojas de cobre de gran tama\u00f1o que, a modo de libro abierto, exhiben como sordos y mudos testigos, los orificios dejados por la lluvia de disparos lanzada desde los aviones militares durante la Revoluci\u00f3n de 1955.<\/p>\n\n\n\n<figure class=\"wp-block-embed-youtube wp-block-embed is-type-video is-provider-youtube wp-embed-aspect-16-9 wp-has-aspect-ratio\"><div class=\"wp-block-embed__wrapper\">\n<iframe loading=\"lazy\" title=\"La C\u00fapula del Congreso Nacional Argentino\" width=\"500\" height=\"281\" src=\"https:\/\/www.youtube.com\/embed\/98mMmod0xd8?feature=oembed\" frameborder=\"0\" allow=\"accelerometer; autoplay; clipboard-write; encrypted-media; gyroscope; picture-in-picture; web-share\" referrerpolicy=\"strict-origin-when-cross-origin\" allowfullscreen><\/iframe>\n<\/div><\/figure>\n\n\n\n<p class=\"wp-block-paragraph\">Cerca de ellos, acompa\u00f1an la presencia corpulentos leones alados, que custodian una secuencia infinita de redondeles voluptuosos, que acaso no son otra cosa que unos tremendos ojos de buey, utilizados para iluminar la b\u00f3veda en fechas patrias o en ocasiones especiales.<\/p>\n\n\n\n<div class=\"wp-block-image\"><figure class=\"alignleft\"><a href=\"https:\/\/www.ncn.com.ar\/wp-content\/uploads\/2020\/09\/cupula3.jpg\"><img decoding=\"async\" src=\"https:\/\/www.ncn.com.ar\/wp-content\/uploads\/2020\/09\/cupula3.jpg\" alt=\"\" class=\"wp-image-88452\"\/><\/a><\/figure><\/div>\n\n\n\n<p class=\"wp-block-paragraph\">La c\u00fapula fue uno de los sectores que se reformaron conforme al plan rector arranc\u00f3 en 2012 y su finalizaci\u00f3n est\u00e1 prevista para 2035. Un dato: pese al cambio de gesti\u00f3n en 2015, el proyecto no se discontinu\u00f3, y los especialistas est\u00e1n confiados en que esta pol\u00edtica de revalorizaci\u00f3n sobre el Palacio contin\u00fae. Se realizaron 11 licitaciones p\u00fablicas para llevar a cabo las obras, seis de las cuales ya concluyeron y cinco est\u00e1n en proceso.<\/p>\n\n\n\n<p class=\"wp-block-paragraph\">En las obras que ya se realizaron, se llevan invertidos unos 60 millones de pesos. Algunos de estos trabajos se realizan con personal del Congreso y otros, con especialistas contratados especialmente para ese tipo de trabajo. Todo debajo del paraguas del PRIE: Plan Rector de Intervenciones Edilicias.<\/p>\n\n\n\n<p class=\"wp-block-paragraph\"><em><strong>Para #NCN por Juan Jose Postararo<\/strong><\/em><\/p>\n","protected":false},"excerpt":{"rendered":"<p>#InformeEspecial en colaboraci\u00f3n con #NCN Hablar de la famosa c\u00fapula que corona el edificio, nos remonta a 1889, por entonces la crisis no hab\u00eda llegado y el presidente era a\u00fan Ju\u00e1rez Celman, fue el quien envi\u00f3 al Congreso de la Naci\u00f3n un proyecto de ley que propon\u00eda como locaci\u00f3n para un nuevo Palacio Legislativo la &hellip;<\/p>\n","protected":false},"author":1,"featured_media":7327,"comment_status":"open","ping_status":"open","sticky":false,"template":"","format":"standard","meta":{"pagelayer_contact_templates":[],"_pagelayer_content":"","iawp_total_views":11,"footnotes":""},"categories":[25],"tags":[],"class_list":["post-7326","post","type-post","status-publish","format-standard","has-post-thumbnail","hentry","category-resumen-de-noticias"],"_links":{"self":[{"href":"https:\/\/jotaposta.com.ar\/jposta\/wp-json\/wp\/v2\/posts\/7326","targetHints":{"allow":["GET"]}}],"collection":[{"href":"https:\/\/jotaposta.com.ar\/jposta\/wp-json\/wp\/v2\/posts"}],"about":[{"href":"https:\/\/jotaposta.com.ar\/jposta\/wp-json\/wp\/v2\/types\/post"}],"author":[{"embeddable":true,"href":"https:\/\/jotaposta.com.ar\/jposta\/wp-json\/wp\/v2\/users\/1"}],"replies":[{"embeddable":true,"href":"https:\/\/jotaposta.com.ar\/jposta\/wp-json\/wp\/v2\/comments?post=7326"}],"version-history":[{"count":1,"href":"https:\/\/jotaposta.com.ar\/jposta\/wp-json\/wp\/v2\/posts\/7326\/revisions"}],"predecessor-version":[{"id":13700,"href":"https:\/\/jotaposta.com.ar\/jposta\/wp-json\/wp\/v2\/posts\/7326\/revisions\/13700"}],"wp:featuredmedia":[{"embeddable":true,"href":"https:\/\/jotaposta.com.ar\/jposta\/wp-json\/wp\/v2\/media\/7327"}],"wp:attachment":[{"href":"https:\/\/jotaposta.com.ar\/jposta\/wp-json\/wp\/v2\/media?parent=7326"}],"wp:term":[{"taxonomy":"category","embeddable":true,"href":"https:\/\/jotaposta.com.ar\/jposta\/wp-json\/wp\/v2\/categories?post=7326"},{"taxonomy":"post_tag","embeddable":true,"href":"https:\/\/jotaposta.com.ar\/jposta\/wp-json\/wp\/v2\/tags?post=7326"}],"curies":[{"name":"wp","href":"https:\/\/api.w.org\/{rel}","templated":true}]}}