{"id":7091,"date":"2026-08-16T05:30:00","date_gmt":"2026-08-16T05:30:00","guid":{"rendered":"https:\/\/www.jotaposta.com.ar\/?p=7091"},"modified":"2026-08-16T11:11:42","modified_gmt":"2026-08-16T11:11:42","slug":"entrevista-quien-fue-remedios-de-escalda-la-mujer-que-dejo-todo-por-san-martin","status":"publish","type":"post","link":"https:\/\/jotaposta.com.ar\/jposta\/2026\/08\/16\/entrevista-quien-fue-remedios-de-escalda-la-mujer-que-dejo-todo-por-san-martin\/","title":{"rendered":"Entrevista&#124; \u00bfQuien fue Remedios de Escalda, la mujer que dej\u00f3 todo por San Mart\u00edn?"},"content":{"rendered":"\n<p class=\"wp-block-paragraph\">En este <strong>17 de Agosto<\/strong>, la historia del <strong>General Jos\u00e9 de San Mart\u00edn<\/strong> puede ser contada desde otro lugar. No desde los campos de batalla, los cruces de los Andes o las p\u00e1ginas de los manuales escolares, sino desde los ojos de una joven que dej\u00f3 atr\u00e1s una vida de privilegios para acompa\u00f1ar a un hombre que, en aquel entonces, era apenas un forastero sin fortuna ni estatus. Su nombre era <strong>Remedios de Escalada<\/strong>.<\/p>\n\n\n\n<p class=\"wp-block-paragraph\">Ten\u00eda apenas 14 a\u00f1os cuando conoci\u00f3 a San Mart\u00edn y decidi\u00f3 casarse con \u00e9l, renunciando a una vida de lujos y confort para acompa\u00f1ar el proyecto de quien terminar\u00eda convirti\u00e9ndose en uno de los grandes protagonistas de la independencia americana. Una historia de amor, sacrificios y silencios que muchas veces qued\u00f3 relegada detr\u00e1s de la figura monumental del Libertador. Remedios muri\u00f3 en 1823, con apenas <strong>24 a\u00f1os<\/strong>, lejos de la vida que hab\u00eda imaginado y cuando su esposo ya hab\u00eda entrado para siempre en la historia.<\/p>\n\n\n\n<p class=\"wp-block-paragraph\">Para conocer esa historia desde una perspectiva diferente, <strong>JotaPosta dialog\u00f3 con Adriana Micale<\/strong>, historiadora y docente nacida en Mendoza, profesora por la Universidad del Congreso y mag\u00edster en Historia de las Ideas Pol\u00edticas Argentinas. Con ella nos proponemos recuperar a esa mujer que acompa\u00f1\u00f3 a San Mart\u00edn durante uno de los per\u00edodos m\u00e1s trascendentes de la historia argentina y latinoamericana.<\/p>\n\n\n\n<p class=\"wp-block-paragraph\">Una charla para mirar nuevamente al Libertador, pero esta vez desde la historia \u00edntima de <strong>Remedios de Escalada, \u201cla princesa p\u00e1lida\u201d<\/strong>: una joven que dej\u00f3 mucho m\u00e1s que una vida c\u00f3moda para acompa\u00f1ar a un hombre que todav\u00eda no sab\u00eda que estaba destinado a convertirse en San Mart\u00edn.<\/p>\n\n\n\n<figure class=\"wp-block-embed is-type-video is-provider-youtube wp-block-embed-youtube wp-embed-aspect-16-9 wp-has-aspect-ratio\"><div class=\"wp-block-embed__wrapper\">\n<iframe loading=\"lazy\" title=\"#Entrevista| Adriana Micale nos cuenta sobre Remedios de Escalda\" width=\"500\" height=\"281\" src=\"https:\/\/www.youtube.com\/embed\/aD3wCz_eTMI?feature=oembed\" frameborder=\"0\" allow=\"accelerometer; autoplay; clipboard-write; encrypted-media; gyroscope; picture-in-picture; web-share\" referrerpolicy=\"strict-origin-when-cross-origin\" allowfullscreen><\/iframe>\n<\/div><\/figure>\n","protected":false},"excerpt":{"rendered":"<p>En este 17 de Agosto, la historia del General Jos\u00e9 de San Mart\u00edn puede ser contada desde otro lugar. No desde los campos de batalla, los cruces de los Andes o las p\u00e1ginas de los manuales escolares, sino desde los ojos de una joven que dej\u00f3 atr\u00e1s una vida de privilegios para acompa\u00f1ar a un &hellip;<\/p>\n","protected":false},"author":1,"featured_media":7092,"comment_status":"open","ping_status":"open","sticky":false,"template":"","format":"standard","meta":{"pagelayer_contact_templates":[],"_pagelayer_content":"","iawp_total_views":5,"footnotes":""},"categories":[4],"tags":[12727,44,181,303,1077,1672,12724,12734,2299,12725,3033,3034,12733,12729,12731,3265,3266,12723,3472,3600,3605,3612,3718,3719,12728,4059,4263,4269,12726,12732,12736,5117,5422,5423,5688,12730,12735],"class_list":["post-7091","post","type-post","status-publish","format-standard","has-post-thumbnail","hentry","category-actualidad-politica","tag-17-de-agosto","tag-44","tag-adriana-micale","tag-america","tag-charlas","tag-cuyo","tag-dia-de-san-martin","tag-ejercito-de-los-andes","tag-escalada","tag-general-san-martin","tag-historia","tag-historia-argentina","tag-historia-argentina-17-de-agosto","tag-historia-de-argentina","tag-historia-de-remedios-de-escalada","tag-independencia","tag-independencia-argentina","tag-jose-de-san-martin","tag-jota-posta","tag-la-historia-que-no-nos-contaron","tag-la-otra-historia","tag-la-princesa-palida","tag-libertador","tag-libertador-de-america","tag-libertador-general-san-martin","tag-mendoza","tag-mujer","tag-mujeres-de-la-historia","tag-mujeres-de-la-historia-argentina","tag-mujeres-en-la-independencia","tag-princesa-palida","tag-proceres-argentinos","tag-remedios-de-escalada","tag-remedios-escalda","tag-san-martin","tag-san-martin-y-remedios","tag-vida-de-san-martin"],"_links":{"self":[{"href":"https:\/\/jotaposta.com.ar\/jposta\/wp-json\/wp\/v2\/posts\/7091","targetHints":{"allow":["GET"]}}],"collection":[{"href":"https:\/\/jotaposta.com.ar\/jposta\/wp-json\/wp\/v2\/posts"}],"about":[{"href":"https:\/\/jotaposta.com.ar\/jposta\/wp-json\/wp\/v2\/types\/post"}],"author":[{"embeddable":true,"href":"https:\/\/jotaposta.com.ar\/jposta\/wp-json\/wp\/v2\/users\/1"}],"replies":[{"embeddable":true,"href":"https:\/\/jotaposta.com.ar\/jposta\/wp-json\/wp\/v2\/comments?post=7091"}],"version-history":[{"count":1,"href":"https:\/\/jotaposta.com.ar\/jposta\/wp-json\/wp\/v2\/posts\/7091\/revisions"}],"predecessor-version":[{"id":13987,"href":"https:\/\/jotaposta.com.ar\/jposta\/wp-json\/wp\/v2\/posts\/7091\/revisions\/13987"}],"wp:featuredmedia":[{"embeddable":true,"href":"https:\/\/jotaposta.com.ar\/jposta\/wp-json\/wp\/v2\/media\/7092"}],"wp:attachment":[{"href":"https:\/\/jotaposta.com.ar\/jposta\/wp-json\/wp\/v2\/media?parent=7091"}],"wp:term":[{"taxonomy":"category","embeddable":true,"href":"https:\/\/jotaposta.com.ar\/jposta\/wp-json\/wp\/v2\/categories?post=7091"},{"taxonomy":"post_tag","embeddable":true,"href":"https:\/\/jotaposta.com.ar\/jposta\/wp-json\/wp\/v2\/tags?post=7091"}],"curies":[{"name":"wp","href":"https:\/\/api.w.org\/{rel}","templated":true}]}}