{"id":7040,"date":"2020-08-12T18:36:13","date_gmt":"2020-08-12T21:36:13","guid":{"rendered":"https:\/\/www.jotaposta.com.ar\/?p=7040"},"modified":"2020-08-12T18:36:13","modified_gmt":"2020-08-12T21:36:13","slug":"desde-este-ano-sera-el-dia-de-las-infancias","status":"publish","type":"post","link":"https:\/\/jotaposta.com.ar\/jposta\/2020\/08\/12\/desde-este-ano-sera-el-dia-de-las-infancias\/","title":{"rendered":"Desde este a\u00f1o ser\u00e1 &quot;El D\u00eda de las Infancias&quot;"},"content":{"rendered":"\n<p class=\"wp-block-paragraph\"><strong>El Ministerio de Desarrollo Social de la Naci\u00f3n, a trav\u00e9s de la Secretar\u00eda Nacional de Ni\u00f1ez, Adolescencia y Familia (SENAF) busca, a trav\u00e9s de esta inicativa, posicionar el enfoque de derechos con perspectiva de g\u00e9neros y diversidad en la forma de representar a la diversidad de las vivencias de la ni\u00f1ez.<\/strong><\/p>\n\n\n\n<p class=\"wp-block-paragraph\"><em>\u201cProponemos dejar de decir \u00b4d\u00eda del ni\u00f1o\u00b4, porque queremos celebrar la diversidad de toda la ni\u00f1ez. Es muy importante que el estado acompa\u00f1e las transformaciones culturales que estamos viviendo e impulse cambios que colaboren en visibilizar inequidades, y favorezcan pr\u00e1cticas m\u00e1s inclusivas\u201d. <\/em>se\u00f1al\u00f3 el secretario Nacional de Ni\u00f1ez, Adolescencia y Familia, Gabriel Lerner.<\/p>\n\n\n\n<figure class=\"wp-block-embed-twitter wp-block-embed is-type-rich is-provider-twitter\"><div class=\"wp-block-embed__wrapper\">\n<blockquote class=\"twitter-tweet\" data-width=\"500\" data-dnt=\"true\"><p lang=\"es\" dir=\"ltr\">\ud83d\udde3\ufe0f\ud83c\udf99\ufe0f<a href=\"https:\/\/twitter.com\/lernergabriel?ref_src=twsrc%5Etfw\">@lernergabriel<\/a>  <a href=\"https:\/\/twitter.com\/hashtag\/Senaf?src=hash&amp;ref_src=twsrc%5Etfw\">#Senaf<\/a><br>&quot;Desde el Estado queremos nombrar una jornada en plural, que celebre a cada chica, chico, chique, gur\u00ed, changuito, mitai en guarani, we\u00f1i en mapudungun, y sus diversos modos de vivir esta etapa de la vida&quot;<\/p>&mdash; LV12RADIO (@LV12TUC) <a href=\"https:\/\/twitter.com\/LV12TUC\/status\/1293169328880320519?ref_src=twsrc%5Etfw\">August 11, 2020<\/a><\/blockquote><script async src=\"https:\/\/platform.twitter.com\/widgets.js\" charset=\"utf-8\"><\/script>\n<\/div><\/figure>\n\n\n\n<p class=\"wp-block-paragraph\">Por su parte, la secretaria de Articulaci\u00f3n de Pol\u00edtica\nSocial, Erika Roffler, asegur\u00f3 que \u201clas palabras que usamos para nombrarnos es\nla forma en que entendemos el mundo. El lenguaje, como convenci\u00f3n social y\npr\u00e1ctica cultural, muchas veces cristaliza y reproduce desigualdades, y para el\nMinisterio de Desarrollo Social es muy importante poder trabajar tambi\u00e9n desde\nla dimensi\u00f3n simb\u00f3lica para transformar la realidad\u201d<\/p>\n\n\n\n<p class=\"wp-block-paragraph\">El festejo tradicional por el \u2018D\u00eda del ni\u00f1o\u2019 se celebra en Argentina desde 1960 a partir de la recomendaci\u00f3n de la ONU para que cada naci\u00f3n destine un d\u00eda a promover el bienestar de ni\u00f1as y ni\u00f1os con actividades sociales y culturales. La celebraci\u00f3n es de gran valor en el \u00e1mbito social y comunitario a lo largo y ancho del pa\u00eds, como una jornada donde ni\u00f1as y ni\u00f1os son protagonistas y donde el juego y la recreaci\u00f3n son tambi\u00e9n espacios de reflexi\u00f3n y ejercicio de sus derechos.<\/p>\n\n\n\n<figure class=\"wp-block-image\"><img decoding=\"async\" src=\"https:\/\/www.jotaposta.com.ar\/wp-content\/uploads\/2020\/08\/ni\u00f1es2-1024x768.jpg\" alt=\"\" class=\"wp-image-7041\"\/><\/figure>\n\n\n\n<p class=\"wp-block-paragraph\">La iniciativa propone abandonar la noci\u00f3n androc\u00e9ntrica de \u201cni\u00f1o\u201d como sujeto universal y homog\u00e9neo. <em>\u201cDecir ni\u00f1o no alcanza para representar las experiencias heterog\u00e9neas y m\u00faltiples de la ni\u00f1ez. Desde el Estado queremos nombrar una jornada en plural, que celebre a cada chica, chico, chique, gur\u00ed, changuito, mitai en guarani, we\u00f1i en mapudungun, y sus diversos modos de vivir esta etapa de la vida\u201d,<\/em> dijo Lerner.<\/p>\n\n\n\n<p class=\"wp-block-paragraph\">Vera, una adolescente de 15 a\u00f1os, dijo ante la iniciativa: <em>&#8220;Me gusta que se haya cambiado el nombre a infancias, porque cuando yo era chica no me sent\u00eda representada por el d\u00eda del ni\u00f1o. Yo me preguntaba \u00bfy de las ni\u00f1as?&#8221;<\/em><\/p>\n\n\n\n<figure class=\"wp-block-image\"><img decoding=\"async\" src=\"https:\/\/www.jotaposta.com.ar\/wp-content\/uploads\/2020\/08\/ni\u00f1es3-1024x683.jpg\" alt=\"\" class=\"wp-image-7042\"\/><\/figure>\n\n\n\n<p class=\"wp-block-paragraph\">Fue con el desaf\u00edo de visibilizar las transformaciones\nproducidas en los \u00faltimos a\u00f1os en el plano social, cultural y normativo, y con\nla premisa de que para desnaturalizar inequidades tambi\u00e9n es necesario trabajar\nen el plano de lo simb\u00f3lico, la iniciativa de la SENAF fue impulsada tambi\u00e9n\npor la Jefatura de Gabinete de Ministros, quien invit\u00f3 a todos los organismos\np\u00fablicos nacionales a renombrar esta jornada como \u2018D\u00eda de las Infancias\u2019.<\/p>\n\n\n\n<p class=\"wp-block-paragraph\">La propuesta, comunicada a su vez a las \u00e1reas de ni\u00f1ez\nprovinciales y en di\u00e1logo con diversas organizaciones de infancia, fue muy bien\nrecibida y se recibieron adhesiones de diversas provincias que celebrar\u00e1n este\na\u00f1o el d\u00eda de las infancias.<\/p>\n","protected":false},"excerpt":{"rendered":"<p>El Ministerio de Desarrollo Social de la Naci\u00f3n, a trav\u00e9s de la Secretar\u00eda Nacional de Ni\u00f1ez, Adolescencia y Familia (SENAF) busca, a trav\u00e9s de esta inicativa, posicionar el enfoque de derechos con perspectiva de g\u00e9neros y diversidad en la forma de representar a la diversidad de las vivencias de la ni\u00f1ez. \u201cProponemos dejar de decir &hellip;<\/p>\n","protected":false},"author":1,"featured_media":7043,"comment_status":"open","ping_status":"open","sticky":false,"template":"","format":"standard","meta":{"pagelayer_contact_templates":[],"_pagelayer_content":"","iawp_total_views":6,"footnotes":""},"categories":[18],"tags":[],"class_list":["post-7040","post","type-post","status-publish","format-standard","has-post-thumbnail","hentry","category-integrados"],"_links":{"self":[{"href":"https:\/\/jotaposta.com.ar\/jposta\/wp-json\/wp\/v2\/posts\/7040","targetHints":{"allow":["GET"]}}],"collection":[{"href":"https:\/\/jotaposta.com.ar\/jposta\/wp-json\/wp\/v2\/posts"}],"about":[{"href":"https:\/\/jotaposta.com.ar\/jposta\/wp-json\/wp\/v2\/types\/post"}],"author":[{"embeddable":true,"href":"https:\/\/jotaposta.com.ar\/jposta\/wp-json\/wp\/v2\/users\/1"}],"replies":[{"embeddable":true,"href":"https:\/\/jotaposta.com.ar\/jposta\/wp-json\/wp\/v2\/comments?post=7040"}],"version-history":[{"count":0,"href":"https:\/\/jotaposta.com.ar\/jposta\/wp-json\/wp\/v2\/posts\/7040\/revisions"}],"wp:featuredmedia":[{"embeddable":true,"href":"https:\/\/jotaposta.com.ar\/jposta\/wp-json\/wp\/v2\/media\/7043"}],"wp:attachment":[{"href":"https:\/\/jotaposta.com.ar\/jposta\/wp-json\/wp\/v2\/media?parent=7040"}],"wp:term":[{"taxonomy":"category","embeddable":true,"href":"https:\/\/jotaposta.com.ar\/jposta\/wp-json\/wp\/v2\/categories?post=7040"},{"taxonomy":"post_tag","embeddable":true,"href":"https:\/\/jotaposta.com.ar\/jposta\/wp-json\/wp\/v2\/tags?post=7040"}],"curies":[{"name":"wp","href":"https:\/\/api.w.org\/{rel}","templated":true}]}}